{"id":457387,"date":"2022-11-30T17:08:15","date_gmt":"2022-11-30T23:08:15","guid":{"rendered":"https:\/\/www.zunoticia.com\/noticias-de-hidalgo\/?p=457387"},"modified":"2022-11-30T17:08:16","modified_gmt":"2022-11-30T23:08:16","slug":"el-nuevo-director-general-del-ihea-visito-la-huasteca","status":"publish","type":"post","link":"https:\/\/www.zunoticia.com\/noticias-de-hidalgo\/2022\/11\/30\/el-nuevo-director-general-del-ihea-visito-la-huasteca\/","title":{"rendered":"El nuevo director general del IHEA visit\u00f3 la huasteca"},"content":{"rendered":"<aside class=\"mashsb-container mashsb-main mashsb-stretched\"><div class=\"mashsb-box\"><div class=\"mashsb-count mash-large\" style=\"float:left\"><div class=\"counts mashsbcount\">15<\/div><span class=\"mashsb-sharetext\">SHARES<\/span><\/div><div class=\"mashsb-buttons\"><a class=\"mashicon-facebook mash-large mash-center mashsb-noshadow\" href=\"https:\/\/www.facebook.com\/sharer.php?u=https%3A%2F%2Fwww.zunoticia.com%2Fnoticias-de-hidalgo%2F2022%2F11%2F30%2Fel-nuevo-director-general-del-ihea-visito-la-huasteca%2F\" target=\"_top\" rel=\"nofollow\"><span class=\"icon\"><\/span><span class=\"text\">Share<\/span><\/a><a class=\"mashicon-twitter mash-large mash-center mashsb-noshadow\" href=\"https:\/\/twitter.com\/intent\/tweet?text=&amp;url=https:\/\/www.zunoticia.com\/noticias-de-hidalgo\/2022\/11\/30\/el-nuevo-director-general-del-ihea-visito-la-huasteca\/\" target=\"_top\" rel=\"nofollow\"><span class=\"icon\"><\/span><span class=\"text\">Tweet<\/span><\/a><div class=\"onoffswitch2 mash-large mashsb-noshadow\" style=\"display:none\"><\/div><\/div>\n            <\/div>\n                <div style=\"clear:both\"><\/div><div class=\"mashsb-toggle-container\"><\/div><\/aside>\n            <!-- Share buttons by mashshare.net - Version: 4.0.47-->\n<p><em>Por Salvador Altamirano\/Zunoticia<\/em><\/p>\n\n\n\n<p><strong>Huejutla, Hgo. &#8211;<\/strong> Entrevistado ayer durante su gira de trabajo por la regi\u00f3n, el nuevo director general del Instituto Hidalguense de la Educaci\u00f3n para Adultos (IHEA), Pedro Porras P\u00e9rez, especific\u00f3 que la finalidad de su visita es en primer t\u00e9rmino para conocer a los compa\u00f1eros y compa\u00f1eras que trabajan en esta coordinaci\u00f3n, principalmente a los de campo que son los t\u00e9cnicos docentes, asesores y aplicadores.<\/p>\n\n\n\n<p>En segundo -agreg\u00f3-, para hacer un compromiso consistente en que les vamos a dar acompa\u00f1amiento, ya que algunos de distintas zonas se han quejado que a veces se sienten solos, pues aqu\u00ed trabajamos sobre metas que nos da el Instituto Nacional de Educaci\u00f3n para Adultos (INEA).<\/p>\n\n\n\n<p>Manifest\u00f3 que se les dan n\u00fameros, pero a veces desde la oficina, desde el escritorio, \u201caunque las metas no las podemos bajar, pero si les damos un buen acompa\u00f1amiento se pueden alcanzar, sino al 100 % llegar apegado al porcentaje que nos marca el INEA\u201d.<\/p>\n\n\n\n<p>Reconoci\u00f3 que el Instituto de Educaci\u00f3n para Adultos hace una labor muy noble, ya que llega con la gente que menos tiene, la m\u00e1s olvidada, quienes por una u otra raz\u00f3n no han podido terminar alg\u00fan nivel de estudio, ya sea primaria o secundaria, y hoy en el estado se est\u00e1 brindando preparatoria abierta.<\/p>\n\n\n\n<p>Para finalizar, Porras P\u00e9rez enfatiz\u00f3 que al quejarse los compa\u00f1eros que a veces se sienten solos tienen raz\u00f3n, ya que trabajar con gente adulta no es f\u00e1cil, quienes generalmente refieren &#8220;yo para qu\u00e9 estudio&#8221;, &#8220;ya no me sirve&#8221;, pero hoy la motivaci\u00f3n que se les est\u00e1 dando es que pueden ser ejemplo para sus hijos, nietos y bisnietos, pas\u00e1ndoles videos que personas de 80 a\u00f1os est\u00e1n recibiendo t\u00edtulos universitarios, porque nunca hay edad para dejar de aprender.<\/p>\n","protected":false},"excerpt":{"rendered":"<p>Por Salvador Altamirano\/Zunoticia Huejutla, Hgo. &#8211; Entrevistado ayer durante su gira de trabajo por la regi\u00f3n, el nuevo director general del Instituto Hidalguense de la Educaci\u00f3n para Adultos (IHEA), Pedro Porras P\u00e9rez, especific\u00f3 que la finalidad de su visita es en primer t\u00e9rmino para conocer a los compa\u00f1eros y compa\u00f1eras que trabajan en esta coordinaci\u00f3n,&hellip; <a class=\"more-link\" href=\"https:\/\/www.zunoticia.com\/noticias-de-hidalgo\/2022\/11\/30\/el-nuevo-director-general-del-ihea-visito-la-huasteca\/\">Seguir leyendo <span class=\"screen-reader-text\">El nuevo director general del IHEA visit\u00f3 la huasteca<\/span><\/a><\/p>\n","protected":false},"author":12,"featured_media":457388,"comment_status":"closed","ping_status":"open","sticky":false,"template":"","format":"standard","meta":{"rop_custom_images_group":[],"rop_custom_messages_group":[],"rop_publish_now":"initial","rop_publish_now_accounts":{"facebook_10159540855086992_322828327761733":""},"rop_publish_now_history":[],"rop_publish_now_status":"pending","footnotes":""},"categories":[181],"tags":[121],"class_list":["post-457387","post","type-post","status-publish","format-standard","has-post-thumbnail","hentry","category-huejutla","tag-huejutla","entry"],"_links":{"self":[{"href":"https:\/\/www.zunoticia.com\/noticias-de-hidalgo\/wp-json\/wp\/v2\/posts\/457387","targetHints":{"allow":["GET"]}}],"collection":[{"href":"https:\/\/www.zunoticia.com\/noticias-de-hidalgo\/wp-json\/wp\/v2\/posts"}],"about":[{"href":"https:\/\/www.zunoticia.com\/noticias-de-hidalgo\/wp-json\/wp\/v2\/types\/post"}],"author":[{"embeddable":true,"href":"https:\/\/www.zunoticia.com\/noticias-de-hidalgo\/wp-json\/wp\/v2\/users\/12"}],"replies":[{"embeddable":true,"href":"https:\/\/www.zunoticia.com\/noticias-de-hidalgo\/wp-json\/wp\/v2\/comments?post=457387"}],"version-history":[{"count":1,"href":"https:\/\/www.zunoticia.com\/noticias-de-hidalgo\/wp-json\/wp\/v2\/posts\/457387\/revisions"}],"predecessor-version":[{"id":457389,"href":"https:\/\/www.zunoticia.com\/noticias-de-hidalgo\/wp-json\/wp\/v2\/posts\/457387\/revisions\/457389"}],"wp:featuredmedia":[{"embeddable":true,"href":"https:\/\/www.zunoticia.com\/noticias-de-hidalgo\/wp-json\/wp\/v2\/media\/457388"}],"wp:attachment":[{"href":"https:\/\/www.zunoticia.com\/noticias-de-hidalgo\/wp-json\/wp\/v2\/media?parent=457387"}],"wp:term":[{"taxonomy":"category","embeddable":true,"href":"https:\/\/www.zunoticia.com\/noticias-de-hidalgo\/wp-json\/wp\/v2\/categories?post=457387"},{"taxonomy":"post_tag","embeddable":true,"href":"https:\/\/www.zunoticia.com\/noticias-de-hidalgo\/wp-json\/wp\/v2\/tags?post=457387"}],"curies":[{"name":"wp","href":"https:\/\/api.w.org\/{rel}","templated":true}]}}