{"id":457396,"date":"2022-11-30T17:33:14","date_gmt":"2022-11-30T23:33:14","guid":{"rendered":"https:\/\/www.zunoticia.com\/noticias-de-hidalgo\/?p=457396"},"modified":"2022-11-30T17:33:16","modified_gmt":"2022-11-30T23:33:16","slug":"invitan-a-participar-en-jornada-de-actas-interestatales-y-foraneas","status":"publish","type":"post","link":"https:\/\/www.zunoticia.com\/noticias-de-hidalgo\/2022\/11\/30\/invitan-a-participar-en-jornada-de-actas-interestatales-y-foraneas\/","title":{"rendered":"Invitan a participar en Jornada de actas interestatales y for\u00e1neas"},"content":{"rendered":"<aside class=\"mashsb-container mashsb-main mashsb-stretched\"><div class=\"mashsb-box\"><div class=\"mashsb-count mash-large\" style=\"float:left\"><div class=\"counts mashsbcount\">4<\/div><span class=\"mashsb-sharetext\">SHARES<\/span><\/div><div class=\"mashsb-buttons\"><a class=\"mashicon-facebook mash-large mash-center mashsb-noshadow\" href=\"https:\/\/www.facebook.com\/sharer.php?u=https%3A%2F%2Fwww.zunoticia.com%2Fnoticias-de-hidalgo%2F2022%2F11%2F30%2Finvitan-a-participar-en-jornada-de-actas-interestatales-y-foraneas%2F\" target=\"_top\" rel=\"nofollow\"><span class=\"icon\"><\/span><span class=\"text\">Share<\/span><\/a><a class=\"mashicon-twitter mash-large mash-center mashsb-noshadow\" href=\"https:\/\/twitter.com\/intent\/tweet?text=&amp;url=https:\/\/www.zunoticia.com\/noticias-de-hidalgo\/2022\/11\/30\/invitan-a-participar-en-jornada-de-actas-interestatales-y-foraneas\/\" target=\"_top\" rel=\"nofollow\"><span class=\"icon\"><\/span><span class=\"text\">Tweet<\/span><\/a><div class=\"onoffswitch2 mash-large mashsb-noshadow\" style=\"display:none\"><\/div><\/div>\n            <\/div>\n                <div style=\"clear:both\"><\/div><div class=\"mashsb-toggle-container\"><\/div><\/aside>\n            <!-- Share buttons by mashshare.net - Version: 4.0.47-->\n<p><em>Por Pedro Luciano\/Zunoticia<\/em><\/p>\n\n\n\n<p><strong>Tlanchinol, Hgo. &#8211;<\/strong> \u201cSe llevar\u00e1 a cabo una jornada de expedici\u00f3n de actas de nacimiento interestatales y for\u00e1neas, la cual beneficiar\u00e1 en gran medida a la poblaci\u00f3n en general que no cuenta con su acta de nacimiento, por haber nacido en otros lugares y se vean en la imperiosa necesidad de viajar para poder tramitarla; as\u00ed como tambi\u00e9n la realizaci\u00f3n de otros tr\u00e1mites del gobierno del estado\u201d, afirm\u00f3 personal del \u00e1rea de Registro de lo civil y familiar del municipio de Tlanchinol, Hidalgo.<\/p>\n\n\n\n<p>Afirm\u00f3 la Licenciada Yozahndy Guillermo Medina, Oficial del Registro del Estado Familiar del municipio de Tlanchinol, que en esta jornada uno de los principales beneficios que podr\u00e1 percibir la ciudadan\u00eda es la cercan\u00eda del servicio al no tener que viajar a otras entidades federativas para tramitar un acta de nacimiento, la cual adquiere importancia considerable tomando en cuenta que es un documento intr\u00ednseco para poder gestionar diversos tr\u00e1mites.<\/p>\n\n\n\n<p>De igual forma comparti\u00f3 la titular, que se podr\u00e1n tramitar aparte de las actas de nacimiento, actas de matrimonio, de defunci\u00f3n y actas de divorcio de personas originarias de otros municipios o entidades federativas; as\u00ed como tambi\u00e9n impresi\u00f3n de la correspondiente CURP, pagos de tr\u00e1mites que se realizan ante gobierno del estado mediante el formato F7 y recibir asesoramiento sobre programas de apoyos del gobierno estatal.<\/p>\n\n\n\n<p>Concluy\u00f3 haciendo la extensa invitaci\u00f3n a la poblaci\u00f3n a participar, en horario de atenci\u00f3n de 09:00 a 16:30 horas del d\u00eda, frente a la presidencia municipal.<\/p>\n","protected":false},"excerpt":{"rendered":"<p>Por Pedro Luciano\/Zunoticia Tlanchinol, Hgo. &#8211; \u201cSe llevar\u00e1 a cabo una jornada de expedici\u00f3n de actas de nacimiento interestatales y for\u00e1neas, la cual beneficiar\u00e1 en gran medida a la poblaci\u00f3n en general que no cuenta con su acta de nacimiento, por haber nacido en otros lugares y se vean en la imperiosa necesidad de viajar&hellip; <a class=\"more-link\" href=\"https:\/\/www.zunoticia.com\/noticias-de-hidalgo\/2022\/11\/30\/invitan-a-participar-en-jornada-de-actas-interestatales-y-foraneas\/\">Seguir leyendo <span class=\"screen-reader-text\">Invitan a participar en Jornada de actas interestatales y for\u00e1neas<\/span><\/a><\/p>\n","protected":false},"author":12,"featured_media":457397,"comment_status":"closed","ping_status":"open","sticky":false,"template":"","format":"standard","meta":{"rop_custom_images_group":[],"rop_custom_messages_group":[],"rop_publish_now":"initial","rop_publish_now_accounts":{"facebook_10159540855086992_322828327761733":""},"rop_publish_now_history":[],"rop_publish_now_status":"pending","footnotes":""},"categories":[219,201],"tags":[127],"class_list":["post-457396","post","type-post","status-publish","format-standard","has-post-thumbnail","hentry","category-sierra","category-tlanchinol","tag-tlanchinol","entry"],"_links":{"self":[{"href":"https:\/\/www.zunoticia.com\/noticias-de-hidalgo\/wp-json\/wp\/v2\/posts\/457396","targetHints":{"allow":["GET"]}}],"collection":[{"href":"https:\/\/www.zunoticia.com\/noticias-de-hidalgo\/wp-json\/wp\/v2\/posts"}],"about":[{"href":"https:\/\/www.zunoticia.com\/noticias-de-hidalgo\/wp-json\/wp\/v2\/types\/post"}],"author":[{"embeddable":true,"href":"https:\/\/www.zunoticia.com\/noticias-de-hidalgo\/wp-json\/wp\/v2\/users\/12"}],"replies":[{"embeddable":true,"href":"https:\/\/www.zunoticia.com\/noticias-de-hidalgo\/wp-json\/wp\/v2\/comments?post=457396"}],"version-history":[{"count":1,"href":"https:\/\/www.zunoticia.com\/noticias-de-hidalgo\/wp-json\/wp\/v2\/posts\/457396\/revisions"}],"predecessor-version":[{"id":457398,"href":"https:\/\/www.zunoticia.com\/noticias-de-hidalgo\/wp-json\/wp\/v2\/posts\/457396\/revisions\/457398"}],"wp:featuredmedia":[{"embeddable":true,"href":"https:\/\/www.zunoticia.com\/noticias-de-hidalgo\/wp-json\/wp\/v2\/media\/457397"}],"wp:attachment":[{"href":"https:\/\/www.zunoticia.com\/noticias-de-hidalgo\/wp-json\/wp\/v2\/media?parent=457396"}],"wp:term":[{"taxonomy":"category","embeddable":true,"href":"https:\/\/www.zunoticia.com\/noticias-de-hidalgo\/wp-json\/wp\/v2\/categories?post=457396"},{"taxonomy":"post_tag","embeddable":true,"href":"https:\/\/www.zunoticia.com\/noticias-de-hidalgo\/wp-json\/wp\/v2\/tags?post=457396"}],"curies":[{"name":"wp","href":"https:\/\/api.w.org\/{rel}","templated":true}]}}