{"id":457402,"date":"2022-11-30T17:40:44","date_gmt":"2022-11-30T23:40:44","guid":{"rendered":"https:\/\/www.zunoticia.com\/noticias-de-hidalgo\/?p=457402"},"modified":"2022-11-30T17:40:46","modified_gmt":"2022-11-30T23:40:46","slug":"inaugura-edda-vite-albergue-para-la-ninez-y-adolescencia-migrante","status":"publish","type":"post","link":"https:\/\/www.zunoticia.com\/noticias-de-hidalgo\/2022\/11\/30\/inaugura-edda-vite-albergue-para-la-ninez-y-adolescencia-migrante\/","title":{"rendered":"Inaugura Edda Vite \u201cAlbergue para la Ni\u00f1ez y Adolescencia Migrante\u201d&nbsp;"},"content":{"rendered":"<aside class=\"mashsb-container mashsb-main mashsb-stretched\"><div class=\"mashsb-box\"><div class=\"mashsb-count mash-large\" style=\"float:left\"><div class=\"counts mashsbcount\">21<\/div><span class=\"mashsb-sharetext\">SHARES<\/span><\/div><div class=\"mashsb-buttons\"><a class=\"mashicon-facebook mash-large mash-center mashsb-noshadow\" href=\"https:\/\/www.facebook.com\/sharer.php?u=https%3A%2F%2Fwww.zunoticia.com%2Fnoticias-de-hidalgo%2F2022%2F11%2F30%2Finaugura-edda-vite-albergue-para-la-ninez-y-adolescencia-migrante%2F\" target=\"_top\" rel=\"nofollow\"><span class=\"icon\"><\/span><span class=\"text\">Share<\/span><\/a><a class=\"mashicon-twitter mash-large mash-center mashsb-noshadow\" href=\"https:\/\/twitter.com\/intent\/tweet?text=&amp;url=https:\/\/www.zunoticia.com\/noticias-de-hidalgo\/2022\/11\/30\/inaugura-edda-vite-albergue-para-la-ninez-y-adolescencia-migrante\/\" target=\"_top\" rel=\"nofollow\"><span class=\"icon\"><\/span><span class=\"text\">Tweet<\/span><\/a><div class=\"onoffswitch2 mash-large mashsb-noshadow\" style=\"display:none\"><\/div><\/div>\n            <\/div>\n                <div style=\"clear:both\"><\/div><div class=\"mashsb-toggle-container\"><\/div><\/aside>\n            <!-- Share buttons by mashshare.net - Version: 4.0.47-->\n<ul class=\"wp-block-list\"><li>Tiene capacidad para 60 personas, con atenci\u00f3n prioritaria para ni\u00f1as, ni\u00f1os y adolescentes migrantes.<\/li><li>La presidenta del Patronato del DIFH asegur\u00f3 que la poblaci\u00f3n migrante en el organismo a un aliado para defender sus derechos humanos.<\/li><\/ul>\n\n\n\n<p><em>Por Redacci\u00f3n\/Zunoticia<\/em><\/p>\n\n\n\n<p><strong>Pachuca de Soto, Hgo. &#8211; <\/strong>Como parte del proyecto de \u201cFortalecimiento para la atenci\u00f3n de ni\u00f1as, ni\u00f1os y adolescentes migrantes\u201d en Pachuca Edda Vite, presidenta del Sistema DIF Hidalgo y Ra\u00fal Yassin Jim\u00e9nez, director general de la Coordinaci\u00f3n y Fomento a Pol\u00edticas para la Infancia, Familias y Poblaci\u00f3n en Situaci\u00f3n de Vulnerabilidad del Sistema Nacional DIF; inauguraron el Albergue para la Ni\u00f1ez y Adolescencia Migrante Acompa\u00f1ada y No Acompa\u00f1ada.<\/p>\n\n\n\n<p>Durante su intervenci\u00f3n Edda Vite refrend\u00f3 el compromiso del Sistema DIFH para salvaguardar la integridad de las y los migrantes que transiten el estado en su b\u00fasqueda de oportunidades.<\/p>\n\n\n\n<figure class=\"wp-block-image size-full\"><img fetchpriority=\"high\" decoding=\"async\" width=\"1024\" height=\"682\" src=\"https:\/\/www.zunoticia.com\/noticias-de-hidalgo\/wp-content\/uploads\/2022\/11\/WhatsApp-Image-2022-11-30-at-5.37.10-PM-4.jpeg\" alt=\"\" class=\"wp-image-457405\" srcset=\"https:\/\/www.zunoticia.com\/noticias-de-hidalgo\/wp-content\/uploads\/2022\/11\/WhatsApp-Image-2022-11-30-at-5.37.10-PM-4.jpeg 1024w, https:\/\/www.zunoticia.com\/noticias-de-hidalgo\/wp-content\/uploads\/2022\/11\/WhatsApp-Image-2022-11-30-at-5.37.10-PM-4-300x200.jpeg 300w, https:\/\/www.zunoticia.com\/noticias-de-hidalgo\/wp-content\/uploads\/2022\/11\/WhatsApp-Image-2022-11-30-at-5.37.10-PM-4-768x512.jpeg 768w\" sizes=\"(max-width: 1024px) 100vw, 1024px\" \/><\/figure>\n\n\n\n<p>Subray\u00f3 que el albergue atender\u00e1 a ni\u00f1as, ni\u00f1os y j\u00f3venes en las modalidades \u201cacompa\u00f1ada y no acompa\u00f1ada\u201d, con el fin de proteger el inter\u00e9s superior de la ni\u00f1ez como respuesta a un fen\u00f3meno multidimensional donde se ven implicadas las infancias.<\/p>\n\n\n\n<p>\u201cNos comprometemos a ofrecer tratos dignos, humanitarios y libres de discriminaci\u00f3n en su alojamiento temporal en las instalaciones de este albergue. Al final de cuentas todos somos seres humanos y vivimos en un solo planeta. Los ni\u00f1os no dejan de ser ni\u00f1os nazcan donde nazcan. Son ni\u00f1os, son j\u00f3venes vulnerables y tenemos que darles todo el apoyo\u201d, expres\u00f3 Edda Vite.<\/p>\n\n\n\n<figure class=\"wp-block-image size-full\"><img decoding=\"async\" width=\"1024\" height=\"682\" src=\"https:\/\/www.zunoticia.com\/noticias-de-hidalgo\/wp-content\/uploads\/2022\/11\/WhatsApp-Image-2022-11-30-at-5.37.10-PM.jpeg\" alt=\"\" class=\"wp-image-457404\" srcset=\"https:\/\/www.zunoticia.com\/noticias-de-hidalgo\/wp-content\/uploads\/2022\/11\/WhatsApp-Image-2022-11-30-at-5.37.10-PM.jpeg 1024w, https:\/\/www.zunoticia.com\/noticias-de-hidalgo\/wp-content\/uploads\/2022\/11\/WhatsApp-Image-2022-11-30-at-5.37.10-PM-300x200.jpeg 300w, https:\/\/www.zunoticia.com\/noticias-de-hidalgo\/wp-content\/uploads\/2022\/11\/WhatsApp-Image-2022-11-30-at-5.37.10-PM-768x512.jpeg 768w\" sizes=\"(max-width: 1024px) 100vw, 1024px\" \/><\/figure>\n\n\n\n<p>El albergue se encuentra habilitado y en operaci\u00f3n para brindar hospedaje, alimentaci\u00f3n, acompa\u00f1amiento psicol\u00f3gico, apoyo m\u00e9dico y servicios b\u00e1sicos por tiempo indefinido.<\/p>\n\n\n\n<p>El inmueble ubicado en el 316 de la calle Abasolo perteneciente a la colonia Centro de Pachuca fue rehabilitado con una inversi\u00f3n de 16 millones de pesos y tiene capacidad para albergar a 60 personas cuya \u00fanica normativa para solicitar asilo es ser migrante teniendo como poblaci\u00f3n objetivo a ni\u00f1as, ni\u00f1os y j\u00f3venes que sean canalizados por medio de la Procuradur\u00eda de Protecci\u00f3n a Ni\u00f1as, Ni\u00f1os, Adolescentes y la Familia.<\/p>\n\n\n\n<p>La presidenta del Patronato del Sistema DIFH, asegur\u00f3 que este modelo de atenci\u00f3n se encuentra alineado con las acciones del Gobierno de M\u00e9xico y se realizar\u00e1n estudios para replicarlo en \u00e1reas geogr\u00e1ficas del estado con mayor flujo de migraci\u00f3n.<\/p>\n\n\n\n<figure class=\"wp-block-gallery has-nested-images columns-default is-cropped wp-block-gallery-1 is-layout-flex wp-block-gallery-is-layout-flex\">\n<figure class=\"wp-block-image size-large\"><img decoding=\"async\" width=\"1024\" height=\"682\" data-id=\"457406\" src=\"https:\/\/www.zunoticia.com\/noticias-de-hidalgo\/wp-content\/uploads\/2022\/11\/WhatsApp-Image-2022-11-30-at-5.37.10-PM-2.jpeg\" alt=\"\" class=\"wp-image-457406\" srcset=\"https:\/\/www.zunoticia.com\/noticias-de-hidalgo\/wp-content\/uploads\/2022\/11\/WhatsApp-Image-2022-11-30-at-5.37.10-PM-2.jpeg 1024w, https:\/\/www.zunoticia.com\/noticias-de-hidalgo\/wp-content\/uploads\/2022\/11\/WhatsApp-Image-2022-11-30-at-5.37.10-PM-2-300x200.jpeg 300w, https:\/\/www.zunoticia.com\/noticias-de-hidalgo\/wp-content\/uploads\/2022\/11\/WhatsApp-Image-2022-11-30-at-5.37.10-PM-2-768x512.jpeg 768w\" sizes=\"(max-width: 1024px) 100vw, 1024px\" \/><\/figure>\n\n\n\n<figure class=\"wp-block-image size-large\"><img loading=\"lazy\" decoding=\"async\" width=\"1024\" height=\"682\" data-id=\"457407\" src=\"https:\/\/www.zunoticia.com\/noticias-de-hidalgo\/wp-content\/uploads\/2022\/11\/WhatsApp-Image-2022-11-30-at-5.37.10-PM-1.jpeg\" alt=\"\" class=\"wp-image-457407\" srcset=\"https:\/\/www.zunoticia.com\/noticias-de-hidalgo\/wp-content\/uploads\/2022\/11\/WhatsApp-Image-2022-11-30-at-5.37.10-PM-1.jpeg 1024w, https:\/\/www.zunoticia.com\/noticias-de-hidalgo\/wp-content\/uploads\/2022\/11\/WhatsApp-Image-2022-11-30-at-5.37.10-PM-1-300x200.jpeg 300w, https:\/\/www.zunoticia.com\/noticias-de-hidalgo\/wp-content\/uploads\/2022\/11\/WhatsApp-Image-2022-11-30-at-5.37.10-PM-1-768x512.jpeg 768w\" sizes=\"(max-width: 1024px) 100vw, 1024px\" \/><\/figure>\n<\/figure>\n\n\n\n<p>Acompa\u00f1aron a Edda Vite: Javier Rodr\u00edguez, director general del DIFH; Celia Chavar\u00edn y Oralia Vega, directora general de Asistencia Social y coordinadora de la Junta General de Asistencia, respectivamente; Laura Karina Ram\u00edrez, procuradora de Protecci\u00f3n a Ni\u00f1as, Ni\u00f1os, Adolescentes y la Familia y Yolanda Ferrera, directora general de Planeaci\u00f3n, Desarrollo y Finanzas; as\u00ed como Omar Beltr\u00e1n, encargado del Despacho de la Oficina de Representaci\u00f3n en Hidalgo del Instituto Nacional de Migraci\u00f3n (INM), asistieron a la inauguraci\u00f3n<\/p>\n\n\n\n<p>De acuerdo con el Bolet\u00edn Mensual de Estad\u00edsticas Migratorias 2022 elaborado por el Gobierno de M\u00e9xico, en Hidalgo existen 995 casos de personas en situaci\u00f3n migratoria irregular; 25 corresponden a ni\u00f1as y ni\u00f1os de 0 a 11 a\u00f1os de edad y 55 refieren a j\u00f3venes de entre 12 y 17 a\u00f1os; 43 de forma no acompa\u00f1ada y 37 son acompa\u00f1ados por familiares mayores de edad.<\/p>\n","protected":false},"excerpt":{"rendered":"<p>Tiene capacidad para 60 personas, con atenci\u00f3n prioritaria para ni\u00f1as, ni\u00f1os y adolescentes migrantes. La presidenta del Patronato del DIFH asegur\u00f3 que la poblaci\u00f3n migrante en el organismo a un aliado para defender sus derechos humanos. Por Redacci\u00f3n\/Zunoticia Pachuca de Soto, Hgo. &#8211; Como parte del proyecto de \u201cFortalecimiento para la atenci\u00f3n de ni\u00f1as, ni\u00f1os&hellip; <a class=\"more-link\" href=\"https:\/\/www.zunoticia.com\/noticias-de-hidalgo\/2022\/11\/30\/inaugura-edda-vite-albergue-para-la-ninez-y-adolescencia-migrante\/\">Seguir leyendo <span class=\"screen-reader-text\">Inaugura Edda Vite \u201cAlbergue para la Ni\u00f1ez y Adolescencia Migrante\u201d&nbsp;<\/span><\/a><\/p>\n","protected":false},"author":12,"featured_media":457403,"comment_status":"closed","ping_status":"open","sticky":false,"template":"","format":"standard","meta":{"rop_custom_images_group":[],"rop_custom_messages_group":[],"rop_publish_now":"initial","rop_publish_now_accounts":{"facebook_10159540855086992_322828327761733":""},"rop_publish_now_history":[],"rop_publish_now_status":"pending","footnotes":""},"categories":[208],"tags":[214],"class_list":["post-457402","post","type-post","status-publish","format-standard","has-post-thumbnail","hentry","category-estado","tag-estado","entry"],"_links":{"self":[{"href":"https:\/\/www.zunoticia.com\/noticias-de-hidalgo\/wp-json\/wp\/v2\/posts\/457402","targetHints":{"allow":["GET"]}}],"collection":[{"href":"https:\/\/www.zunoticia.com\/noticias-de-hidalgo\/wp-json\/wp\/v2\/posts"}],"about":[{"href":"https:\/\/www.zunoticia.com\/noticias-de-hidalgo\/wp-json\/wp\/v2\/types\/post"}],"author":[{"embeddable":true,"href":"https:\/\/www.zunoticia.com\/noticias-de-hidalgo\/wp-json\/wp\/v2\/users\/12"}],"replies":[{"embeddable":true,"href":"https:\/\/www.zunoticia.com\/noticias-de-hidalgo\/wp-json\/wp\/v2\/comments?post=457402"}],"version-history":[{"count":1,"href":"https:\/\/www.zunoticia.com\/noticias-de-hidalgo\/wp-json\/wp\/v2\/posts\/457402\/revisions"}],"predecessor-version":[{"id":457408,"href":"https:\/\/www.zunoticia.com\/noticias-de-hidalgo\/wp-json\/wp\/v2\/posts\/457402\/revisions\/457408"}],"wp:featuredmedia":[{"embeddable":true,"href":"https:\/\/www.zunoticia.com\/noticias-de-hidalgo\/wp-json\/wp\/v2\/media\/457403"}],"wp:attachment":[{"href":"https:\/\/www.zunoticia.com\/noticias-de-hidalgo\/wp-json\/wp\/v2\/media?parent=457402"}],"wp:term":[{"taxonomy":"category","embeddable":true,"href":"https:\/\/www.zunoticia.com\/noticias-de-hidalgo\/wp-json\/wp\/v2\/categories?post=457402"},{"taxonomy":"post_tag","embeddable":true,"href":"https:\/\/www.zunoticia.com\/noticias-de-hidalgo\/wp-json\/wp\/v2\/tags?post=457402"}],"curies":[{"name":"wp","href":"https:\/\/api.w.org\/{rel}","templated":true}]}}