{"id":457409,"date":"2022-11-30T17:41:43","date_gmt":"2022-11-30T23:41:43","guid":{"rendered":"https:\/\/www.zunoticia.com\/noticias-de-hidalgo\/?p=457409"},"modified":"2022-11-30T17:41:44","modified_gmt":"2022-11-30T23:41:44","slug":"comerciantes-invitan-a-celebrar-misa-por-la-virgen-de-guadalupe","status":"publish","type":"post","link":"https:\/\/www.zunoticia.com\/noticias-de-hidalgo\/2022\/11\/30\/comerciantes-invitan-a-celebrar-misa-por-la-virgen-de-guadalupe\/","title":{"rendered":"Comerciantes invitan a celebrar misa por la Virgen de Guadalupe"},"content":{"rendered":"<aside class=\"mashsb-container mashsb-main mashsb-stretched\"><div class=\"mashsb-box\"><div class=\"mashsb-count mash-large\" style=\"float:left\"><div class=\"counts mashsbcount\">22<\/div><span class=\"mashsb-sharetext\">SHARES<\/span><\/div><div class=\"mashsb-buttons\"><a class=\"mashicon-facebook mash-large mash-center mashsb-noshadow\" href=\"https:\/\/www.facebook.com\/sharer.php?u=https%3A%2F%2Fwww.zunoticia.com%2Fnoticias-de-hidalgo%2F2022%2F11%2F30%2Fcomerciantes-invitan-a-celebrar-misa-por-la-virgen-de-guadalupe%2F\" target=\"_top\" rel=\"nofollow\"><span class=\"icon\"><\/span><span class=\"text\">Share<\/span><\/a><a class=\"mashicon-twitter mash-large mash-center mashsb-noshadow\" href=\"https:\/\/twitter.com\/intent\/tweet?text=&amp;url=https:\/\/www.zunoticia.com\/noticias-de-hidalgo\/2022\/11\/30\/comerciantes-invitan-a-celebrar-misa-por-la-virgen-de-guadalupe\/\" target=\"_top\" rel=\"nofollow\"><span class=\"icon\"><\/span><span class=\"text\">Tweet<\/span><\/a><div class=\"onoffswitch2 mash-large mashsb-noshadow\" style=\"display:none\"><\/div><\/div>\n            <\/div>\n                <div style=\"clear:both\"><\/div><div class=\"mashsb-toggle-container\"><\/div><\/aside>\n            <!-- Share buttons by mashshare.net - Version: 4.0.47-->\n<p><em>Por Pedro Luciano\/Zunoticia<\/em><\/p>\n\n\n\n<p><strong>Atlapexco, Hgo. &#8211;<\/strong> \u201cEsta misa estar\u00e1 dirigida y organizada por los mismos comerciantes del municipio, la cual se realiza con el objetivo de dar gracias a nuestra Se\u00f1ora Madre por las bendiciones y la protecci\u00f3n que nos otorga en nuestras labores como comerciantes\u201d, lo anterior fue afirmado por Idalia Victoriano Bautista quien actualmente encabeza la Asociaci\u00f3n de comerciantes en el municipio de Atlapexco, Hidalgo.<\/p>\n\n\n\n<p>\u201cLa misa se efectuar\u00e1 en raz\u00f3n a la Virgen de Guadalupe, el d\u00eda 7 de diciembre del presente a\u00f1o, acompa\u00f1ados de diversos elementos para esta fiesta aparte de las actividades religiosas que normalmente se acostumbran hacer, desde la muy tradicional banda de viento, funci\u00f3n de fuegos pirot\u00e9cnicos, la danza de las inditas, entre otras m\u00e1s\u201d, continu\u00f3 compartiendo.<\/p>\n\n\n\n<p>Agreg\u00f3 que, esta actividad religiosa es dirigida \u00fanicamente por la Asociaci\u00f3n de comerciantes del municipio, en donde se est\u00e1 invitando a toda persona que desee acompa\u00f1arlos, por ser una de las m\u00e1s importantes de este mes cuando se llevar\u00e1n a cabo las diferentes posadas.<\/p>\n\n\n\n<p>Concluy\u00f3 invitando a toda persona que dese acudir a esta misa, la cual dar\u00e1 inicio alrededor de las nueve de la noche, dentro de las instalaciones del lugar conocido como los Domos, ubicado en el mercado de la cabecera municipal.<\/p>\n","protected":false},"excerpt":{"rendered":"<p>Por Pedro Luciano\/Zunoticia Atlapexco, Hgo. &#8211; \u201cEsta misa estar\u00e1 dirigida y organizada por los mismos comerciantes del municipio, la cual se realiza con el objetivo de dar gracias a nuestra Se\u00f1ora Madre por las bendiciones y la protecci\u00f3n que nos otorga en nuestras labores como comerciantes\u201d, lo anterior fue afirmado por Idalia Victoriano Bautista quien&hellip; <a class=\"more-link\" href=\"https:\/\/www.zunoticia.com\/noticias-de-hidalgo\/2022\/11\/30\/comerciantes-invitan-a-celebrar-misa-por-la-virgen-de-guadalupe\/\">Seguir leyendo <span class=\"screen-reader-text\">Comerciantes invitan a celebrar misa por la Virgen de Guadalupe<\/span><\/a><\/p>\n","protected":false},"author":12,"featured_media":457410,"comment_status":"closed","ping_status":"open","sticky":false,"template":"","format":"standard","meta":{"rop_custom_images_group":[],"rop_custom_messages_group":[],"rop_publish_now":"initial","rop_publish_now_accounts":{"facebook_10159540855086992_322828327761733":""},"rop_publish_now_history":[],"rop_publish_now_status":"pending","footnotes":""},"categories":[182],"tags":[133],"class_list":["post-457409","post","type-post","status-publish","format-standard","has-post-thumbnail","hentry","category-atlapexco","tag-atlapexco","entry"],"_links":{"self":[{"href":"https:\/\/www.zunoticia.com\/noticias-de-hidalgo\/wp-json\/wp\/v2\/posts\/457409","targetHints":{"allow":["GET"]}}],"collection":[{"href":"https:\/\/www.zunoticia.com\/noticias-de-hidalgo\/wp-json\/wp\/v2\/posts"}],"about":[{"href":"https:\/\/www.zunoticia.com\/noticias-de-hidalgo\/wp-json\/wp\/v2\/types\/post"}],"author":[{"embeddable":true,"href":"https:\/\/www.zunoticia.com\/noticias-de-hidalgo\/wp-json\/wp\/v2\/users\/12"}],"replies":[{"embeddable":true,"href":"https:\/\/www.zunoticia.com\/noticias-de-hidalgo\/wp-json\/wp\/v2\/comments?post=457409"}],"version-history":[{"count":1,"href":"https:\/\/www.zunoticia.com\/noticias-de-hidalgo\/wp-json\/wp\/v2\/posts\/457409\/revisions"}],"predecessor-version":[{"id":457411,"href":"https:\/\/www.zunoticia.com\/noticias-de-hidalgo\/wp-json\/wp\/v2\/posts\/457409\/revisions\/457411"}],"wp:featuredmedia":[{"embeddable":true,"href":"https:\/\/www.zunoticia.com\/noticias-de-hidalgo\/wp-json\/wp\/v2\/media\/457410"}],"wp:attachment":[{"href":"https:\/\/www.zunoticia.com\/noticias-de-hidalgo\/wp-json\/wp\/v2\/media?parent=457409"}],"wp:term":[{"taxonomy":"category","embeddable":true,"href":"https:\/\/www.zunoticia.com\/noticias-de-hidalgo\/wp-json\/wp\/v2\/categories?post=457409"},{"taxonomy":"post_tag","embeddable":true,"href":"https:\/\/www.zunoticia.com\/noticias-de-hidalgo\/wp-json\/wp\/v2\/tags?post=457409"}],"curies":[{"name":"wp","href":"https:\/\/api.w.org\/{rel}","templated":true}]}}