{"id":457424,"date":"2022-11-30T17:50:47","date_gmt":"2022-11-30T23:50:47","guid":{"rendered":"https:\/\/www.zunoticia.com\/noticias-de-hidalgo\/?p=457424"},"modified":"2022-11-30T17:50:49","modified_gmt":"2022-11-30T23:50:49","slug":"seph-imparte-taller-de-inteligencia-emocional-en-la-educacion-basica","status":"publish","type":"post","link":"https:\/\/www.zunoticia.com\/noticias-de-hidalgo\/2022\/11\/30\/seph-imparte-taller-de-inteligencia-emocional-en-la-educacion-basica\/","title":{"rendered":"SEPH imparte Taller de Inteligencia Emocional en la Educaci\u00f3n B\u00e1sica"},"content":{"rendered":"<aside class=\"mashsb-container mashsb-main mashsb-stretched\"><div class=\"mashsb-box\"><div class=\"mashsb-count mash-large\" style=\"float:left\"><div class=\"counts mashsbcount\">29<\/div><span class=\"mashsb-sharetext\">SHARES<\/span><\/div><div class=\"mashsb-buttons\"><a class=\"mashicon-facebook mash-large mash-center mashsb-noshadow\" href=\"https:\/\/www.facebook.com\/sharer.php?u=https%3A%2F%2Fwww.zunoticia.com%2Fnoticias-de-hidalgo%2F2022%2F11%2F30%2Fseph-imparte-taller-de-inteligencia-emocional-en-la-educacion-basica%2F\" target=\"_top\" rel=\"nofollow\"><span class=\"icon\"><\/span><span class=\"text\">Share<\/span><\/a><a class=\"mashicon-twitter mash-large mash-center mashsb-noshadow\" href=\"https:\/\/twitter.com\/intent\/tweet?text=&amp;url=https:\/\/www.zunoticia.com\/noticias-de-hidalgo\/2022\/11\/30\/seph-imparte-taller-de-inteligencia-emocional-en-la-educacion-basica\/\" target=\"_top\" rel=\"nofollow\"><span class=\"icon\"><\/span><span class=\"text\">Tweet<\/span><\/a><div class=\"onoffswitch2 mash-large mashsb-noshadow\" style=\"display:none\"><\/div><\/div>\n            <\/div>\n                <div style=\"clear:both\"><\/div><div class=\"mashsb-toggle-container\"><\/div><\/aside>\n            <!-- Share buttons by mashshare.net - Version: 4.0.47-->\n<p><em>Por Redacci\u00f3n\/Zunoticia<\/em><\/p>\n\n\n\n<p><strong>Pachuca de Soto, Hgo. &#8211; <\/strong>Con el objetivo de fortalecer, enriquecer y apoyar la labor docente, considerando los aspectos relacionados con el desarrollo emocional de las y los alumnos, la Secretar\u00eda de Educaci\u00f3n P\u00fablica de Hidalgo (SEPH) llev\u00f3 a cabo el Taller de Inteligencia Emocional en la Educaci\u00f3n B\u00e1sica, regi\u00f3n Pachuca.<\/p>\n\n\n\n<figure class=\"wp-block-image size-large\"><img fetchpriority=\"high\" decoding=\"async\" width=\"1024\" height=\"683\" src=\"https:\/\/www.zunoticia.com\/noticias-de-hidalgo\/wp-content\/uploads\/2022\/11\/WhatsApp-Image-2022-11-30-at-5.37.09-PM-5-1024x683.jpeg\" alt=\"\" class=\"wp-image-457427\" srcset=\"https:\/\/www.zunoticia.com\/noticias-de-hidalgo\/wp-content\/uploads\/2022\/11\/WhatsApp-Image-2022-11-30-at-5.37.09-PM-5-1024x683.jpeg 1024w, https:\/\/www.zunoticia.com\/noticias-de-hidalgo\/wp-content\/uploads\/2022\/11\/WhatsApp-Image-2022-11-30-at-5.37.09-PM-5-300x200.jpeg 300w, https:\/\/www.zunoticia.com\/noticias-de-hidalgo\/wp-content\/uploads\/2022\/11\/WhatsApp-Image-2022-11-30-at-5.37.09-PM-5-768x512.jpeg 768w, https:\/\/www.zunoticia.com\/noticias-de-hidalgo\/wp-content\/uploads\/2022\/11\/WhatsApp-Image-2022-11-30-at-5.37.09-PM-5.jpeg 1280w\" sizes=\"(max-width: 1024px) 100vw, 1024px\" \/><\/figure>\n\n\n\n<p>Al presidir el evento, el secretario de Educaci\u00f3n P\u00fablica de Hidalgo, Natividad Castrej\u00f3n Valdez, detall\u00f3 que una actividad como \u00e9sta es un valioso espacio para conocer, difundir e intercambiar informaci\u00f3n y experiencias sobre las estrategias que pueden y deben impulsarse desde las aulas escolares, para que las y los estudiantes se conozcan y reconozcan como seres individuales con caracter\u00edsticas propias, pero dise\u00f1ados para convivir y compartir en la colectividad.<\/p>\n\n\n\n<p>Puntualiz\u00f3 que el gobernador Julio Menchaca Salazar confirma el compromiso de realizar todo el esfuerzo necesario para que cada escuela cuente con los recursos al alcance, y lleve a cabo su fundamental labor en las mejores condiciones posibles.<\/p>\n\n\n\n<figure class=\"wp-block-image size-large\"><img decoding=\"async\" width=\"1024\" height=\"682\" src=\"https:\/\/www.zunoticia.com\/noticias-de-hidalgo\/wp-content\/uploads\/2022\/11\/WhatsApp-Image-2022-11-30-at-5.37.09-PM-6-1024x682.jpeg\" alt=\"\" class=\"wp-image-457428\" srcset=\"https:\/\/www.zunoticia.com\/noticias-de-hidalgo\/wp-content\/uploads\/2022\/11\/WhatsApp-Image-2022-11-30-at-5.37.09-PM-6-1024x682.jpeg 1024w, https:\/\/www.zunoticia.com\/noticias-de-hidalgo\/wp-content\/uploads\/2022\/11\/WhatsApp-Image-2022-11-30-at-5.37.09-PM-6-300x200.jpeg 300w, https:\/\/www.zunoticia.com\/noticias-de-hidalgo\/wp-content\/uploads\/2022\/11\/WhatsApp-Image-2022-11-30-at-5.37.09-PM-6-768x511.jpeg 768w, https:\/\/www.zunoticia.com\/noticias-de-hidalgo\/wp-content\/uploads\/2022\/11\/WhatsApp-Image-2022-11-30-at-5.37.09-PM-6.jpeg 1233w\" sizes=\"(max-width: 1024px) 100vw, 1024px\" \/><\/figure>\n\n\n\n<p>Destac\u00f3 que el tema de inteligencia emocional ha cobrado gran relevancia, pues abre un amplio abanico de posibilidades para valorar todas las manifestaciones de las diferentes potencialidades que poseen los seres humanos, de comprender que todos los \u00e1mbitos relacionados con el desarrollo son igual de importantes y, por ende, deben ser la base de las actividades educativas.<\/p>\n\n\n\n<p>En su oportunidad, la subsecretaria de Educaci\u00f3n B\u00e1sica de la SEPH, Myrl\u00e9n Salas Dorantes, agradeci\u00f3 al psic\u00f3logo Samuel Nava por la impartici\u00f3n de dicho taller e indic\u00f3 que hablar de inteligencia emocional es referirse a la habilidad de entender, usar y administrar las propias emociones en formas que reduzcan el estr\u00e9s, ayuden a comunicar efectivamente, empatizar con otras personas, superar desaf\u00edos y aminorar conflictos.<\/p>\n\n\n\n<figure class=\"wp-block-image size-large\"><img decoding=\"async\" width=\"1024\" height=\"682\" src=\"https:\/\/www.zunoticia.com\/noticias-de-hidalgo\/wp-content\/uploads\/2022\/11\/WhatsApp-Image-2022-11-30-at-5.37.09-PM-7-1024x682.jpeg\" alt=\"\" class=\"wp-image-457426\" srcset=\"https:\/\/www.zunoticia.com\/noticias-de-hidalgo\/wp-content\/uploads\/2022\/11\/WhatsApp-Image-2022-11-30-at-5.37.09-PM-7-1024x682.jpeg 1024w, https:\/\/www.zunoticia.com\/noticias-de-hidalgo\/wp-content\/uploads\/2022\/11\/WhatsApp-Image-2022-11-30-at-5.37.09-PM-7-300x200.jpeg 300w, https:\/\/www.zunoticia.com\/noticias-de-hidalgo\/wp-content\/uploads\/2022\/11\/WhatsApp-Image-2022-11-30-at-5.37.09-PM-7-768x512.jpeg 768w, https:\/\/www.zunoticia.com\/noticias-de-hidalgo\/wp-content\/uploads\/2022\/11\/WhatsApp-Image-2022-11-30-at-5.37.09-PM-7.jpeg 1280w\" sizes=\"(max-width: 1024px) 100vw, 1024px\" \/><\/figure>\n\n\n\n<p>Adem\u00e1s de los directores de nivel, supervisores, jefes de sector de la regi\u00f3n Pachuca, en el evento estuvo presente la directora general de Educaci\u00f3n B\u00e1sica, Nancy Le\u00f3n Vite; el director general de Fortalecimiento Educativo, Mart\u00edn P\u00e9rez Sierra; la directora general de Desarrollo Curricular, Mar\u00eda del Rosario Ram\u00edrez Hern\u00e1ndez, y la directora general de Servicios Regionales, Josefina Serrano Bautista.<\/p>\n","protected":false},"excerpt":{"rendered":"<p>Por Redacci\u00f3n\/Zunoticia Pachuca de Soto, Hgo. &#8211; Con el objetivo de fortalecer, enriquecer y apoyar la labor docente, considerando los aspectos relacionados con el desarrollo emocional de las y los alumnos, la Secretar\u00eda de Educaci\u00f3n P\u00fablica de Hidalgo (SEPH) llev\u00f3 a cabo el Taller de Inteligencia Emocional en la Educaci\u00f3n B\u00e1sica, regi\u00f3n Pachuca. Al presidir&hellip; <a class=\"more-link\" href=\"https:\/\/www.zunoticia.com\/noticias-de-hidalgo\/2022\/11\/30\/seph-imparte-taller-de-inteligencia-emocional-en-la-educacion-basica\/\">Seguir leyendo <span class=\"screen-reader-text\">SEPH imparte Taller de Inteligencia Emocional en la Educaci\u00f3n B\u00e1sica<\/span><\/a><\/p>\n","protected":false},"author":12,"featured_media":457425,"comment_status":"closed","ping_status":"open","sticky":false,"template":"","format":"standard","meta":{"rop_custom_images_group":[],"rop_custom_messages_group":[],"rop_publish_now":"initial","rop_publish_now_accounts":{"facebook_10159540855086992_322828327761733":""},"rop_publish_now_history":[],"rop_publish_now_status":"pending","footnotes":""},"categories":[208],"tags":[214],"class_list":["post-457424","post","type-post","status-publish","format-standard","has-post-thumbnail","hentry","category-estado","tag-estado","entry"],"_links":{"self":[{"href":"https:\/\/www.zunoticia.com\/noticias-de-hidalgo\/wp-json\/wp\/v2\/posts\/457424","targetHints":{"allow":["GET"]}}],"collection":[{"href":"https:\/\/www.zunoticia.com\/noticias-de-hidalgo\/wp-json\/wp\/v2\/posts"}],"about":[{"href":"https:\/\/www.zunoticia.com\/noticias-de-hidalgo\/wp-json\/wp\/v2\/types\/post"}],"author":[{"embeddable":true,"href":"https:\/\/www.zunoticia.com\/noticias-de-hidalgo\/wp-json\/wp\/v2\/users\/12"}],"replies":[{"embeddable":true,"href":"https:\/\/www.zunoticia.com\/noticias-de-hidalgo\/wp-json\/wp\/v2\/comments?post=457424"}],"version-history":[{"count":1,"href":"https:\/\/www.zunoticia.com\/noticias-de-hidalgo\/wp-json\/wp\/v2\/posts\/457424\/revisions"}],"predecessor-version":[{"id":457429,"href":"https:\/\/www.zunoticia.com\/noticias-de-hidalgo\/wp-json\/wp\/v2\/posts\/457424\/revisions\/457429"}],"wp:featuredmedia":[{"embeddable":true,"href":"https:\/\/www.zunoticia.com\/noticias-de-hidalgo\/wp-json\/wp\/v2\/media\/457425"}],"wp:attachment":[{"href":"https:\/\/www.zunoticia.com\/noticias-de-hidalgo\/wp-json\/wp\/v2\/media?parent=457424"}],"wp:term":[{"taxonomy":"category","embeddable":true,"href":"https:\/\/www.zunoticia.com\/noticias-de-hidalgo\/wp-json\/wp\/v2\/categories?post=457424"},{"taxonomy":"post_tag","embeddable":true,"href":"https:\/\/www.zunoticia.com\/noticias-de-hidalgo\/wp-json\/wp\/v2\/tags?post=457424"}],"curies":[{"name":"wp","href":"https:\/\/api.w.org\/{rel}","templated":true}]}}