{"id":457456,"date":"2022-11-30T21:17:37","date_gmt":"2022-12-01T03:17:37","guid":{"rendered":"https:\/\/www.zunoticia.com\/noticias-de-hidalgo\/?p=457456"},"modified":"2022-11-30T21:17:38","modified_gmt":"2022-12-01T03:17:38","slug":"invita-semarnath-a-festejar-20-anos-del-parque-ecologico-cubitos","status":"publish","type":"post","link":"https:\/\/www.zunoticia.com\/noticias-de-hidalgo\/2022\/11\/30\/invita-semarnath-a-festejar-20-anos-del-parque-ecologico-cubitos\/","title":{"rendered":"Invita SEMARNATH a festejar 20 a\u00f1os del Parque Ecol\u00f3gico Cubitos"},"content":{"rendered":"<aside class=\"mashsb-container mashsb-main mashsb-stretched\"><div class=\"mashsb-box\"><div class=\"mashsb-count mash-large\" style=\"float:left\"><div class=\"counts mashsbcount\">14<\/div><span class=\"mashsb-sharetext\">SHARES<\/span><\/div><div class=\"mashsb-buttons\"><a class=\"mashicon-facebook mash-large mash-center mashsb-noshadow\" href=\"https:\/\/www.facebook.com\/sharer.php?u=https%3A%2F%2Fwww.zunoticia.com%2Fnoticias-de-hidalgo%2F2022%2F11%2F30%2Finvita-semarnath-a-festejar-20-anos-del-parque-ecologico-cubitos%2F\" target=\"_top\" rel=\"nofollow\"><span class=\"icon\"><\/span><span class=\"text\">Share<\/span><\/a><a class=\"mashicon-twitter mash-large mash-center mashsb-noshadow\" href=\"https:\/\/twitter.com\/intent\/tweet?text=&amp;url=https:\/\/www.zunoticia.com\/noticias-de-hidalgo\/2022\/11\/30\/invita-semarnath-a-festejar-20-anos-del-parque-ecologico-cubitos\/\" target=\"_top\" rel=\"nofollow\"><span class=\"icon\"><\/span><span class=\"text\">Tweet<\/span><\/a><div class=\"onoffswitch2 mash-large mashsb-noshadow\" style=\"display:none\"><\/div><\/div>\n            <\/div>\n                <div style=\"clear:both\"><\/div><div class=\"mashsb-toggle-container\"><\/div><\/aside>\n            <!-- Share buttons by mashshare.net - Version: 4.0.47-->\n<ul class=\"wp-block-list\"><li><a><\/a>Ser\u00e1n impartidas diversas conferencias y talleres vivenciales, as\u00ed como clases de yoga al aire libre, una carrera atl\u00e9tica y un recorrido fotogr\u00e1fico por esta \u00c1rea Natural Protegida.<\/li><\/ul>\n\n\n\n<p><em>Por Redacci\u00f3n\/Zunoticia<\/em><\/p>\n\n\n\n<p><strong>Pachuca, Hgo.-<\/strong> Este diciembre, el Parque Ecol\u00f3gico Cubitos celebrar\u00e1 sus primeros 20 a\u00f1os de su decreto como \u00c1rea Natural Protegida, por ello la Secretar\u00eda de Medio Ambiente y Recursos Naturales de Hidalgo (Semarnath) prepara diversas actividades recreativas y de educaci\u00f3n ambiental para conmemorar dicha celebraci\u00f3n.<\/p>\n\n\n\n<p>Las actividades inician el lunes 5 de diciembre a partir de las 9:00 horas con la plantaci\u00f3n de suculentas y la develaci\u00f3n de letras de colores que dar\u00e1n una nueva vista a este emblem\u00e1tico espacio de la capital hidalguense.<\/p>\n\n\n\n<p>Posterior a ello, se ofrecer\u00e1 un concierto por parte de la Orquesta Sinf\u00f3nica del Estado de Hidalgo, bajo la direcci\u00f3n de Marco Antonio Orozco Hern\u00e1ndez y la participaci\u00f3n del tenor Fausto Villagr\u00e1n, a partir de las 10:30 horas.<\/p>\n\n\n\n<p>As\u00ed mismo, se contar\u00e1 con un ciclo de conferencias ambientales, impartidas por expertos en la materia. El lunes a las 12:00 se ofrecer\u00e1 la conferencia \u201cLegislaci\u00f3n ambiental para abogados\u201d por Hugo Cort\u00e9s Osorno; el martes a las 10:00 horas \u201cHistoria de \u00c1rea Natural Protegida en Hidalgo, legado cultural\u201d por Consuelo Cuevas Cardona; a las 11:00 horas tendr\u00e1 lugar el taller vivencial \u201cConflicto humano-serpiente\u201d impartido por Leonardo Hern\u00e1ndez Badillo.<\/p>\n\n\n\n<figure class=\"wp-block-image size-large\"><img fetchpriority=\"high\" decoding=\"async\" width=\"1024\" height=\"682\" src=\"https:\/\/www.zunoticia.com\/noticias-de-hidalgo\/wp-content\/uploads\/2022\/11\/eZy-Watermark-30-11-2022-08-39-57p.m.-1024x682.jpg\" alt=\"\" class=\"wp-image-457449\" srcset=\"https:\/\/www.zunoticia.com\/noticias-de-hidalgo\/wp-content\/uploads\/2022\/11\/eZy-Watermark-30-11-2022-08-39-57p.m.-1024x682.jpg 1024w, https:\/\/www.zunoticia.com\/noticias-de-hidalgo\/wp-content\/uploads\/2022\/11\/eZy-Watermark-30-11-2022-08-39-57p.m.-300x200.jpg 300w, https:\/\/www.zunoticia.com\/noticias-de-hidalgo\/wp-content\/uploads\/2022\/11\/eZy-Watermark-30-11-2022-08-39-57p.m.-768x512.jpg 768w, https:\/\/www.zunoticia.com\/noticias-de-hidalgo\/wp-content\/uploads\/2022\/11\/eZy-Watermark-30-11-2022-08-39-57p.m..jpg 1280w\" sizes=\"(max-width: 1024px) 100vw, 1024px\" \/><\/figure>\n\n\n\n<p>El mi\u00e9rcoles a las 11:00 horas, Erika Ortigoza V\u00e1zquez impartir\u00e1 la conferencia \u201cBiodiversidad como pol\u00edtica p\u00fablica\u201d, misma que est\u00e1 dirigida a p\u00fablico infantil de 9 a 14 a\u00f1os. Despu\u00e9s, a partir de las 19:00 horas, iniciar\u00e1 el taller vivencial \u201cMurci\u00e9lagos en el Parque Ecol\u00f3gico Cubitos\u201d, impartido por Alberto Rojas Mart\u00ednez\u201d.<\/p>\n\n\n\n<p>El jueves a las 10:00 horas, el p\u00fablico en general podr\u00e1 aprender a trav\u00e9s de una conferencia y taller vivencial impartida por Iriana Leticia Zuria Jord\u00e1n, sobre las \u201cAves end\u00e9micas y migratorias del Parque Ecol\u00f3gico Cubitos Hidalgo, legado cultural\u201d. Y el viernes a las 10:00 horas, Ignacio Castellanos Stiremark impartir\u00e1 la conferencia y taller vivencial \u201cEspecies biol\u00f3gicas en el Parque Ecol\u00f3gico Cubitos\u201d.<\/p>\n\n\n\n<p>Finalmente, el s\u00e1bado 10 de diciembre ser\u00e1 impartida una clase de yoga al aire libre, as\u00ed como una carrera atl\u00e9tica; ambas actividades iniciar\u00e1n a partir de las 8:00 horas y son aptas para el p\u00fablico en general. As\u00ed mismo, para el cierre de la celebraci\u00f3n que envuelve al Parque Ecol\u00f3gico Cubitos, los fot\u00f3grafos de naturaleza Ignacio Arcas y Davy Garrido impartir\u00e1n un recorrido fotogr\u00e1fico nocturno y de amanecer de forma completamente gratuita.<\/p>\n\n\n\n<p>Para mayor informaci\u00f3n, los interesados pueden consultar las redes oficiales de la dependencia; en Facebook como Semarnath Hidalgo y en Twitter e Instagram como @Medioambiente_h.<\/p>\n","protected":false},"excerpt":{"rendered":"<p>Ser\u00e1n impartidas diversas conferencias y talleres vivenciales, as\u00ed como clases de yoga al aire libre, una carrera atl\u00e9tica y un recorrido fotogr\u00e1fico por esta \u00c1rea Natural Protegida. Por Redacci\u00f3n\/Zunoticia Pachuca, Hgo.- Este diciembre, el Parque Ecol\u00f3gico Cubitos celebrar\u00e1 sus primeros 20 a\u00f1os de su decreto como \u00c1rea Natural Protegida, por ello la Secretar\u00eda de Medio&hellip; <a class=\"more-link\" href=\"https:\/\/www.zunoticia.com\/noticias-de-hidalgo\/2022\/11\/30\/invita-semarnath-a-festejar-20-anos-del-parque-ecologico-cubitos\/\">Seguir leyendo <span class=\"screen-reader-text\">Invita SEMARNATH a festejar 20 a\u00f1os del Parque Ecol\u00f3gico Cubitos<\/span><\/a><\/p>\n","protected":false},"author":12,"featured_media":457448,"comment_status":"closed","ping_status":"open","sticky":false,"template":"","format":"standard","meta":{"rop_custom_images_group":[],"rop_custom_messages_group":[],"rop_publish_now":"initial","rop_publish_now_accounts":{"facebook_10159540855086992_322828327761733":""},"rop_publish_now_history":[],"rop_publish_now_status":"pending","footnotes":""},"categories":[208],"tags":[214],"class_list":["post-457456","post","type-post","status-publish","format-standard","has-post-thumbnail","hentry","category-estado","tag-estado","entry"],"_links":{"self":[{"href":"https:\/\/www.zunoticia.com\/noticias-de-hidalgo\/wp-json\/wp\/v2\/posts\/457456","targetHints":{"allow":["GET"]}}],"collection":[{"href":"https:\/\/www.zunoticia.com\/noticias-de-hidalgo\/wp-json\/wp\/v2\/posts"}],"about":[{"href":"https:\/\/www.zunoticia.com\/noticias-de-hidalgo\/wp-json\/wp\/v2\/types\/post"}],"author":[{"embeddable":true,"href":"https:\/\/www.zunoticia.com\/noticias-de-hidalgo\/wp-json\/wp\/v2\/users\/12"}],"replies":[{"embeddable":true,"href":"https:\/\/www.zunoticia.com\/noticias-de-hidalgo\/wp-json\/wp\/v2\/comments?post=457456"}],"version-history":[{"count":1,"href":"https:\/\/www.zunoticia.com\/noticias-de-hidalgo\/wp-json\/wp\/v2\/posts\/457456\/revisions"}],"predecessor-version":[{"id":457457,"href":"https:\/\/www.zunoticia.com\/noticias-de-hidalgo\/wp-json\/wp\/v2\/posts\/457456\/revisions\/457457"}],"wp:featuredmedia":[{"embeddable":true,"href":"https:\/\/www.zunoticia.com\/noticias-de-hidalgo\/wp-json\/wp\/v2\/media\/457448"}],"wp:attachment":[{"href":"https:\/\/www.zunoticia.com\/noticias-de-hidalgo\/wp-json\/wp\/v2\/media?parent=457456"}],"wp:term":[{"taxonomy":"category","embeddable":true,"href":"https:\/\/www.zunoticia.com\/noticias-de-hidalgo\/wp-json\/wp\/v2\/categories?post=457456"},{"taxonomy":"post_tag","embeddable":true,"href":"https:\/\/www.zunoticia.com\/noticias-de-hidalgo\/wp-json\/wp\/v2\/tags?post=457456"}],"curies":[{"name":"wp","href":"https:\/\/api.w.org\/{rel}","templated":true}]}}