{"id":457462,"date":"2022-11-30T23:43:18","date_gmt":"2022-12-01T05:43:18","guid":{"rendered":"https:\/\/www.zunoticia.com\/noticias-de-hidalgo\/?p=457462"},"modified":"2022-11-30T23:43:19","modified_gmt":"2022-12-01T05:43:19","slug":"ayuntamiento-conmemoro-152-aniversario-de-la-ereccion-del-municipio","status":"publish","type":"post","link":"https:\/\/www.zunoticia.com\/noticias-de-hidalgo\/2022\/11\/30\/ayuntamiento-conmemoro-152-aniversario-de-la-ereccion-del-municipio\/","title":{"rendered":"Ayuntamiento conmemor\u00f3 152 aniversario de la erecci\u00f3n del municipio"},"content":{"rendered":"<aside class=\"mashsb-container mashsb-main mashsb-stretched\"><div class=\"mashsb-box\"><div class=\"mashsb-count mash-large\" style=\"float:left\"><div class=\"counts mashsbcount\">13<\/div><span class=\"mashsb-sharetext\">SHARES<\/span><\/div><div class=\"mashsb-buttons\"><a class=\"mashicon-facebook mash-large mash-center mashsb-noshadow\" href=\"https:\/\/www.facebook.com\/sharer.php?u=https%3A%2F%2Fwww.zunoticia.com%2Fnoticias-de-hidalgo%2F2022%2F11%2F30%2Fayuntamiento-conmemoro-152-aniversario-de-la-ereccion-del-municipio%2F\" target=\"_top\" rel=\"nofollow\"><span class=\"icon\"><\/span><span class=\"text\">Share<\/span><\/a><a class=\"mashicon-twitter mash-large mash-center mashsb-noshadow\" href=\"https:\/\/twitter.com\/intent\/tweet?text=&amp;url=https:\/\/www.zunoticia.com\/noticias-de-hidalgo\/2022\/11\/30\/ayuntamiento-conmemoro-152-aniversario-de-la-ereccion-del-municipio\/\" target=\"_top\" rel=\"nofollow\"><span class=\"icon\"><\/span><span class=\"text\">Tweet<\/span><\/a><div class=\"onoffswitch2 mash-large mashsb-noshadow\" style=\"display:none\"><\/div><\/div>\n            <\/div>\n                <div style=\"clear:both\"><\/div><div class=\"mashsb-toggle-container\"><\/div><\/aside>\n            <!-- Share buttons by mashshare.net - Version: 4.0.47-->\n<p><em>Por Redacci\u00f3n\/Zunoticia<\/em><\/p>\n\n\n\n<p><strong>San Felipe Orizatl\u00e1n, Hgo. &#8211;<\/strong> El Gobierno que encabeza Erika Saab Lara, a trav\u00e9s de las \u00e1reas de Educaci\u00f3n y Cultura y Turismo, llevaron a cabo un acto c\u00edvico en conmemoraci\u00f3n al 152&nbsp; aniversario de la erecci\u00f3n del municipio, estando presentes Erika Saab Lara, Presidenta Municipal, Paulino Hern\u00e1ndez Ram\u00edrez, Director de Gobernaci\u00f3n, Camilo Melo Rivera, Secretario General, Cirilo Humberto De la Cruz Bautista, S\u00edndico Municipal, integrantes de la H. Asamblea, autoridades educativas; as\u00ed como directores de \u00e1rea y personal del Ayuntamiento.<\/p>\n\n\n\n<figure class=\"wp-block-image size-large\"><img fetchpriority=\"high\" decoding=\"async\" width=\"1024\" height=\"461\" src=\"https:\/\/www.zunoticia.com\/noticias-de-hidalgo\/wp-content\/uploads\/2022\/11\/eZy-Watermark-30-11-2022-11-09-07p.m.-1024x461.jpg\" alt=\"\" class=\"wp-image-457463\" srcset=\"https:\/\/www.zunoticia.com\/noticias-de-hidalgo\/wp-content\/uploads\/2022\/11\/eZy-Watermark-30-11-2022-11-09-07p.m.-1024x461.jpg 1024w, https:\/\/www.zunoticia.com\/noticias-de-hidalgo\/wp-content\/uploads\/2022\/11\/eZy-Watermark-30-11-2022-11-09-07p.m.-300x135.jpg 300w, https:\/\/www.zunoticia.com\/noticias-de-hidalgo\/wp-content\/uploads\/2022\/11\/eZy-Watermark-30-11-2022-11-09-07p.m.-768x346.jpg 768w, https:\/\/www.zunoticia.com\/noticias-de-hidalgo\/wp-content\/uploads\/2022\/11\/eZy-Watermark-30-11-2022-11-09-07p.m..jpg 1280w\" sizes=\"(max-width: 1024px) 100vw, 1024px\" \/><\/figure>\n\n\n\n<p>Dentro de las actividades se realiz\u00f3 una exposici\u00f3n de pintura y de fotograf\u00eda antigua, demostraci\u00f3n y elaboraci\u00f3n de pan artesanal y exposici\u00f3n gastron\u00f3mica.<\/p>\n\n\n\n<figure class=\"wp-block-image size-large\"><img decoding=\"async\" width=\"1024\" height=\"682\" src=\"https:\/\/www.zunoticia.com\/noticias-de-hidalgo\/wp-content\/uploads\/2022\/11\/eZy-Watermark-30-11-2022-11-06-51p.m.-1024x682.jpg\" alt=\"\" class=\"wp-image-457464\" srcset=\"https:\/\/www.zunoticia.com\/noticias-de-hidalgo\/wp-content\/uploads\/2022\/11\/eZy-Watermark-30-11-2022-11-06-51p.m.-1024x682.jpg 1024w, https:\/\/www.zunoticia.com\/noticias-de-hidalgo\/wp-content\/uploads\/2022\/11\/eZy-Watermark-30-11-2022-11-06-51p.m.-300x200.jpg 300w, https:\/\/www.zunoticia.com\/noticias-de-hidalgo\/wp-content\/uploads\/2022\/11\/eZy-Watermark-30-11-2022-11-06-51p.m.-768x512.jpg 768w, https:\/\/www.zunoticia.com\/noticias-de-hidalgo\/wp-content\/uploads\/2022\/11\/eZy-Watermark-30-11-2022-11-06-51p.m..jpg 1280w\" sizes=\"(max-width: 1024px) 100vw, 1024px\" \/><\/figure>\n\n\n\n<p>Erika Saab mencion\u00f3 que, durante estos 152 a\u00f1os, desde la erecci\u00f3n de San Felipe Orizatl\u00e1n, la localidad se ha transformado en un municipio que la hace sentir orgullosa, y m\u00e1s a\u00fan porque es la primera vez que lo gobierna&nbsp;una&nbsp;mujer.<\/p>\n","protected":false},"excerpt":{"rendered":"<p>Por Redacci\u00f3n\/Zunoticia San Felipe Orizatl\u00e1n, Hgo. &#8211; El Gobierno que encabeza Erika Saab Lara, a trav\u00e9s de las \u00e1reas de Educaci\u00f3n y Cultura y Turismo, llevaron a cabo un acto c\u00edvico en conmemoraci\u00f3n al 152&nbsp; aniversario de la erecci\u00f3n del municipio, estando presentes Erika Saab Lara, Presidenta Municipal, Paulino Hern\u00e1ndez Ram\u00edrez, Director de Gobernaci\u00f3n, Camilo&hellip; <a class=\"more-link\" href=\"https:\/\/www.zunoticia.com\/noticias-de-hidalgo\/2022\/11\/30\/ayuntamiento-conmemoro-152-aniversario-de-la-ereccion-del-municipio\/\">Seguir leyendo <span class=\"screen-reader-text\">Ayuntamiento conmemor\u00f3 152 aniversario de la erecci\u00f3n del municipio<\/span><\/a><\/p>\n","protected":false},"author":12,"featured_media":457465,"comment_status":"closed","ping_status":"open","sticky":false,"template":"","format":"standard","meta":{"rop_custom_images_group":[],"rop_custom_messages_group":[],"rop_publish_now":"initial","rop_publish_now_accounts":{"facebook_10159540855086992_322828327761733":""},"rop_publish_now_history":[],"rop_publish_now_status":"pending","footnotes":""},"categories":[180],"tags":[129],"class_list":["post-457462","post","type-post","status-publish","format-standard","has-post-thumbnail","hentry","category-orizatlan","tag-orizatlan","entry"],"_links":{"self":[{"href":"https:\/\/www.zunoticia.com\/noticias-de-hidalgo\/wp-json\/wp\/v2\/posts\/457462","targetHints":{"allow":["GET"]}}],"collection":[{"href":"https:\/\/www.zunoticia.com\/noticias-de-hidalgo\/wp-json\/wp\/v2\/posts"}],"about":[{"href":"https:\/\/www.zunoticia.com\/noticias-de-hidalgo\/wp-json\/wp\/v2\/types\/post"}],"author":[{"embeddable":true,"href":"https:\/\/www.zunoticia.com\/noticias-de-hidalgo\/wp-json\/wp\/v2\/users\/12"}],"replies":[{"embeddable":true,"href":"https:\/\/www.zunoticia.com\/noticias-de-hidalgo\/wp-json\/wp\/v2\/comments?post=457462"}],"version-history":[{"count":1,"href":"https:\/\/www.zunoticia.com\/noticias-de-hidalgo\/wp-json\/wp\/v2\/posts\/457462\/revisions"}],"predecessor-version":[{"id":457468,"href":"https:\/\/www.zunoticia.com\/noticias-de-hidalgo\/wp-json\/wp\/v2\/posts\/457462\/revisions\/457468"}],"wp:featuredmedia":[{"embeddable":true,"href":"https:\/\/www.zunoticia.com\/noticias-de-hidalgo\/wp-json\/wp\/v2\/media\/457465"}],"wp:attachment":[{"href":"https:\/\/www.zunoticia.com\/noticias-de-hidalgo\/wp-json\/wp\/v2\/media?parent=457462"}],"wp:term":[{"taxonomy":"category","embeddable":true,"href":"https:\/\/www.zunoticia.com\/noticias-de-hidalgo\/wp-json\/wp\/v2\/categories?post=457462"},{"taxonomy":"post_tag","embeddable":true,"href":"https:\/\/www.zunoticia.com\/noticias-de-hidalgo\/wp-json\/wp\/v2\/tags?post=457462"}],"curies":[{"name":"wp","href":"https:\/\/api.w.org\/{rel}","templated":true}]}}