{"id":457469,"date":"2022-11-30T23:45:10","date_gmt":"2022-12-01T05:45:10","guid":{"rendered":"https:\/\/www.zunoticia.com\/noticias-de-hidalgo\/?p=457469"},"modified":"2022-11-30T23:45:12","modified_gmt":"2022-12-01T05:45:12","slug":"espejeando-por-perseo-483","status":"publish","type":"post","link":"https:\/\/www.zunoticia.com\/noticias-de-hidalgo\/2022\/11\/30\/espejeando-por-perseo-483\/","title":{"rendered":"ESPEJEANDO por Perseo"},"content":{"rendered":"<aside class=\"mashsb-container mashsb-main mashsb-stretched\"><div class=\"mashsb-box\"><div class=\"mashsb-count mash-large\" style=\"float:left\"><div class=\"counts mashsbcount\">28<\/div><span class=\"mashsb-sharetext\">SHARES<\/span><\/div><div class=\"mashsb-buttons\"><a class=\"mashicon-facebook mash-large mash-center mashsb-noshadow\" href=\"https:\/\/www.facebook.com\/sharer.php?u=https%3A%2F%2Fwww.zunoticia.com%2Fnoticias-de-hidalgo%2F2022%2F11%2F30%2Fespejeando-por-perseo-483%2F\" target=\"_top\" rel=\"nofollow\"><span class=\"icon\"><\/span><span class=\"text\">Share<\/span><\/a><a class=\"mashicon-twitter mash-large mash-center mashsb-noshadow\" href=\"https:\/\/twitter.com\/intent\/tweet?text=&amp;url=https:\/\/www.zunoticia.com\/noticias-de-hidalgo\/2022\/11\/30\/espejeando-por-perseo-483\/\" target=\"_top\" rel=\"nofollow\"><span class=\"icon\"><\/span><span class=\"text\">Tweet<\/span><\/a><div class=\"onoffswitch2 mash-large mashsb-noshadow\" style=\"display:none\"><\/div><\/div>\n            <\/div>\n                <div style=\"clear:both\"><\/div><div class=\"mashsb-toggle-container\"><\/div><\/aside>\n            <!-- Share buttons by mashshare.net - Version: 4.0.47-->\n<p><a>\u2022 A pesar de la estrategia de discreci\u00f3n en todos los tiempos de pol\u00edtica, siendo ese uno de sus argumentos mejor utilizados, para nadie es desconocido que el pol\u00e9mico Alfredo San Rom\u00e1n, con un fuerte posicionamiento en el municipio est\u00e1 buscando por tercera ocasi\u00f3n ser presidente municipal, por lo que las bater\u00edas de sus adversarios est\u00e1n dirigidas hacia su persona, intentando descalificarlo. Y le critican el que se haya reunido recientemente para compartir con algunos 40 o 50 amigos, que de ninguna manera pecamos de ingenuos, por algo fue ese convivio, pero lo que s\u00ed est\u00e1 claro es que no es una organizaci\u00f3n formal como para ponerle nombre o que la pudiera encabezar Alfredo, o el empresario Felipe Ahumada, quien, dicho sea de paso, asisti\u00f3 para acompa\u00f1ar a su amigo.&nbsp;<\/a><\/p>\n\n\n\n<p>\u2022 Por otro lado, Alfredo San Rom\u00e1n no se aprecia interesado en encabezar su causa con la bandera de Morena, como tambi\u00e9n se le se\u00f1ala de querer quitarles su partido a los morenos; eso es parte de la rumorolog\u00eda que desde alg\u00fan sitio pudiera estar gener\u00e1ndose, y a estas alturas los morenos debieran preocuparse en conseguir quien podr\u00eda encabezarlos.<\/p>\n\n\n\n<p>\u2022\u2022 Se anunci\u00f3 el evento ferial de Nochebuena 2022-23 con una cartelera diversa, y quiz\u00e1s los j\u00f3venes no se vean reflejados con lo que buscaban, pero el grueso del pueblo podr\u00e1 ir a bailar al teatro del pueblo con grupos que son tradicionales y gustan al pueblo, a la multitud, a la gente de Huejutla en sus comunidades.<\/p>\n\n\n\n<p>\u2022\u2022 Viene la Sonora Santanera un grupo que va dirigido al p\u00fablico adulto, el grupo Palomo que tuvo un momento importante en la m\u00fasica y es una m\u00fasica atractiva; el Grupo Mojado, m\u00fasica tradicional con gran rating en el pasado, pero, que mantiene al p\u00fablico en el baile.<\/p>\n\n\n\n<p>\u2022\u2022 Viene la Lucha Libre AAA para los ni\u00f1os, el Grupo Bryndis, los hermanos Sagah\u00f3n que es un espect\u00e1culo verlos por su destreza musical, Banda El Mexicano una m\u00fasica tradicional y el hijo de Jos\u00e9 Jos\u00e9, si usted es amante de toda una \u00e9poca rom\u00e1ntica como Jos\u00e9 Jos\u00e9; Jos\u00e9 Joel tiene una voz privilegiada y para los conocedores, amantes del buen Rock Liran Roll y m\u00e1s romanticismo con Guardianes del Amor. Pero si es amante de los corridos norte\u00f1os pues tendr\u00e1n al hijo de Ra\u00fal Hern\u00e1ndez de los Tigres del Norte, Ra\u00fal Hern\u00e1ndez JR, se va a divertir. Los Teen Tops si usted gusta del rock and roll hist\u00f3rico de los 70&#8217;s, por supuesto con nuevas generaciones cantando.<\/p>\n\n\n\n<p>Es un repaso r\u00e1pido que la poblaci\u00f3n podr\u00e1 tener en el Teatro del Pueblo, y pues, el platillo fuerte es Juli\u00f3n que estar\u00e1 en el Palenque de Gallos, y que ya casi se terminan los boletos en el DIF, ya no hay mucho tiempo para poder ser parte de esa noche que estar\u00e1, sin duda, llena de diversi\u00f3n.<\/p>\n\n\n\n<p>\u2022\u2022\u2022 En San Felipe Orizatl\u00e1n est\u00e1 de fiesta la alcaldesa Erika Saab Lara con la conmemoraci\u00f3n del 252 aniversario de la erecci\u00f3n del municipio. Hubo una exposici\u00f3n de pintura y de fotograf\u00eda antigua, la gastronom\u00eda local como el famoso y sabroso pan de San Felipe, y como no sentir el orgullo hidalguense y oriundo de San Felipe, si ha sido tan contrastante en su transformaci\u00f3n que se rompi\u00f3 el tener gobierno machista, y por primera vez en la historia una mujer lleva el bast\u00f3n de mando.<\/p>\n\n\n\n<p>\u2022\u2022\u2022\u2022 Llegamos a primero de diciembre, 31 d\u00edas para que finalice el 2022 y a 12 d\u00edas de la fiesta m\u00e1s importante para la feligres\u00eda cat\u00f3lica, que el pr\u00f3ximo 12 de diciembre manifestar\u00e1 su fe el pueblo de M\u00e9xico, es una tradici\u00f3n milenaria, controversial pero central a\u00fan en la vida de los mexicanos.<\/p>\n\n\n\n<p>\u2022\u2022\u2022 Los preparativos para las fiestas decembrinas unifican a las familias y generan un sentimiento de fortaleza interior, reflexi\u00f3n y muchos sentimientos encontrados.<\/p>\n\n\n\n<p>\u2022\u2022\u2022La tarde del mi\u00e9rcoles la maestra Gloria&nbsp; Alicia Ch\u00e1vez Guerrero, mejor conocida como &#8220;la Nena Ch\u00e1vez&#8221;, tom\u00f3 protesta como Coordinadora de la Zona V del Colegio de Bachilleres del Estado de Hidalgo, lo que dej\u00f3 en claro que uno de los objetivos del gobierno estatal, y particularmente de la Secretar\u00eda de Educaci\u00f3n, es que en cada regi\u00f3n se coloque a personas que conozcan la problem\u00e1tica y tengan una verdadera representatividad y arraigo, para atender de la major manera a los docentes, alumnos y padres de familia, siendo un excelente puente para la comunicaci\u00f3n de la sociedad con&nbsp;la&nbsp;autoridad.<\/p>\n\n\n\n<figure class=\"wp-block-image size-large\"><img fetchpriority=\"high\" decoding=\"async\" width=\"1024\" height=\"575\" src=\"https:\/\/www.zunoticia.com\/noticias-de-hidalgo\/wp-content\/uploads\/2022\/11\/Imagen-de-WhatsApp-2022-11-30-a-las-23.03.54-1024x575.jpg\" alt=\"\" class=\"wp-image-457466\" srcset=\"https:\/\/www.zunoticia.com\/noticias-de-hidalgo\/wp-content\/uploads\/2022\/11\/Imagen-de-WhatsApp-2022-11-30-a-las-23.03.54-1024x575.jpg 1024w, https:\/\/www.zunoticia.com\/noticias-de-hidalgo\/wp-content\/uploads\/2022\/11\/Imagen-de-WhatsApp-2022-11-30-a-las-23.03.54-300x169.jpg 300w, https:\/\/www.zunoticia.com\/noticias-de-hidalgo\/wp-content\/uploads\/2022\/11\/Imagen-de-WhatsApp-2022-11-30-a-las-23.03.54-768x431.jpg 768w, https:\/\/www.zunoticia.com\/noticias-de-hidalgo\/wp-content\/uploads\/2022\/11\/Imagen-de-WhatsApp-2022-11-30-a-las-23.03.54.jpg 1280w\" sizes=\"(max-width: 1024px) 100vw, 1024px\" \/><\/figure>\n","protected":false},"excerpt":{"rendered":"<p>\u2022 A pesar de la estrategia de discreci\u00f3n en todos los tiempos de pol\u00edtica, siendo ese uno de sus argumentos mejor utilizados, para nadie es desconocido que el pol\u00e9mico Alfredo San Rom\u00e1n, con un fuerte posicionamiento en el municipio est\u00e1 buscando por tercera ocasi\u00f3n ser presidente municipal, por lo que las bater\u00edas de sus adversarios&hellip; <a class=\"more-link\" href=\"https:\/\/www.zunoticia.com\/noticias-de-hidalgo\/2022\/11\/30\/espejeando-por-perseo-483\/\">Seguir leyendo <span class=\"screen-reader-text\">ESPEJEANDO por Perseo<\/span><\/a><\/p>\n","protected":false},"author":12,"featured_media":457467,"comment_status":"closed","ping_status":"open","sticky":false,"template":"","format":"standard","meta":{"rop_custom_images_group":[],"rop_custom_messages_group":[],"rop_publish_now":"initial","rop_publish_now_accounts":{"facebook_10159540855086992_322828327761733":""},"rop_publish_now_history":[],"rop_publish_now_status":"pending","footnotes":""},"categories":[176],"tags":[205],"class_list":["post-457469","post","type-post","status-publish","format-standard","has-post-thumbnail","hentry","category-espejeando","tag-espejeando","entry"],"_links":{"self":[{"href":"https:\/\/www.zunoticia.com\/noticias-de-hidalgo\/wp-json\/wp\/v2\/posts\/457469","targetHints":{"allow":["GET"]}}],"collection":[{"href":"https:\/\/www.zunoticia.com\/noticias-de-hidalgo\/wp-json\/wp\/v2\/posts"}],"about":[{"href":"https:\/\/www.zunoticia.com\/noticias-de-hidalgo\/wp-json\/wp\/v2\/types\/post"}],"author":[{"embeddable":true,"href":"https:\/\/www.zunoticia.com\/noticias-de-hidalgo\/wp-json\/wp\/v2\/users\/12"}],"replies":[{"embeddable":true,"href":"https:\/\/www.zunoticia.com\/noticias-de-hidalgo\/wp-json\/wp\/v2\/comments?post=457469"}],"version-history":[{"count":1,"href":"https:\/\/www.zunoticia.com\/noticias-de-hidalgo\/wp-json\/wp\/v2\/posts\/457469\/revisions"}],"predecessor-version":[{"id":457470,"href":"https:\/\/www.zunoticia.com\/noticias-de-hidalgo\/wp-json\/wp\/v2\/posts\/457469\/revisions\/457470"}],"wp:featuredmedia":[{"embeddable":true,"href":"https:\/\/www.zunoticia.com\/noticias-de-hidalgo\/wp-json\/wp\/v2\/media\/457467"}],"wp:attachment":[{"href":"https:\/\/www.zunoticia.com\/noticias-de-hidalgo\/wp-json\/wp\/v2\/media?parent=457469"}],"wp:term":[{"taxonomy":"category","embeddable":true,"href":"https:\/\/www.zunoticia.com\/noticias-de-hidalgo\/wp-json\/wp\/v2\/categories?post=457469"},{"taxonomy":"post_tag","embeddable":true,"href":"https:\/\/www.zunoticia.com\/noticias-de-hidalgo\/wp-json\/wp\/v2\/tags?post=457469"}],"curies":[{"name":"wp","href":"https:\/\/api.w.org\/{rel}","templated":true}]}}