{"id":457878,"date":"2022-12-03T13:32:52","date_gmt":"2022-12-03T19:32:52","guid":{"rendered":"https:\/\/www.zunoticia.com\/noticias-de-hidalgo\/?p=457878"},"modified":"2022-12-03T13:32:54","modified_gmt":"2022-12-03T19:32:54","slug":"ucla-prepara-procesion-y-velacion-a-la-virgen-de-guadalupe","status":"publish","type":"post","link":"https:\/\/www.zunoticia.com\/noticias-de-hidalgo\/2022\/12\/03\/ucla-prepara-procesion-y-velacion-a-la-virgen-de-guadalupe\/","title":{"rendered":"UCLA prepara Procesi\u00f3n y Velaci\u00f3n a la Virgen de Guadalupe"},"content":{"rendered":"<aside class=\"mashsb-container mashsb-main mashsb-stretched\"><div class=\"mashsb-box\"><div class=\"mashsb-count mash-large\" style=\"float:left\"><div class=\"counts mashsbcount\">45<\/div><span class=\"mashsb-sharetext\">SHARES<\/span><\/div><div class=\"mashsb-buttons\"><a class=\"mashicon-facebook mash-large mash-center mashsb-noshadow\" href=\"https:\/\/www.facebook.com\/sharer.php?u=https%3A%2F%2Fwww.zunoticia.com%2Fnoticias-de-hidalgo%2F2022%2F12%2F03%2Fucla-prepara-procesion-y-velacion-a-la-virgen-de-guadalupe%2F\" target=\"_top\" rel=\"nofollow\"><span class=\"icon\"><\/span><span class=\"text\">Share<\/span><\/a><a class=\"mashicon-twitter mash-large mash-center mashsb-noshadow\" href=\"https:\/\/twitter.com\/intent\/tweet?text=&amp;url=https:\/\/www.zunoticia.com\/noticias-de-hidalgo\/2022\/12\/03\/ucla-prepara-procesion-y-velacion-a-la-virgen-de-guadalupe\/\" target=\"_top\" rel=\"nofollow\"><span class=\"icon\"><\/span><span class=\"text\">Tweet<\/span><\/a><div class=\"onoffswitch2 mash-large mashsb-noshadow\" style=\"display:none\"><\/div><\/div>\n            <\/div>\n                <div style=\"clear:both\"><\/div><div class=\"mashsb-toggle-container\"><\/div><\/aside>\n            <!-- Share buttons by mashshare.net - Version: 4.0.47-->\n<p><em>Enedino Hern\u00e1ndez\/Zunoticia<\/em><\/p>\n\n\n\n<p><strong>Huejutla, Hgo. &#8211;<\/strong> El Secretario General de la Uni\u00f3n de Comerciantes Locatarios y Ambulantes (UCLA) del mercado municipal de Huejutla de Reyes, Jorge Lara Garc\u00eda; confirm\u00f3 que previa reuni\u00f3n con los Coordinadores de giro realizada durante la presente semana se analizaron los detalles para la velaci\u00f3n a la Virgen de Guadalupe.<\/p>\n\n\n\n<p>Se\u00f1al\u00f3 que la Procesi\u00f3n y Velaci\u00f3n a la Guadalupana se llevar\u00e1 a cabo el d\u00eda 6 de diciembre, misma que se llevar\u00e1 a cabo en las instalaciones del \u00e1rea del estacionamiento del mercado municipal de Huejutla de Reyes.<\/p>\n\n\n\n<p>Asimismo, dijo que el homenaje a la Virgen de Guadalupe es organizado por la directiva de la Uni\u00f3n de Comerciantes Locatarios y Ambulantes, y los integrantes del Comit\u00e9 de la Capilla.<\/p>\n\n\n\n<p>Seg\u00fan se establece en la programaci\u00f3n de las actividades, primeramente a las 15 horas 3 de la tarde del 6 de diciembre se reunir\u00e1n en la Capilla al interior del mercado para acompa\u00f1ar a la imagen en su recorrido por todo el Mercado Municipal terminando en el \u00e1rea del estacionamiento de la UCLA.<\/p>\n\n\n\n<p>Jorge Lara Garcia, concluy\u00f3 que ser\u00e1 a las 22 horas 10 de la noche del 6 de diciembre cuando se proceder\u00e1 a la Celebraci\u00f3n de la Santa Misa en el estacionamiento de la Uni\u00f3n de Comerciantes Locatarios y Ambulantes.<\/p>\n","protected":false},"excerpt":{"rendered":"<p>Enedino Hern\u00e1ndez\/Zunoticia Huejutla, Hgo. &#8211; El Secretario General de la Uni\u00f3n de Comerciantes Locatarios y Ambulantes (UCLA) del mercado municipal de Huejutla de Reyes, Jorge Lara Garc\u00eda; confirm\u00f3 que previa reuni\u00f3n con los Coordinadores de giro realizada durante la presente semana se analizaron los detalles para la velaci\u00f3n a la Virgen de Guadalupe. Se\u00f1al\u00f3 que&hellip; <a class=\"more-link\" href=\"https:\/\/www.zunoticia.com\/noticias-de-hidalgo\/2022\/12\/03\/ucla-prepara-procesion-y-velacion-a-la-virgen-de-guadalupe\/\">Seguir leyendo <span class=\"screen-reader-text\">UCLA prepara Procesi\u00f3n y Velaci\u00f3n a la Virgen de Guadalupe<\/span><\/a><\/p>\n","protected":false},"author":12,"featured_media":457879,"comment_status":"closed","ping_status":"open","sticky":false,"template":"","format":"standard","meta":{"rop_custom_images_group":[],"rop_custom_messages_group":[],"rop_publish_now":"initial","rop_publish_now_accounts":{"facebook_10159540855086992_322828327761733":""},"rop_publish_now_history":[],"rop_publish_now_status":"pending","footnotes":""},"categories":[181],"tags":[121],"class_list":["post-457878","post","type-post","status-publish","format-standard","has-post-thumbnail","hentry","category-huejutla","tag-huejutla","entry"],"_links":{"self":[{"href":"https:\/\/www.zunoticia.com\/noticias-de-hidalgo\/wp-json\/wp\/v2\/posts\/457878","targetHints":{"allow":["GET"]}}],"collection":[{"href":"https:\/\/www.zunoticia.com\/noticias-de-hidalgo\/wp-json\/wp\/v2\/posts"}],"about":[{"href":"https:\/\/www.zunoticia.com\/noticias-de-hidalgo\/wp-json\/wp\/v2\/types\/post"}],"author":[{"embeddable":true,"href":"https:\/\/www.zunoticia.com\/noticias-de-hidalgo\/wp-json\/wp\/v2\/users\/12"}],"replies":[{"embeddable":true,"href":"https:\/\/www.zunoticia.com\/noticias-de-hidalgo\/wp-json\/wp\/v2\/comments?post=457878"}],"version-history":[{"count":1,"href":"https:\/\/www.zunoticia.com\/noticias-de-hidalgo\/wp-json\/wp\/v2\/posts\/457878\/revisions"}],"predecessor-version":[{"id":457880,"href":"https:\/\/www.zunoticia.com\/noticias-de-hidalgo\/wp-json\/wp\/v2\/posts\/457878\/revisions\/457880"}],"wp:featuredmedia":[{"embeddable":true,"href":"https:\/\/www.zunoticia.com\/noticias-de-hidalgo\/wp-json\/wp\/v2\/media\/457879"}],"wp:attachment":[{"href":"https:\/\/www.zunoticia.com\/noticias-de-hidalgo\/wp-json\/wp\/v2\/media?parent=457878"}],"wp:term":[{"taxonomy":"category","embeddable":true,"href":"https:\/\/www.zunoticia.com\/noticias-de-hidalgo\/wp-json\/wp\/v2\/categories?post=457878"},{"taxonomy":"post_tag","embeddable":true,"href":"https:\/\/www.zunoticia.com\/noticias-de-hidalgo\/wp-json\/wp\/v2\/tags?post=457878"}],"curies":[{"name":"wp","href":"https:\/\/api.w.org\/{rel}","templated":true}]}}