{"id":457885,"date":"2022-12-03T15:54:36","date_gmt":"2022-12-03T21:54:36","guid":{"rendered":"https:\/\/www.zunoticia.com\/noticias-de-hidalgo\/?p=457885"},"modified":"2022-12-03T15:54:38","modified_gmt":"2022-12-03T21:54:38","slug":"inicia-campana-desacelera-tu-familia-te-espera","status":"publish","type":"post","link":"https:\/\/www.zunoticia.com\/noticias-de-hidalgo\/2022\/12\/03\/inicia-campana-desacelera-tu-familia-te-espera\/","title":{"rendered":"Inicia campa\u00f1a &#8220;Desacelera, t\u00fa familia te espera&#8221;"},"content":{"rendered":"<aside class=\"mashsb-container mashsb-main mashsb-stretched\"><div class=\"mashsb-box\"><div class=\"mashsb-count mash-large\" style=\"float:left\"><div class=\"counts mashsbcount\">52<\/div><span class=\"mashsb-sharetext\">SHARES<\/span><\/div><div class=\"mashsb-buttons\"><a class=\"mashicon-facebook mash-large mash-center mashsb-noshadow\" href=\"https:\/\/www.facebook.com\/sharer.php?u=https%3A%2F%2Fwww.zunoticia.com%2Fnoticias-de-hidalgo%2F2022%2F12%2F03%2Finicia-campana-desacelera-tu-familia-te-espera%2F\" target=\"_top\" rel=\"nofollow\"><span class=\"icon\"><\/span><span class=\"text\">Share<\/span><\/a><a class=\"mashicon-twitter mash-large mash-center mashsb-noshadow\" href=\"https:\/\/twitter.com\/intent\/tweet?text=&amp;url=https:\/\/www.zunoticia.com\/noticias-de-hidalgo\/2022\/12\/03\/inicia-campana-desacelera-tu-familia-te-espera\/\" target=\"_top\" rel=\"nofollow\"><span class=\"icon\"><\/span><span class=\"text\">Tweet<\/span><\/a><div class=\"onoffswitch2 mash-large mashsb-noshadow\" style=\"display:none\"><\/div><\/div>\n            <\/div>\n                <div style=\"clear:both\"><\/div><div class=\"mashsb-toggle-container\"><\/div><\/aside>\n            <!-- Share buttons by mashshare.net - Version: 4.0.47-->\n<p><em>Por Salvador Altamirano\/Zunoticia<\/em><\/p>\n\n\n\n<p><strong>Huejutla, Hgo. &#8211;<\/strong> El ayuntamiento que preside Daniel Andrade Zurutuza, a trav\u00e9s del \u00e1rea de Movilidad Municipal cuyo titular es Rubiceli Hern\u00e1ndez Naranjo, la ma\u00f1ana de este s\u00e1bado realiz\u00f3 en la galera de usos m\u00faltiples del Mercado Laurel, el inicio de la campa\u00f1a denominada &#8220;Desacelera, tu familia te espera&#8221;.<\/p>\n\n\n\n<p>El evento, cuya finalidad es salvaguardar la integridad de los usuarios del transporte regional, for\u00e1neo y urbano, se llev\u00f3 a cabo en coordinaci\u00f3n con el H. Cuerpo de Bomberos que encabeza Juvencio Elizaldi Gonz\u00e1lez.<\/p>\n\n\n\n<figure class=\"wp-block-image size-large\"><img fetchpriority=\"high\" decoding=\"async\" width=\"1024\" height=\"576\" src=\"https:\/\/www.zunoticia.com\/noticias-de-hidalgo\/wp-content\/uploads\/2022\/12\/Photo_1670104268301-1024x576.jpg\" alt=\"\" class=\"wp-image-457887\" srcset=\"https:\/\/www.zunoticia.com\/noticias-de-hidalgo\/wp-content\/uploads\/2022\/12\/Photo_1670104268301-1024x576.jpg 1024w, https:\/\/www.zunoticia.com\/noticias-de-hidalgo\/wp-content\/uploads\/2022\/12\/Photo_1670104268301-300x169.jpg 300w, https:\/\/www.zunoticia.com\/noticias-de-hidalgo\/wp-content\/uploads\/2022\/12\/Photo_1670104268301-768x432.jpg 768w, https:\/\/www.zunoticia.com\/noticias-de-hidalgo\/wp-content\/uploads\/2022\/12\/Photo_1670104268301.jpg 1280w\" sizes=\"(max-width: 1024px) 100vw, 1024px\" \/><\/figure>\n\n\n\n<p>Por tal motivo, correspondi\u00f3 al instructor de la precitada corporaci\u00f3n, Carlos Hidalgo Contreras, capacitar a los asistentes, conductores de unidades de transporte p\u00fablico for\u00e1neo de los diferentes municipios de la regi\u00f3n y en modalidad de taxis; consistente en respetar los l\u00edmites de velocidad, saber c\u00f3mo reaccionar en caso de un accidente y uso del extintor, entre otros aspectos.<\/p>\n\n\n\n<p>A la capacitaci\u00f3n acudi\u00f3 en representaci\u00f3n del mandatario municipal, el profesor Leoncio Villegas Lara, quien durante su intervenci\u00f3n subray\u00f3 que el servicio de transporte es fundamental, por lo que el capacitar a sus operadores es garant\u00eda para quienes hacemos uso de las unidades, ya sean camionetas, microbuses, combis y taxis.<\/p>\n\n\n\n<p>Qu\u00e9 bueno -concluy\u00f3-, que hayan asistido al llamado del ayuntamiento a trav\u00e9s de la dependencia de Movilidad Municipal, qu\u00e9 bueno -reiter\u00f3-, que se dieron tiempo, para que sirvan como un conducto para llevar lo que ahora aprendan a sus compa\u00f1eros, quienes no acudieron por estar laborando o descansando.<\/p>\n\n\n\n<figure class=\"wp-block-gallery has-nested-images columns-default is-cropped wp-block-gallery-1 is-layout-flex wp-block-gallery-is-layout-flex\">\n<figure class=\"wp-block-image size-large\"><img decoding=\"async\" width=\"1024\" height=\"576\" data-id=\"457888\" src=\"https:\/\/www.zunoticia.com\/noticias-de-hidalgo\/wp-content\/uploads\/2022\/12\/Photo_1670104268092-1024x576.jpg\" alt=\"\" class=\"wp-image-457888\" srcset=\"https:\/\/www.zunoticia.com\/noticias-de-hidalgo\/wp-content\/uploads\/2022\/12\/Photo_1670104268092-1024x576.jpg 1024w, https:\/\/www.zunoticia.com\/noticias-de-hidalgo\/wp-content\/uploads\/2022\/12\/Photo_1670104268092-300x169.jpg 300w, https:\/\/www.zunoticia.com\/noticias-de-hidalgo\/wp-content\/uploads\/2022\/12\/Photo_1670104268092-768x432.jpg 768w, https:\/\/www.zunoticia.com\/noticias-de-hidalgo\/wp-content\/uploads\/2022\/12\/Photo_1670104268092.jpg 1280w\" sizes=\"(max-width: 1024px) 100vw, 1024px\" \/><\/figure>\n\n\n\n<figure class=\"wp-block-image size-large\"><img decoding=\"async\" width=\"1024\" height=\"576\" data-id=\"457889\" src=\"https:\/\/www.zunoticia.com\/noticias-de-hidalgo\/wp-content\/uploads\/2022\/12\/Photo_1670104268491-1024x576.jpg\" alt=\"\" class=\"wp-image-457889\" srcset=\"https:\/\/www.zunoticia.com\/noticias-de-hidalgo\/wp-content\/uploads\/2022\/12\/Photo_1670104268491-1024x576.jpg 1024w, https:\/\/www.zunoticia.com\/noticias-de-hidalgo\/wp-content\/uploads\/2022\/12\/Photo_1670104268491-300x169.jpg 300w, https:\/\/www.zunoticia.com\/noticias-de-hidalgo\/wp-content\/uploads\/2022\/12\/Photo_1670104268491-768x432.jpg 768w, https:\/\/www.zunoticia.com\/noticias-de-hidalgo\/wp-content\/uploads\/2022\/12\/Photo_1670104268491.jpg 1280w\" sizes=\"(max-width: 1024px) 100vw, 1024px\" \/><\/figure>\n<\/figure>\n\n\n\n<p>Es oportuno destacar, que al evento acudi\u00f3 el sub oficial de Seguridad P\u00fablica y Tr\u00e1nsito Municipal, Paulino S\u00e1nchez; el oficial Everardo Abarca de la Guardia Nacional Divisi\u00f3n Caminos; representantes de diversas dependencia estatales; funcionarios municipales y dirigentes de gremios de taxistas.<\/p>\n","protected":false},"excerpt":{"rendered":"<p>Por Salvador Altamirano\/Zunoticia Huejutla, Hgo. &#8211; El ayuntamiento que preside Daniel Andrade Zurutuza, a trav\u00e9s del \u00e1rea de Movilidad Municipal cuyo titular es Rubiceli Hern\u00e1ndez Naranjo, la ma\u00f1ana de este s\u00e1bado realiz\u00f3 en la galera de usos m\u00faltiples del Mercado Laurel, el inicio de la campa\u00f1a denominada &#8220;Desacelera, tu familia te espera&#8221;. El evento, cuya&hellip; <a class=\"more-link\" href=\"https:\/\/www.zunoticia.com\/noticias-de-hidalgo\/2022\/12\/03\/inicia-campana-desacelera-tu-familia-te-espera\/\">Seguir leyendo <span class=\"screen-reader-text\">Inicia campa\u00f1a &#8220;Desacelera, t\u00fa familia te espera&#8221;<\/span><\/a><\/p>\n","protected":false},"author":12,"featured_media":457886,"comment_status":"closed","ping_status":"open","sticky":false,"template":"","format":"standard","meta":{"rop_custom_images_group":[],"rop_custom_messages_group":[],"rop_publish_now":"initial","rop_publish_now_accounts":{"facebook_10159540855086992_322828327761733":""},"rop_publish_now_history":[],"rop_publish_now_status":"pending","footnotes":""},"categories":[181],"tags":[121],"class_list":["post-457885","post","type-post","status-publish","format-standard","has-post-thumbnail","hentry","category-huejutla","tag-huejutla","entry"],"_links":{"self":[{"href":"https:\/\/www.zunoticia.com\/noticias-de-hidalgo\/wp-json\/wp\/v2\/posts\/457885","targetHints":{"allow":["GET"]}}],"collection":[{"href":"https:\/\/www.zunoticia.com\/noticias-de-hidalgo\/wp-json\/wp\/v2\/posts"}],"about":[{"href":"https:\/\/www.zunoticia.com\/noticias-de-hidalgo\/wp-json\/wp\/v2\/types\/post"}],"author":[{"embeddable":true,"href":"https:\/\/www.zunoticia.com\/noticias-de-hidalgo\/wp-json\/wp\/v2\/users\/12"}],"replies":[{"embeddable":true,"href":"https:\/\/www.zunoticia.com\/noticias-de-hidalgo\/wp-json\/wp\/v2\/comments?post=457885"}],"version-history":[{"count":1,"href":"https:\/\/www.zunoticia.com\/noticias-de-hidalgo\/wp-json\/wp\/v2\/posts\/457885\/revisions"}],"predecessor-version":[{"id":457890,"href":"https:\/\/www.zunoticia.com\/noticias-de-hidalgo\/wp-json\/wp\/v2\/posts\/457885\/revisions\/457890"}],"wp:featuredmedia":[{"embeddable":true,"href":"https:\/\/www.zunoticia.com\/noticias-de-hidalgo\/wp-json\/wp\/v2\/media\/457886"}],"wp:attachment":[{"href":"https:\/\/www.zunoticia.com\/noticias-de-hidalgo\/wp-json\/wp\/v2\/media?parent=457885"}],"wp:term":[{"taxonomy":"category","embeddable":true,"href":"https:\/\/www.zunoticia.com\/noticias-de-hidalgo\/wp-json\/wp\/v2\/categories?post=457885"},{"taxonomy":"post_tag","embeddable":true,"href":"https:\/\/www.zunoticia.com\/noticias-de-hidalgo\/wp-json\/wp\/v2\/tags?post=457885"}],"curies":[{"name":"wp","href":"https:\/\/api.w.org\/{rel}","templated":true}]}}