{"id":457927,"date":"2022-12-03T18:38:05","date_gmt":"2022-12-04T00:38:05","guid":{"rendered":"https:\/\/www.zunoticia.com\/noticias-de-hidalgo\/?p=457927"},"modified":"2022-12-03T18:38:08","modified_gmt":"2022-12-04T00:38:08","slug":"intensifican-procesiones-y-velaciones-a-la-guadalupana-por-colonias-de-huejutla","status":"publish","type":"post","link":"https:\/\/www.zunoticia.com\/noticias-de-hidalgo\/2022\/12\/03\/intensifican-procesiones-y-velaciones-a-la-guadalupana-por-colonias-de-huejutla\/","title":{"rendered":"Intensifican procesiones y velaciones a la Guadalupana por colonias de Huejutla"},"content":{"rendered":"<aside class=\"mashsb-container mashsb-main mashsb-stretched\"><div class=\"mashsb-box\"><div class=\"mashsb-count mash-large\" style=\"float:left\"><div class=\"counts mashsbcount\">22<\/div><span class=\"mashsb-sharetext\">SHARES<\/span><\/div><div class=\"mashsb-buttons\"><a class=\"mashicon-facebook mash-large mash-center mashsb-noshadow\" href=\"https:\/\/www.facebook.com\/sharer.php?u=https%3A%2F%2Fwww.zunoticia.com%2Fnoticias-de-hidalgo%2F2022%2F12%2F03%2Fintensifican-procesiones-y-velaciones-a-la-guadalupana-por-colonias-de-huejutla%2F\" target=\"_top\" rel=\"nofollow\"><span class=\"icon\"><\/span><span class=\"text\">Share<\/span><\/a><a class=\"mashicon-twitter mash-large mash-center mashsb-noshadow\" href=\"https:\/\/twitter.com\/intent\/tweet?text=&amp;url=https:\/\/www.zunoticia.com\/noticias-de-hidalgo\/2022\/12\/03\/intensifican-procesiones-y-velaciones-a-la-guadalupana-por-colonias-de-huejutla\/\" target=\"_top\" rel=\"nofollow\"><span class=\"icon\"><\/span><span class=\"text\">Tweet<\/span><\/a><div class=\"onoffswitch2 mash-large mashsb-noshadow\" style=\"display:none\"><\/div><\/div>\n            <\/div>\n                <div style=\"clear:both\"><\/div><div class=\"mashsb-toggle-container\"><\/div><\/aside>\n            <!-- Share buttons by mashshare.net - Version: 4.0.47-->\n<p><em>Por Enedino Hern\u00e1ndez\/Zunoticia<\/em><\/p>\n\n\n\n<p><strong>Huejutla, Hgo. &#8211;<\/strong> Con toda oportunidad, al momento se intensifican las procesiones y velaciones por las diversas colonias de Huejutla en honor a la Virgen de Guadalupe, que en este a\u00f1o se cumplen 491 a\u00f1os de sus apariciones.<\/p>\n\n\n\n<p>Es importante recordar que fue un 12 de diciembre de 1531 en la Ciudad de M\u00e9xico, cuando el ind\u00edgena Juan Diego, al llegar junto al cerro llamado Tepeyac, escuch\u00f3 una voz que lo llamaba por su nombre.<\/p>\n\n\n\n<p>Seg\u00fan la tradici\u00f3n, entre el 9 y el 12 de diciembre de 1531, a diez a\u00f1os de la conquista de M\u00e9xico &#8211; Tenochtitlan, la Virgen se apareci\u00f3 en cuatro ocasiones a Juan Diego, en el cerro del Tepeyac, tambi\u00e9n conocido como de Guadalupe, situado a poca distancia de la Ciudad de M\u00e9xico.<\/p>\n\n\n\n<p>En lo que corresponde a la ciudad de Huejutla de Reyes, las procesiones y velaciones se llevan a cabo por las colonias integradas en las parroquias: Sagrario Catedral Cristo Rey de Huejutla, San Judas Tadeo de la colonia Obrera, Santuario de la Virgen de Guadalupe de Tecoluco y Sagrado Coraz\u00f3n de Jes\u00fas de la colonia Parque de Poblamiento.<\/p>\n\n\n\n<p>Normalmente es un buen n\u00famero de fieles cat\u00f3licos quienes participan en estas procesiones y velaciones, en cada una de ellas acompa\u00f1ados por grupos de danzantes como son las inditas, as\u00ed como las tradicionales bandas de viento.<\/p>\n","protected":false},"excerpt":{"rendered":"<p>Por Enedino Hern\u00e1ndez\/Zunoticia Huejutla, Hgo. &#8211; Con toda oportunidad, al momento se intensifican las procesiones y velaciones por las diversas colonias de Huejutla en honor a la Virgen de Guadalupe, que en este a\u00f1o se cumplen 491 a\u00f1os de sus apariciones. Es importante recordar que fue un 12 de diciembre de 1531 en la Ciudad&hellip; <a class=\"more-link\" href=\"https:\/\/www.zunoticia.com\/noticias-de-hidalgo\/2022\/12\/03\/intensifican-procesiones-y-velaciones-a-la-guadalupana-por-colonias-de-huejutla\/\">Seguir leyendo <span class=\"screen-reader-text\">Intensifican procesiones y velaciones a la Guadalupana por colonias de Huejutla<\/span><\/a><\/p>\n","protected":false},"author":12,"featured_media":457928,"comment_status":"closed","ping_status":"open","sticky":false,"template":"","format":"standard","meta":{"rop_custom_images_group":[],"rop_custom_messages_group":[],"rop_publish_now":"initial","rop_publish_now_accounts":{"facebook_10159540855086992_322828327761733":""},"rop_publish_now_history":[],"rop_publish_now_status":"pending","footnotes":""},"categories":[181],"tags":[121],"class_list":["post-457927","post","type-post","status-publish","format-standard","has-post-thumbnail","hentry","category-huejutla","tag-huejutla","entry"],"_links":{"self":[{"href":"https:\/\/www.zunoticia.com\/noticias-de-hidalgo\/wp-json\/wp\/v2\/posts\/457927","targetHints":{"allow":["GET"]}}],"collection":[{"href":"https:\/\/www.zunoticia.com\/noticias-de-hidalgo\/wp-json\/wp\/v2\/posts"}],"about":[{"href":"https:\/\/www.zunoticia.com\/noticias-de-hidalgo\/wp-json\/wp\/v2\/types\/post"}],"author":[{"embeddable":true,"href":"https:\/\/www.zunoticia.com\/noticias-de-hidalgo\/wp-json\/wp\/v2\/users\/12"}],"replies":[{"embeddable":true,"href":"https:\/\/www.zunoticia.com\/noticias-de-hidalgo\/wp-json\/wp\/v2\/comments?post=457927"}],"version-history":[{"count":1,"href":"https:\/\/www.zunoticia.com\/noticias-de-hidalgo\/wp-json\/wp\/v2\/posts\/457927\/revisions"}],"predecessor-version":[{"id":457929,"href":"https:\/\/www.zunoticia.com\/noticias-de-hidalgo\/wp-json\/wp\/v2\/posts\/457927\/revisions\/457929"}],"wp:featuredmedia":[{"embeddable":true,"href":"https:\/\/www.zunoticia.com\/noticias-de-hidalgo\/wp-json\/wp\/v2\/media\/457928"}],"wp:attachment":[{"href":"https:\/\/www.zunoticia.com\/noticias-de-hidalgo\/wp-json\/wp\/v2\/media?parent=457927"}],"wp:term":[{"taxonomy":"category","embeddable":true,"href":"https:\/\/www.zunoticia.com\/noticias-de-hidalgo\/wp-json\/wp\/v2\/categories?post=457927"},{"taxonomy":"post_tag","embeddable":true,"href":"https:\/\/www.zunoticia.com\/noticias-de-hidalgo\/wp-json\/wp\/v2\/tags?post=457927"}],"curies":[{"name":"wp","href":"https:\/\/api.w.org\/{rel}","templated":true}]}}