{"id":457934,"date":"2022-12-03T19:00:29","date_gmt":"2022-12-04T01:00:29","guid":{"rendered":"https:\/\/www.zunoticia.com\/noticias-de-hidalgo\/?p=457934"},"modified":"2022-12-03T19:00:31","modified_gmt":"2022-12-04T01:00:31","slug":"realizan-2a-feria-estatal-para-la-inclusion-de-con-y-para-personas-con-discapacidad","status":"publish","type":"post","link":"https:\/\/www.zunoticia.com\/noticias-de-hidalgo\/2022\/12\/03\/realizan-2a-feria-estatal-para-la-inclusion-de-con-y-para-personas-con-discapacidad\/","title":{"rendered":"Realizan 2\u00aa Feria Estatal para la Inclusi\u00f3n de, con y para Personas con Discapacidad"},"content":{"rendered":"<aside class=\"mashsb-container mashsb-main mashsb-stretched\"><div class=\"mashsb-box\"><div class=\"mashsb-count mash-large\" style=\"float:left\"><div class=\"counts mashsbcount\">21<\/div><span class=\"mashsb-sharetext\">SHARES<\/span><\/div><div class=\"mashsb-buttons\"><a class=\"mashicon-facebook mash-large mash-center mashsb-noshadow\" href=\"https:\/\/www.facebook.com\/sharer.php?u=https%3A%2F%2Fwww.zunoticia.com%2Fnoticias-de-hidalgo%2F2022%2F12%2F03%2Frealizan-2a-feria-estatal-para-la-inclusion-de-con-y-para-personas-con-discapacidad%2F\" target=\"_top\" rel=\"nofollow\"><span class=\"icon\"><\/span><span class=\"text\">Share<\/span><\/a><a class=\"mashicon-twitter mash-large mash-center mashsb-noshadow\" href=\"https:\/\/twitter.com\/intent\/tweet?text=&amp;url=https:\/\/www.zunoticia.com\/noticias-de-hidalgo\/2022\/12\/03\/realizan-2a-feria-estatal-para-la-inclusion-de-con-y-para-personas-con-discapacidad\/\" target=\"_top\" rel=\"nofollow\"><span class=\"icon\"><\/span><span class=\"text\">Tweet<\/span><\/a><div class=\"onoffswitch2 mash-large mashsb-noshadow\" style=\"display:none\"><\/div><\/div>\n            <\/div>\n                <div style=\"clear:both\"><\/div><div class=\"mashsb-toggle-container\"><\/div><\/aside>\n            <!-- Share buttons by mashshare.net - Version: 4.0.47-->\n<p><em>Por Redacci\u00f3n\/Zunoticia<\/em><\/p>\n\n\n\n<p><strong>Pachuca de Soto, Hgo. &#8211; <\/strong>Al inaugurar las actividades de la 2\u00aa Feria Estatal para la Inclusi\u00f3n de, con y para Personas con Discapacidad \u201cSomos Visibles\u201d, el secretario de Educaci\u00f3n P\u00fablica de Hidalgo, Natividad Castrej\u00f3n Valdez, indic\u00f3 que celebrar este ejercicio de colaboraci\u00f3n institucional permite construir un Hidalgo que ofrezca educaci\u00f3n para todas las personas, en todos los niveles, sin exclusi\u00f3n alguna.<\/p>\n\n\n\n<p>El titular de la SEPH puntualiz\u00f3 que se trabaja en cumplir con la encomienda del gobernador Julio Menchaca Salazar, de desarrollar al m\u00e1ximo el potencial de las personas con discapacidad, abriendo espacios educativos como destinos atractivos en los que cada miembro de un equipo pueda contribuir, no a pesar de su identidad, sino gracias a ella.<\/p>\n\n\n\n<figure class=\"wp-block-image size-large\"><img fetchpriority=\"high\" decoding=\"async\" width=\"1024\" height=\"683\" src=\"https:\/\/www.zunoticia.com\/noticias-de-hidalgo\/wp-content\/uploads\/2022\/12\/WhatsApp-Image-2022-12-03-at-6.42.17-PM-1-1024x683.jpeg\" alt=\"\" class=\"wp-image-457937\" srcset=\"https:\/\/www.zunoticia.com\/noticias-de-hidalgo\/wp-content\/uploads\/2022\/12\/WhatsApp-Image-2022-12-03-at-6.42.17-PM-1-1024x683.jpeg 1024w, https:\/\/www.zunoticia.com\/noticias-de-hidalgo\/wp-content\/uploads\/2022\/12\/WhatsApp-Image-2022-12-03-at-6.42.17-PM-1-300x200.jpeg 300w, https:\/\/www.zunoticia.com\/noticias-de-hidalgo\/wp-content\/uploads\/2022\/12\/WhatsApp-Image-2022-12-03-at-6.42.17-PM-1-768x512.jpeg 768w, https:\/\/www.zunoticia.com\/noticias-de-hidalgo\/wp-content\/uploads\/2022\/12\/WhatsApp-Image-2022-12-03-at-6.42.17-PM-1.jpeg 1280w\" sizes=\"(max-width: 1024px) 100vw, 1024px\" \/><\/figure>\n\n\n\n<p>Agreg\u00f3 que una acci\u00f3n estrat\u00e9gica de este gobierno, y de su programa de trabajo, es la de ofrecer servicios educativos suficientes, relevantes y de calidad, con un sentido human\u00edstico y con igualdad de oportunidades de aprendizaje hacia la ni\u00f1ez y la juventud hidalguense.<\/p>\n\n\n\n<p>Por su parte la secretaria de Cultura de Hidalgo, Tania Meza Escorza, detall\u00f3 que la atenci\u00f3n a la discapacidad intelectual particularmente es una deuda que tienen todos los gobiernos del mundo, porque no solamente han sido omisos con las personas con discapacidad f\u00edsica, motriz o m\u00faltiple, si no que el tema de la discapacidad trae consigo la deuda hist\u00f3rica tambi\u00e9n con las personas cuidadoras, ya que \u00e9stas cancelan su vida profesional para atender y cuidar a sus familiares que lo requieren y eso hace que no haya crecimiento y s\u00ed hay empobrecimiento.<\/p>\n\n\n\n<figure class=\"wp-block-image size-large\"><img decoding=\"async\" width=\"1024\" height=\"683\" src=\"https:\/\/www.zunoticia.com\/noticias-de-hidalgo\/wp-content\/uploads\/2022\/12\/WhatsApp-Image-2022-12-03-at-6.42.17-PM-1024x683.jpeg\" alt=\"\" class=\"wp-image-457936\" srcset=\"https:\/\/www.zunoticia.com\/noticias-de-hidalgo\/wp-content\/uploads\/2022\/12\/WhatsApp-Image-2022-12-03-at-6.42.17-PM-1024x683.jpeg 1024w, https:\/\/www.zunoticia.com\/noticias-de-hidalgo\/wp-content\/uploads\/2022\/12\/WhatsApp-Image-2022-12-03-at-6.42.17-PM-300x200.jpeg 300w, https:\/\/www.zunoticia.com\/noticias-de-hidalgo\/wp-content\/uploads\/2022\/12\/WhatsApp-Image-2022-12-03-at-6.42.17-PM-768x512.jpeg 768w, https:\/\/www.zunoticia.com\/noticias-de-hidalgo\/wp-content\/uploads\/2022\/12\/WhatsApp-Image-2022-12-03-at-6.42.17-PM.jpeg 1280w\" sizes=\"(max-width: 1024px) 100vw, 1024px\" \/><\/figure>\n\n\n\n<p>El titular del Sistema Estatal de Integraci\u00f3n Social de Personas con Discapacidad, Alfonso Hayyim Flores Barrera, indic\u00f3 que este evento marca el despegue del Sistema Estatal para la Integraci\u00f3n Social de las Personas con Discapacidad, que por instrucci\u00f3n del gobernador y por mandato de ley, es una promesa cumplida y qu\u00e9 mejor como este entorno, para arropar, fortalecer, y ver nacer este proyecto gubernamental, porque la educaci\u00f3n es la que trasforma las conciencias, adem\u00e1s de que nos hace utilizar de manera adecuada el lenguaje, las formas y tener plena conciencia de nuestra manera de actuar.<\/p>\n\n\n\n<p>En el evento, que se realiz\u00f3 como parte de las acciones por el D\u00eda Internacional de las Personas con Discapacidad, participaron 48 instituciones educativas, de Educaci\u00f3n B\u00e1sica, Media Superior y Superior, secretar\u00edas y dependencias gubernamentales, con el prop\u00f3sito de informar a la comunidad acad\u00e9mica y p\u00fablico en general acerca de las acciones educativas, programas, proyectos, instrumentos y materiales did\u00e1cticos que realiza la Academia Estatal de Educaci\u00f3n Especial para contribuir a la inclusi\u00f3n social, educativa, laboral, art\u00edstica y deportiva de personas en condici\u00f3n de discapacidad.<\/p>\n","protected":false},"excerpt":{"rendered":"<p>Por Redacci\u00f3n\/Zunoticia Pachuca de Soto, Hgo. &#8211; Al inaugurar las actividades de la 2\u00aa Feria Estatal para la Inclusi\u00f3n de, con y para Personas con Discapacidad \u201cSomos Visibles\u201d, el secretario de Educaci\u00f3n P\u00fablica de Hidalgo, Natividad Castrej\u00f3n Valdez, indic\u00f3 que celebrar este ejercicio de colaboraci\u00f3n institucional permite construir un Hidalgo que ofrezca educaci\u00f3n para todas&hellip; <a class=\"more-link\" href=\"https:\/\/www.zunoticia.com\/noticias-de-hidalgo\/2022\/12\/03\/realizan-2a-feria-estatal-para-la-inclusion-de-con-y-para-personas-con-discapacidad\/\">Seguir leyendo <span class=\"screen-reader-text\">Realizan 2\u00aa Feria Estatal para la Inclusi\u00f3n de, con y para Personas con Discapacidad<\/span><\/a><\/p>\n","protected":false},"author":12,"featured_media":457935,"comment_status":"closed","ping_status":"open","sticky":false,"template":"","format":"standard","meta":{"rop_custom_images_group":[],"rop_custom_messages_group":[],"rop_publish_now":"initial","rop_publish_now_accounts":{"facebook_10159540855086992_322828327761733":""},"rop_publish_now_history":[],"rop_publish_now_status":"pending","footnotes":""},"categories":[208],"tags":[214],"class_list":["post-457934","post","type-post","status-publish","format-standard","has-post-thumbnail","hentry","category-estado","tag-estado","entry"],"_links":{"self":[{"href":"https:\/\/www.zunoticia.com\/noticias-de-hidalgo\/wp-json\/wp\/v2\/posts\/457934","targetHints":{"allow":["GET"]}}],"collection":[{"href":"https:\/\/www.zunoticia.com\/noticias-de-hidalgo\/wp-json\/wp\/v2\/posts"}],"about":[{"href":"https:\/\/www.zunoticia.com\/noticias-de-hidalgo\/wp-json\/wp\/v2\/types\/post"}],"author":[{"embeddable":true,"href":"https:\/\/www.zunoticia.com\/noticias-de-hidalgo\/wp-json\/wp\/v2\/users\/12"}],"replies":[{"embeddable":true,"href":"https:\/\/www.zunoticia.com\/noticias-de-hidalgo\/wp-json\/wp\/v2\/comments?post=457934"}],"version-history":[{"count":1,"href":"https:\/\/www.zunoticia.com\/noticias-de-hidalgo\/wp-json\/wp\/v2\/posts\/457934\/revisions"}],"predecessor-version":[{"id":457938,"href":"https:\/\/www.zunoticia.com\/noticias-de-hidalgo\/wp-json\/wp\/v2\/posts\/457934\/revisions\/457938"}],"wp:featuredmedia":[{"embeddable":true,"href":"https:\/\/www.zunoticia.com\/noticias-de-hidalgo\/wp-json\/wp\/v2\/media\/457935"}],"wp:attachment":[{"href":"https:\/\/www.zunoticia.com\/noticias-de-hidalgo\/wp-json\/wp\/v2\/media?parent=457934"}],"wp:term":[{"taxonomy":"category","embeddable":true,"href":"https:\/\/www.zunoticia.com\/noticias-de-hidalgo\/wp-json\/wp\/v2\/categories?post=457934"},{"taxonomy":"post_tag","embeddable":true,"href":"https:\/\/www.zunoticia.com\/noticias-de-hidalgo\/wp-json\/wp\/v2\/tags?post=457934"}],"curies":[{"name":"wp","href":"https:\/\/api.w.org\/{rel}","templated":true}]}}