{"id":457939,"date":"2022-12-03T19:02:50","date_gmt":"2022-12-04T01:02:50","guid":{"rendered":"https:\/\/www.zunoticia.com\/noticias-de-hidalgo\/?p=457939"},"modified":"2022-12-03T19:03:22","modified_gmt":"2022-12-04T01:03:22","slug":"realiza-edda-vite-entrega-masiva-de-apoyos-tecnicos-para-hidalguenses-con-discapacidad","status":"publish","type":"post","link":"https:\/\/www.zunoticia.com\/noticias-de-hidalgo\/2022\/12\/03\/realiza-edda-vite-entrega-masiva-de-apoyos-tecnicos-para-hidalguenses-con-discapacidad\/","title":{"rendered":"Realiza Edda Vite entrega masiva de apoyos t\u00e9cnicos para hidalguenses con discapacidad"},"content":{"rendered":"<aside class=\"mashsb-container mashsb-main mashsb-stretched\"><div class=\"mashsb-box\"><div class=\"mashsb-count mash-large\" style=\"float:left\"><div class=\"counts mashsbcount\">6<\/div><span class=\"mashsb-sharetext\">SHARES<\/span><\/div><div class=\"mashsb-buttons\"><a class=\"mashicon-facebook mash-large mash-center mashsb-noshadow\" href=\"https:\/\/www.facebook.com\/sharer.php?u=https%3A%2F%2Fwww.zunoticia.com%2Fnoticias-de-hidalgo%2F2022%2F12%2F03%2Frealiza-edda-vite-entrega-masiva-de-apoyos-tecnicos-para-hidalguenses-con-discapacidad%2F\" target=\"_top\" rel=\"nofollow\"><span class=\"icon\"><\/span><span class=\"text\">Share<\/span><\/a><a class=\"mashicon-twitter mash-large mash-center mashsb-noshadow\" href=\"https:\/\/twitter.com\/intent\/tweet?text=&amp;url=https:\/\/www.zunoticia.com\/noticias-de-hidalgo\/2022\/12\/03\/realiza-edda-vite-entrega-masiva-de-apoyos-tecnicos-para-hidalguenses-con-discapacidad\/\" target=\"_top\" rel=\"nofollow\"><span class=\"icon\"><\/span><span class=\"text\">Tweet<\/span><\/a><div class=\"onoffswitch2 mash-large mashsb-noshadow\" style=\"display:none\"><\/div><\/div>\n            <\/div>\n                <div style=\"clear:both\"><\/div><div class=\"mashsb-toggle-container\"><\/div><\/aside>\n            <!-- Share buttons by mashshare.net - Version: 4.0.47-->\n<ul class=\"wp-block-list\"><li>47 familias hidalguenses de 29 municipios fueron beneficiadas con la entrega de proyectos productivos.<\/li><li>72 ayudas t\u00e9cnicas y dos pr\u00f3tesis transfemorales fueron entregadas en el Centro de Rehabilitaci\u00f3n Integral de Hidalgo (CRIH).<\/li><\/ul>\n\n\n\n<p><em>Por Redacci\u00f3n\/Zunoticia<\/em><\/p>\n\n\n\n<p><strong>Pachuca de Soto, Hgo. &#8211; <\/strong>En el marco del D\u00eda Internacional de las Personas Discapacidad, Edda Vite, presidenta del Patronato del Sistema DIFH, en conjunto con Celia Chavar\u00edn, directora general de Asistencia Social, hicieron entrega de 50 proyectos productivos y 72 ayudas t\u00e9cnicas a personas que viven con alguna discapacidad como parte del programa \u201cHacia Una Vida Mejor\u201d.<\/p>\n\n\n\n<p>Edda Vite extern\u00f3 a las y los beneficiarios que su bienestar es uno de los aspectos m\u00e1s trascendentes de la agenda del Sistema DIFH. Del mismo modo les alent\u00f3 a luchar por sus familias y sus sue\u00f1os asegurando que tendr\u00e1n siempre el apoyo del organismo que preside.<\/p>\n\n\n\n<figure class=\"wp-block-image size-full\"><img fetchpriority=\"high\" decoding=\"async\" width=\"1024\" height=\"683\" src=\"https:\/\/www.zunoticia.com\/noticias-de-hidalgo\/wp-content\/uploads\/2022\/12\/WhatsApp-Image-2022-12-03-at-6.42.16-PM-1.jpeg\" alt=\"\" class=\"wp-image-457941\" srcset=\"https:\/\/www.zunoticia.com\/noticias-de-hidalgo\/wp-content\/uploads\/2022\/12\/WhatsApp-Image-2022-12-03-at-6.42.16-PM-1.jpeg 1024w, https:\/\/www.zunoticia.com\/noticias-de-hidalgo\/wp-content\/uploads\/2022\/12\/WhatsApp-Image-2022-12-03-at-6.42.16-PM-1-300x200.jpeg 300w, https:\/\/www.zunoticia.com\/noticias-de-hidalgo\/wp-content\/uploads\/2022\/12\/WhatsApp-Image-2022-12-03-at-6.42.16-PM-1-768x512.jpeg 768w\" sizes=\"(max-width: 1024px) 100vw, 1024px\" \/><\/figure>\n\n\n\n<p>\u201cUna de nuestras prioridades es impulsar la inclusi\u00f3n y el desarrollo integral de las personas que cuentan con alg\u00fan tipo de discapacidad. Con el objetivo de que este tipo de ayudas les permita desarrollar su potencial, aumentar su fortaleza para que tengan mayores posibilidades de contribuir a su propio destino en todos los aspectos de su vida diaria\u201d. Edda Vite<\/p>\n\n\n\n<p>El prop\u00f3sito del programa es impulsar el emprendimiento y\/o autoempleo de personas con discapacidad y sus familias a partir del otorgamiento directo de materiales y equipo con los que las y los beneficiados puedan establecer servicios como cocinas econ\u00f3micas, venta de blancos, tiendas de abarrotes, talleres de costura, panader\u00edas y alquileres de mesas y sillas para eventos.<\/p>\n\n\n\n<p>Por otra parte, las entregas de ayudas t\u00e9cnicas estuvieron orientadas a aumentar la independencia de las y los usuarios a fin de desenvolverse de forma \u00f3ptima dentro de las exigencias de la vida cotidiana.&nbsp;<\/p>\n\n\n\n<figure class=\"wp-block-gallery has-nested-images columns-default is-cropped wp-block-gallery-1 is-layout-flex wp-block-gallery-is-layout-flex\">\n<figure class=\"wp-block-image size-large\"><img decoding=\"async\" width=\"1024\" height=\"682\" data-id=\"457943\" src=\"https:\/\/www.zunoticia.com\/noticias-de-hidalgo\/wp-content\/uploads\/2022\/12\/WhatsApp-Image-2022-12-03-at-6.42.17-PM-2.jpeg\" alt=\"\" class=\"wp-image-457943\" srcset=\"https:\/\/www.zunoticia.com\/noticias-de-hidalgo\/wp-content\/uploads\/2022\/12\/WhatsApp-Image-2022-12-03-at-6.42.17-PM-2.jpeg 1024w, https:\/\/www.zunoticia.com\/noticias-de-hidalgo\/wp-content\/uploads\/2022\/12\/WhatsApp-Image-2022-12-03-at-6.42.17-PM-2-300x200.jpeg 300w, https:\/\/www.zunoticia.com\/noticias-de-hidalgo\/wp-content\/uploads\/2022\/12\/WhatsApp-Image-2022-12-03-at-6.42.17-PM-2-768x512.jpeg 768w\" sizes=\"(max-width: 1024px) 100vw, 1024px\" \/><\/figure>\n\n\n\n<figure class=\"wp-block-image size-large\"><img decoding=\"async\" width=\"1024\" height=\"682\" data-id=\"457942\" src=\"https:\/\/www.zunoticia.com\/noticias-de-hidalgo\/wp-content\/uploads\/2022\/12\/WhatsApp-Image-2022-12-03-at-6.42.16-PM.jpeg\" alt=\"\" class=\"wp-image-457942\" srcset=\"https:\/\/www.zunoticia.com\/noticias-de-hidalgo\/wp-content\/uploads\/2022\/12\/WhatsApp-Image-2022-12-03-at-6.42.16-PM.jpeg 1024w, https:\/\/www.zunoticia.com\/noticias-de-hidalgo\/wp-content\/uploads\/2022\/12\/WhatsApp-Image-2022-12-03-at-6.42.16-PM-300x200.jpeg 300w, https:\/\/www.zunoticia.com\/noticias-de-hidalgo\/wp-content\/uploads\/2022\/12\/WhatsApp-Image-2022-12-03-at-6.42.16-PM-768x512.jpeg 768w\" sizes=\"(max-width: 1024px) 100vw, 1024px\" \/><\/figure>\n<\/figure>\n\n\n\n<p>La presidenta del Patronato del Sistema DIFH se refiri\u00f3 a las&nbsp; 124 familias de los municipios de Alfajayucan, Apan, Cardonal, Chapatongo, Chilcuautla, El Arenal, Emiliano Zapata, Huautla, Huejutla de Reyes, Mineral de la Reforma, Mineral del Monte, Nopala de Villagr\u00e1n, Pachuca de Soto, Pisaflores, San Agust\u00edn Tlaxiaca, Singuilucan, Tasquillo, Tecozautla, Tepeapulco, Tepetitl\u00e1n, Tizayuca, Tlanalapa, Tlaxcoapan, Tolcayuca, Tulancingo de Bravo, Xochicoatl\u00e1n, Yahualica y Zimap\u00e1n como potenciales integrantes de la din\u00e1mica econ\u00f3mica de la sociedad hidalguense.<\/p>\n\n\n\n<p>Seg\u00fan el Instituto Nacional de Estad\u00edstica y Geograf\u00eda Hidalgo alberga m\u00e1s de 100 mil quinientas personas con discapacidad y medio mill\u00f3n con limitaciones neuro espaciales de alg\u00fan tipo.<\/p>\n","protected":false},"excerpt":{"rendered":"<p>47 familias hidalguenses de 29 municipios fueron beneficiadas con la entrega de proyectos productivos. 72 ayudas t\u00e9cnicas y dos pr\u00f3tesis transfemorales fueron entregadas en el Centro de Rehabilitaci\u00f3n Integral de Hidalgo (CRIH). Por Redacci\u00f3n\/Zunoticia Pachuca de Soto, Hgo. &#8211; En el marco del D\u00eda Internacional de las Personas Discapacidad, Edda Vite, presidenta del Patronato del&hellip; <a class=\"more-link\" href=\"https:\/\/www.zunoticia.com\/noticias-de-hidalgo\/2022\/12\/03\/realiza-edda-vite-entrega-masiva-de-apoyos-tecnicos-para-hidalguenses-con-discapacidad\/\">Seguir leyendo <span class=\"screen-reader-text\">Realiza Edda Vite entrega masiva de apoyos t\u00e9cnicos para hidalguenses con discapacidad<\/span><\/a><\/p>\n","protected":false},"author":12,"featured_media":457940,"comment_status":"closed","ping_status":"open","sticky":false,"template":"","format":"standard","meta":{"rop_custom_images_group":[],"rop_custom_messages_group":[],"rop_publish_now":"initial","rop_publish_now_accounts":{"facebook_10159540855086992_322828327761733":""},"rop_publish_now_history":[],"rop_publish_now_status":"pending","footnotes":""},"categories":[208],"tags":[214],"class_list":["post-457939","post","type-post","status-publish","format-standard","has-post-thumbnail","hentry","category-estado","tag-estado","entry"],"_links":{"self":[{"href":"https:\/\/www.zunoticia.com\/noticias-de-hidalgo\/wp-json\/wp\/v2\/posts\/457939","targetHints":{"allow":["GET"]}}],"collection":[{"href":"https:\/\/www.zunoticia.com\/noticias-de-hidalgo\/wp-json\/wp\/v2\/posts"}],"about":[{"href":"https:\/\/www.zunoticia.com\/noticias-de-hidalgo\/wp-json\/wp\/v2\/types\/post"}],"author":[{"embeddable":true,"href":"https:\/\/www.zunoticia.com\/noticias-de-hidalgo\/wp-json\/wp\/v2\/users\/12"}],"replies":[{"embeddable":true,"href":"https:\/\/www.zunoticia.com\/noticias-de-hidalgo\/wp-json\/wp\/v2\/comments?post=457939"}],"version-history":[{"count":2,"href":"https:\/\/www.zunoticia.com\/noticias-de-hidalgo\/wp-json\/wp\/v2\/posts\/457939\/revisions"}],"predecessor-version":[{"id":457946,"href":"https:\/\/www.zunoticia.com\/noticias-de-hidalgo\/wp-json\/wp\/v2\/posts\/457939\/revisions\/457946"}],"wp:featuredmedia":[{"embeddable":true,"href":"https:\/\/www.zunoticia.com\/noticias-de-hidalgo\/wp-json\/wp\/v2\/media\/457940"}],"wp:attachment":[{"href":"https:\/\/www.zunoticia.com\/noticias-de-hidalgo\/wp-json\/wp\/v2\/media?parent=457939"}],"wp:term":[{"taxonomy":"category","embeddable":true,"href":"https:\/\/www.zunoticia.com\/noticias-de-hidalgo\/wp-json\/wp\/v2\/categories?post=457939"},{"taxonomy":"post_tag","embeddable":true,"href":"https:\/\/www.zunoticia.com\/noticias-de-hidalgo\/wp-json\/wp\/v2\/tags?post=457939"}],"curies":[{"name":"wp","href":"https:\/\/api.w.org\/{rel}","templated":true}]}}