{"id":458333,"date":"2022-12-06T14:52:06","date_gmt":"2022-12-06T20:52:06","guid":{"rendered":"https:\/\/www.zunoticia.com\/noticias-de-hidalgo\/?p=458333"},"modified":"2022-12-06T14:52:08","modified_gmt":"2022-12-06T20:52:08","slug":"piden-a-comerciantes-mantener-precios-debidamente-regulados","status":"publish","type":"post","link":"https:\/\/www.zunoticia.com\/noticias-de-hidalgo\/2022\/12\/06\/piden-a-comerciantes-mantener-precios-debidamente-regulados\/","title":{"rendered":"Piden a comerciantes mantener precios debidamente regulados"},"content":{"rendered":"<aside class=\"mashsb-container mashsb-main mashsb-stretched\"><div class=\"mashsb-box\"><div class=\"mashsb-count mash-large\" style=\"float:left\"><div class=\"counts mashsbcount\">25<\/div><span class=\"mashsb-sharetext\">SHARES<\/span><\/div><div class=\"mashsb-buttons\"><a class=\"mashicon-facebook mash-large mash-center mashsb-noshadow\" href=\"https:\/\/www.facebook.com\/sharer.php?u=https%3A%2F%2Fwww.zunoticia.com%2Fnoticias-de-hidalgo%2F2022%2F12%2F06%2Fpiden-a-comerciantes-mantener-precios-debidamente-regulados%2F\" target=\"_top\" rel=\"nofollow\"><span class=\"icon\"><\/span><span class=\"text\">Share<\/span><\/a><a class=\"mashicon-twitter mash-large mash-center mashsb-noshadow\" href=\"https:\/\/twitter.com\/intent\/tweet?text=&amp;url=https:\/\/www.zunoticia.com\/noticias-de-hidalgo\/2022\/12\/06\/piden-a-comerciantes-mantener-precios-debidamente-regulados\/\" target=\"_top\" rel=\"nofollow\"><span class=\"icon\"><\/span><span class=\"text\">Tweet<\/span><\/a><div class=\"onoffswitch2 mash-large mashsb-noshadow\" style=\"display:none\"><\/div><\/div>\n            <\/div>\n                <div style=\"clear:both\"><\/div><div class=\"mashsb-toggle-container\"><\/div><\/aside>\n            <!-- Share buttons by mashshare.net - Version: 4.0.47-->\n<p><em>Por Enedino Hern\u00e1ndez\/Zunoticia<\/em><\/p>\n\n\n\n<p><strong>Huejutla, Hgo. &#8211;<\/strong> El secretario de Desarrollo Econ\u00f3mico de la presidencia municipal de Huejutla, Salatiel Dom\u00ednguez, pidi\u00f3 p\u00fablicamente a quienes ejercen la actividad comercial en la ciudad a que mantengan sus productos con precios debidamente regulados y que no excedan del est\u00e1ndar establecidos por las autoridades competentes, sobre todo durante este \u00faltimo mes del a\u00f1o.<\/p>\n\n\n\n<p>Expone que, si no exceden de los precios, al final de cuentas les va a ir mejor; destacando que es elemental apoyar a la ciudadan\u00eda y recordar que estamos en una \u00e9poca en la que el valor adquisitivo es un tema muy importante, que debe cuidarse a la hora de hacer las compras.<\/p>\n\n\n\n<p>Dijo que, en el caso de que un cliente pudiera sentirse afectado por los altos precios de los productos, deber\u00e1 acudir a la Procuradur\u00eda Federal del Consumidor (PROFECO) y ante las instancias correspondientes para presentar sus respectivas quejas.<\/p>\n\n\n\n<p>Asimismo, record\u00f3 que en Huejutla se tiene un problema con ese asunto, \u201cpero est\u00e1n las autoridades correspondientes, se tienen los tel\u00e9fonos y datos, hoy se tiene todo a la mano con la situaci\u00f3n de las redes sociales e internet para que puedan desahogar la inconformidad que tengan\u201d.<\/p>\n\n\n\n<p>Salatiel Dom\u00ednguez, expone que en este mes de diciembre se espera un mayor movimiento comercial en la ciudad de Huejutla de Reyes, pues despu\u00e9s de tanto tiempo de estar inactiva, la gente ya sale y eso ser\u00e1 un factor muy determinante a la hora de los n\u00fameros y con la apertura de las fiestas en Huejutla, se dar\u00e1 un mayor empuje a todo esto.<\/p>\n","protected":false},"excerpt":{"rendered":"<p>Por Enedino Hern\u00e1ndez\/Zunoticia Huejutla, Hgo. &#8211; El secretario de Desarrollo Econ\u00f3mico de la presidencia municipal de Huejutla, Salatiel Dom\u00ednguez, pidi\u00f3 p\u00fablicamente a quienes ejercen la actividad comercial en la ciudad a que mantengan sus productos con precios debidamente regulados y que no excedan del est\u00e1ndar establecidos por las autoridades competentes, sobre todo durante este \u00faltimo&hellip; <a class=\"more-link\" href=\"https:\/\/www.zunoticia.com\/noticias-de-hidalgo\/2022\/12\/06\/piden-a-comerciantes-mantener-precios-debidamente-regulados\/\">Seguir leyendo <span class=\"screen-reader-text\">Piden a comerciantes mantener precios debidamente regulados<\/span><\/a><\/p>\n","protected":false},"author":12,"featured_media":458334,"comment_status":"closed","ping_status":"open","sticky":false,"template":"","format":"standard","meta":{"rop_custom_images_group":[],"rop_custom_messages_group":[],"rop_publish_now":"initial","rop_publish_now_accounts":{"facebook_10159540855086992_322828327761733":""},"rop_publish_now_history":[],"rop_publish_now_status":"pending","footnotes":""},"categories":[181],"tags":[121],"class_list":["post-458333","post","type-post","status-publish","format-standard","has-post-thumbnail","hentry","category-huejutla","tag-huejutla","entry"],"_links":{"self":[{"href":"https:\/\/www.zunoticia.com\/noticias-de-hidalgo\/wp-json\/wp\/v2\/posts\/458333","targetHints":{"allow":["GET"]}}],"collection":[{"href":"https:\/\/www.zunoticia.com\/noticias-de-hidalgo\/wp-json\/wp\/v2\/posts"}],"about":[{"href":"https:\/\/www.zunoticia.com\/noticias-de-hidalgo\/wp-json\/wp\/v2\/types\/post"}],"author":[{"embeddable":true,"href":"https:\/\/www.zunoticia.com\/noticias-de-hidalgo\/wp-json\/wp\/v2\/users\/12"}],"replies":[{"embeddable":true,"href":"https:\/\/www.zunoticia.com\/noticias-de-hidalgo\/wp-json\/wp\/v2\/comments?post=458333"}],"version-history":[{"count":1,"href":"https:\/\/www.zunoticia.com\/noticias-de-hidalgo\/wp-json\/wp\/v2\/posts\/458333\/revisions"}],"predecessor-version":[{"id":458335,"href":"https:\/\/www.zunoticia.com\/noticias-de-hidalgo\/wp-json\/wp\/v2\/posts\/458333\/revisions\/458335"}],"wp:featuredmedia":[{"embeddable":true,"href":"https:\/\/www.zunoticia.com\/noticias-de-hidalgo\/wp-json\/wp\/v2\/media\/458334"}],"wp:attachment":[{"href":"https:\/\/www.zunoticia.com\/noticias-de-hidalgo\/wp-json\/wp\/v2\/media?parent=458333"}],"wp:term":[{"taxonomy":"category","embeddable":true,"href":"https:\/\/www.zunoticia.com\/noticias-de-hidalgo\/wp-json\/wp\/v2\/categories?post=458333"},{"taxonomy":"post_tag","embeddable":true,"href":"https:\/\/www.zunoticia.com\/noticias-de-hidalgo\/wp-json\/wp\/v2\/tags?post=458333"}],"curies":[{"name":"wp","href":"https:\/\/api.w.org\/{rel}","templated":true}]}}