{"id":458342,"date":"2022-12-06T14:57:24","date_gmt":"2022-12-06T20:57:24","guid":{"rendered":"https:\/\/www.zunoticia.com\/noticias-de-hidalgo\/?p=458342"},"modified":"2022-12-06T14:57:26","modified_gmt":"2022-12-06T20:57:26","slug":"simey-olvera-encabezo-la-premiacion-del-9-concurso-regional-de-artesanias-de-la-huasteca","status":"publish","type":"post","link":"https:\/\/www.zunoticia.com\/noticias-de-hidalgo\/2022\/12\/06\/simey-olvera-encabezo-la-premiacion-del-9-concurso-regional-de-artesanias-de-la-huasteca\/","title":{"rendered":"Simey Olvera encabez\u00f3 la premiaci\u00f3n del 9\u00b0 Concurso Regional de Artesan\u00edas de la Huasteca"},"content":{"rendered":"<aside class=\"mashsb-container mashsb-main mashsb-stretched\"><div class=\"mashsb-box\"><div class=\"mashsb-count mash-large\" style=\"float:left\"><div class=\"counts mashsbcount\">14<\/div><span class=\"mashsb-sharetext\">SHARES<\/span><\/div><div class=\"mashsb-buttons\"><a class=\"mashicon-facebook mash-large mash-center mashsb-noshadow\" href=\"https:\/\/www.facebook.com\/sharer.php?u=https%3A%2F%2Fwww.zunoticia.com%2Fnoticias-de-hidalgo%2F2022%2F12%2F06%2Fsimey-olvera-encabezo-la-premiacion-del-9-concurso-regional-de-artesanias-de-la-huasteca%2F\" target=\"_top\" rel=\"nofollow\"><span class=\"icon\"><\/span><span class=\"text\">Share<\/span><\/a><a class=\"mashicon-twitter mash-large mash-center mashsb-noshadow\" href=\"https:\/\/twitter.com\/intent\/tweet?text=&amp;url=https:\/\/www.zunoticia.com\/noticias-de-hidalgo\/2022\/12\/06\/simey-olvera-encabezo-la-premiacion-del-9-concurso-regional-de-artesanias-de-la-huasteca\/\" target=\"_top\" rel=\"nofollow\"><span class=\"icon\"><\/span><span class=\"text\">Tweet<\/span><\/a><div class=\"onoffswitch2 mash-large mashsb-noshadow\" style=\"display:none\"><\/div><\/div>\n            <\/div>\n                <div style=\"clear:both\"><\/div><div class=\"mashsb-toggle-container\"><\/div><\/aside>\n            <!-- Share buttons by mashshare.net - Version: 4.0.47-->\n<ul class=\"wp-block-list\"><li>Fueron 36 personas galardonadas por su talento.<\/li><\/ul>\n\n\n\n<p><em>Por Redacci\u00f3n\/Zunoticia<\/em><\/p>\n\n\n\n<p><strong>Pachuca de Soto, Hgo. &#8211; <\/strong>Para seguir promoviendo las artesan\u00edas en las diferentes regiones del estado, la Secretar\u00eda de Desarrollo Social (Sedeso), a cargo de su titular, Simey Olvera Bautista, hizo entrega de los premios por el 9\u00b0 Concurso Regional de Artesan\u00edas de la Huasteca, mismo que reparti\u00f3 150 mil pesos en premios a 36 personas artesanas de esta zona.<\/p>\n\n\n\n<p>Este concurso, como el de Tenangos Bordados 2022 y Hecho en Hidalgo 2022, se realiz\u00f3 de manera coordinada entre la Secretar\u00eda de Desarrollo Social y el Fondo Nacional para el Fomento de las Artesan\u00edas (FONART), con el objetivo de preservar y promover el arte popular como parte de la cultura viva de todas las regiones del estado, logrando que \u00e9ste siga vigente, tanto entre quien lo realiza como en quien lo consume.<\/p>\n\n\n\n<figure class=\"wp-block-gallery has-nested-images columns-default is-cropped wp-block-gallery-1 is-layout-flex wp-block-gallery-is-layout-flex\">\n<figure class=\"wp-block-image size-large\"><img fetchpriority=\"high\" decoding=\"async\" width=\"682\" height=\"1024\" data-id=\"458345\" src=\"https:\/\/www.zunoticia.com\/noticias-de-hidalgo\/wp-content\/uploads\/2022\/12\/WhatsApp-Image-2022-12-06-at-2.47.26-PM-682x1024.jpeg\" alt=\"\" class=\"wp-image-458345\" srcset=\"https:\/\/www.zunoticia.com\/noticias-de-hidalgo\/wp-content\/uploads\/2022\/12\/WhatsApp-Image-2022-12-06-at-2.47.26-PM-682x1024.jpeg 682w, https:\/\/www.zunoticia.com\/noticias-de-hidalgo\/wp-content\/uploads\/2022\/12\/WhatsApp-Image-2022-12-06-at-2.47.26-PM-200x300.jpeg 200w, https:\/\/www.zunoticia.com\/noticias-de-hidalgo\/wp-content\/uploads\/2022\/12\/WhatsApp-Image-2022-12-06-at-2.47.26-PM-768x1152.jpeg 768w, https:\/\/www.zunoticia.com\/noticias-de-hidalgo\/wp-content\/uploads\/2022\/12\/WhatsApp-Image-2022-12-06-at-2.47.26-PM.jpeg 853w\" sizes=\"(max-width: 682px) 100vw, 682px\" \/><\/figure>\n<\/figure>\n\n\n\n<p>Al respecto, la secretaria Simey Olvera coment\u00f3 que estos concursos se realizan gracias al compromiso que el gobernador Julio Menchaca tiene con este sector, pero tambi\u00e9n gracias a la tenacidad y empe\u00f1o que las y los servidores p\u00fablicos de esta dependencia han puesto para tocar puertas y gestionar los recursos necesarios para lograr premios dignos.<\/p>\n\n\n\n<p>La encargada de la pol\u00edtica social en Hidalgo explic\u00f3 que para esta edici\u00f3n se inscribieron 255 personas, quienes participaron en las ramas de alfarer\u00eda y cer\u00e1mica, fibras vegetales, textiles y talla en madera.<\/p>\n\n\n\n<p>Se\u00f1al\u00f3 que en busca del Hidalgo que queremos es que el gobierno de la entidad sigue los principios de la Cuarta Transformaci\u00f3n y del presidente de la Rep\u00fablica, Andr\u00e9s Manuel L\u00f3pez Obrador, en apoyo a quienes menos tienen y el sector artesanal hist\u00f3ricamente ha sido olvidado, por ello el gran compromiso para transformar para bien la realidad de las familias hidalguenses.<\/p>\n\n\n\n<figure class=\"wp-block-gallery has-nested-images columns-default is-cropped wp-block-gallery-2 is-layout-flex wp-block-gallery-is-layout-flex\">\n<figure class=\"wp-block-image size-large\"><img decoding=\"async\" width=\"1024\" height=\"682\" data-id=\"458344\" src=\"https:\/\/www.zunoticia.com\/noticias-de-hidalgo\/wp-content\/uploads\/2022\/12\/WhatsApp-Image-2022-12-06-at-2.47.25-PM-2-1024x682.jpeg\" alt=\"\" class=\"wp-image-458344\" srcset=\"https:\/\/www.zunoticia.com\/noticias-de-hidalgo\/wp-content\/uploads\/2022\/12\/WhatsApp-Image-2022-12-06-at-2.47.25-PM-2-1024x682.jpeg 1024w, https:\/\/www.zunoticia.com\/noticias-de-hidalgo\/wp-content\/uploads\/2022\/12\/WhatsApp-Image-2022-12-06-at-2.47.25-PM-2-300x200.jpeg 300w, https:\/\/www.zunoticia.com\/noticias-de-hidalgo\/wp-content\/uploads\/2022\/12\/WhatsApp-Image-2022-12-06-at-2.47.25-PM-2-768x512.jpeg 768w, https:\/\/www.zunoticia.com\/noticias-de-hidalgo\/wp-content\/uploads\/2022\/12\/WhatsApp-Image-2022-12-06-at-2.47.25-PM-2.jpeg 1280w\" sizes=\"(max-width: 1024px) 100vw, 1024px\" \/><\/figure>\n<\/figure>\n\n\n\n<p>En su intervenci\u00f3n, la subsecretaria Claudia M\u00e1rquez coment\u00f3 que se ha trabajado de manera continua en promover los espacios de venta en diferentes regiones y eventos para aumentar los ingresos de las personas artesanas, agreg\u00f3 que con los concursos se busca promover la creaci\u00f3n e innovaci\u00f3n en el sector artesanal, mostrar productos nuevos, pero con las t\u00e9cnicas tradicionales y belleza que los caracterizan.<\/p>\n\n\n\n<p>Al t\u00e9rmino de la ceremonia de premiaci\u00f3n, las autoridades presentes realizaron el recorrido para admirar las piezas ganadoras e intercambiar impresiones con las talentosas personas concursantes.<\/p>\n","protected":false},"excerpt":{"rendered":"<p>Fueron 36 personas galardonadas por su talento. Por Redacci\u00f3n\/Zunoticia Pachuca de Soto, Hgo. &#8211; Para seguir promoviendo las artesan\u00edas en las diferentes regiones del estado, la Secretar\u00eda de Desarrollo Social (Sedeso), a cargo de su titular, Simey Olvera Bautista, hizo entrega de los premios por el 9\u00b0 Concurso Regional de Artesan\u00edas de la Huasteca, mismo&hellip; <a class=\"more-link\" href=\"https:\/\/www.zunoticia.com\/noticias-de-hidalgo\/2022\/12\/06\/simey-olvera-encabezo-la-premiacion-del-9-concurso-regional-de-artesanias-de-la-huasteca\/\">Seguir leyendo <span class=\"screen-reader-text\">Simey Olvera encabez\u00f3 la premiaci\u00f3n del 9\u00b0 Concurso Regional de Artesan\u00edas de la Huasteca<\/span><\/a><\/p>\n","protected":false},"author":12,"featured_media":458343,"comment_status":"closed","ping_status":"open","sticky":false,"template":"","format":"standard","meta":{"rop_custom_images_group":[],"rop_custom_messages_group":[],"rop_publish_now":"initial","rop_publish_now_accounts":{"facebook_10159540855086992_322828327761733":""},"rop_publish_now_history":[],"rop_publish_now_status":"pending","footnotes":""},"categories":[208],"tags":[214],"class_list":["post-458342","post","type-post","status-publish","format-standard","has-post-thumbnail","hentry","category-estado","tag-estado","entry"],"_links":{"self":[{"href":"https:\/\/www.zunoticia.com\/noticias-de-hidalgo\/wp-json\/wp\/v2\/posts\/458342","targetHints":{"allow":["GET"]}}],"collection":[{"href":"https:\/\/www.zunoticia.com\/noticias-de-hidalgo\/wp-json\/wp\/v2\/posts"}],"about":[{"href":"https:\/\/www.zunoticia.com\/noticias-de-hidalgo\/wp-json\/wp\/v2\/types\/post"}],"author":[{"embeddable":true,"href":"https:\/\/www.zunoticia.com\/noticias-de-hidalgo\/wp-json\/wp\/v2\/users\/12"}],"replies":[{"embeddable":true,"href":"https:\/\/www.zunoticia.com\/noticias-de-hidalgo\/wp-json\/wp\/v2\/comments?post=458342"}],"version-history":[{"count":1,"href":"https:\/\/www.zunoticia.com\/noticias-de-hidalgo\/wp-json\/wp\/v2\/posts\/458342\/revisions"}],"predecessor-version":[{"id":458346,"href":"https:\/\/www.zunoticia.com\/noticias-de-hidalgo\/wp-json\/wp\/v2\/posts\/458342\/revisions\/458346"}],"wp:featuredmedia":[{"embeddable":true,"href":"https:\/\/www.zunoticia.com\/noticias-de-hidalgo\/wp-json\/wp\/v2\/media\/458343"}],"wp:attachment":[{"href":"https:\/\/www.zunoticia.com\/noticias-de-hidalgo\/wp-json\/wp\/v2\/media?parent=458342"}],"wp:term":[{"taxonomy":"category","embeddable":true,"href":"https:\/\/www.zunoticia.com\/noticias-de-hidalgo\/wp-json\/wp\/v2\/categories?post=458342"},{"taxonomy":"post_tag","embeddable":true,"href":"https:\/\/www.zunoticia.com\/noticias-de-hidalgo\/wp-json\/wp\/v2\/tags?post=458342"}],"curies":[{"name":"wp","href":"https:\/\/api.w.org\/{rel}","templated":true}]}}