{"id":458348,"date":"2022-12-06T15:31:50","date_gmt":"2022-12-06T21:31:50","guid":{"rendered":"https:\/\/www.zunoticia.com\/noticias-de-hidalgo\/?p=458348"},"modified":"2022-12-06T15:31:52","modified_gmt":"2022-12-06T21:31:52","slug":"presentaron-a-autoridades-electas-de-ahuatitla","status":"publish","type":"post","link":"https:\/\/www.zunoticia.com\/noticias-de-hidalgo\/2022\/12\/06\/presentaron-a-autoridades-electas-de-ahuatitla\/","title":{"rendered":"Presentaron a autoridades electas de Ahuatitla"},"content":{"rendered":"<aside class=\"mashsb-container mashsb-main mashsb-stretched\"><div class=\"mashsb-box\"><div class=\"mashsb-count mash-large\" style=\"float:left\"><div class=\"counts mashsbcount\">43<\/div><span class=\"mashsb-sharetext\">SHARES<\/span><\/div><div class=\"mashsb-buttons\"><a class=\"mashicon-facebook mash-large mash-center mashsb-noshadow\" href=\"https:\/\/www.facebook.com\/sharer.php?u=https%3A%2F%2Fwww.zunoticia.com%2Fnoticias-de-hidalgo%2F2022%2F12%2F06%2Fpresentaron-a-autoridades-electas-de-ahuatitla%2F\" target=\"_top\" rel=\"nofollow\"><span class=\"icon\"><\/span><span class=\"text\">Share<\/span><\/a><a class=\"mashicon-twitter mash-large mash-center mashsb-noshadow\" href=\"https:\/\/twitter.com\/intent\/tweet?text=&amp;url=https:\/\/www.zunoticia.com\/noticias-de-hidalgo\/2022\/12\/06\/presentaron-a-autoridades-electas-de-ahuatitla\/\" target=\"_top\" rel=\"nofollow\"><span class=\"icon\"><\/span><span class=\"text\">Tweet<\/span><\/a><div class=\"onoffswitch2 mash-large mashsb-noshadow\" style=\"display:none\"><\/div><\/div>\n            <\/div>\n                <div style=\"clear:both\"><\/div><div class=\"mashsb-toggle-container\"><\/div><\/aside>\n            <!-- Share buttons by mashshare.net - Version: 4.0.47-->\n<p><em>Por \u00c1ngel Silverio\/Zunoticia<\/em><\/p>\n\n\n\n<p><strong>San Felipe Orizatl\u00e1n, Hgo. &#8211;<\/strong> Ejerciendo sus usos y costumbres, este pasado lunes fue realizada en la localidad de Ahuatitla, una asamblea general para presentar a las autoridades delegacionales electas, las cuales habr\u00e1n de fungir para el periodo 2023-2024, siendo avalada dicha planilla por toda la comunidad, as\u00ed tambi\u00e9n se eligi\u00f3 al nuevo fiscal.<\/p>\n\n\n\n<p>Fue este pasado lunes cuando las autoridades representadas por \u00d3scar Mart\u00ednez Amador, convocaron a una asamblea general para que mediante el voto de mayor\u00eda se avalara a la nueva comitiva que habr\u00e1 de fungir en el pr\u00f3ximo a\u00f1o; adem\u00e1s de acordar trabajar en unidad por el bienestar del pueblo.<\/p>\n\n\n\n<figure class=\"wp-block-gallery has-nested-images columns-default is-cropped wp-block-gallery-1 is-layout-flex wp-block-gallery-is-layout-flex\">\n<figure class=\"wp-block-image size-large\"><img fetchpriority=\"high\" decoding=\"async\" width=\"1024\" height=\"461\" data-id=\"458350\" src=\"https:\/\/www.zunoticia.com\/noticias-de-hidalgo\/wp-content\/uploads\/2022\/12\/WhatsApp-Image-2022-12-06-at-3.27.30-PM-2-1024x461.jpeg\" alt=\"\" class=\"wp-image-458350\" srcset=\"https:\/\/www.zunoticia.com\/noticias-de-hidalgo\/wp-content\/uploads\/2022\/12\/WhatsApp-Image-2022-12-06-at-3.27.30-PM-2-1024x461.jpeg 1024w, https:\/\/www.zunoticia.com\/noticias-de-hidalgo\/wp-content\/uploads\/2022\/12\/WhatsApp-Image-2022-12-06-at-3.27.30-PM-2-300x135.jpeg 300w, https:\/\/www.zunoticia.com\/noticias-de-hidalgo\/wp-content\/uploads\/2022\/12\/WhatsApp-Image-2022-12-06-at-3.27.30-PM-2-768x346.jpeg 768w, https:\/\/www.zunoticia.com\/noticias-de-hidalgo\/wp-content\/uploads\/2022\/12\/WhatsApp-Image-2022-12-06-at-3.27.30-PM-2.jpeg 1280w\" sizes=\"(max-width: 1024px) 100vw, 1024px\" \/><\/figure>\n<\/figure>\n\n\n\n<p>En el lugar, tras la elecci\u00f3n del concejo de ex delegados, fue presentado como nuevo delegado electo el se\u00f1or Francisco Antonio Hern\u00e1ndez, as\u00ed como tambi\u00e9n el nuevo fiscal, encargado del pante\u00f3n municipal, Rosalino Nabor y su secretario Quirino Garc\u00eda, esperando as\u00ed la fecha pr\u00f3xima para que tomen los mandos en sus respectivos cargos.<\/p>\n\n\n\n<p>Por su parte, Oscar Mart\u00ednez Amador agradeci\u00f3 el apoyo de la nueva comitiva, as\u00ed como la de su periodo de gesti\u00f3n; adem\u00e1s adelant\u00f3 que en pr\u00f3ximos d\u00edas se estar\u00e1 rindiendo un informe de las obras y acciones que se hicieron durante este a\u00f1o 2022.<\/p>\n","protected":false},"excerpt":{"rendered":"<p>Por \u00c1ngel Silverio\/Zunoticia San Felipe Orizatl\u00e1n, Hgo. &#8211; Ejerciendo sus usos y costumbres, este pasado lunes fue realizada en la localidad de Ahuatitla, una asamblea general para presentar a las autoridades delegacionales electas, las cuales habr\u00e1n de fungir para el periodo 2023-2024, siendo avalada dicha planilla por toda la comunidad, as\u00ed tambi\u00e9n se eligi\u00f3 al&hellip; <a class=\"more-link\" href=\"https:\/\/www.zunoticia.com\/noticias-de-hidalgo\/2022\/12\/06\/presentaron-a-autoridades-electas-de-ahuatitla\/\">Seguir leyendo <span class=\"screen-reader-text\">Presentaron a autoridades electas de Ahuatitla<\/span><\/a><\/p>\n","protected":false},"author":12,"featured_media":458349,"comment_status":"closed","ping_status":"open","sticky":false,"template":"","format":"standard","meta":{"rop_custom_images_group":[],"rop_custom_messages_group":[],"rop_publish_now":"initial","rop_publish_now_accounts":{"facebook_10159540855086992_322828327761733":""},"rop_publish_now_history":[],"rop_publish_now_status":"pending","footnotes":""},"categories":[180],"tags":[129],"class_list":["post-458348","post","type-post","status-publish","format-standard","has-post-thumbnail","hentry","category-orizatlan","tag-orizatlan","entry"],"_links":{"self":[{"href":"https:\/\/www.zunoticia.com\/noticias-de-hidalgo\/wp-json\/wp\/v2\/posts\/458348","targetHints":{"allow":["GET"]}}],"collection":[{"href":"https:\/\/www.zunoticia.com\/noticias-de-hidalgo\/wp-json\/wp\/v2\/posts"}],"about":[{"href":"https:\/\/www.zunoticia.com\/noticias-de-hidalgo\/wp-json\/wp\/v2\/types\/post"}],"author":[{"embeddable":true,"href":"https:\/\/www.zunoticia.com\/noticias-de-hidalgo\/wp-json\/wp\/v2\/users\/12"}],"replies":[{"embeddable":true,"href":"https:\/\/www.zunoticia.com\/noticias-de-hidalgo\/wp-json\/wp\/v2\/comments?post=458348"}],"version-history":[{"count":1,"href":"https:\/\/www.zunoticia.com\/noticias-de-hidalgo\/wp-json\/wp\/v2\/posts\/458348\/revisions"}],"predecessor-version":[{"id":458351,"href":"https:\/\/www.zunoticia.com\/noticias-de-hidalgo\/wp-json\/wp\/v2\/posts\/458348\/revisions\/458351"}],"wp:featuredmedia":[{"embeddable":true,"href":"https:\/\/www.zunoticia.com\/noticias-de-hidalgo\/wp-json\/wp\/v2\/media\/458349"}],"wp:attachment":[{"href":"https:\/\/www.zunoticia.com\/noticias-de-hidalgo\/wp-json\/wp\/v2\/media?parent=458348"}],"wp:term":[{"taxonomy":"category","embeddable":true,"href":"https:\/\/www.zunoticia.com\/noticias-de-hidalgo\/wp-json\/wp\/v2\/categories?post=458348"},{"taxonomy":"post_tag","embeddable":true,"href":"https:\/\/www.zunoticia.com\/noticias-de-hidalgo\/wp-json\/wp\/v2\/tags?post=458348"}],"curies":[{"name":"wp","href":"https:\/\/api.w.org\/{rel}","templated":true}]}}