{"id":458352,"date":"2022-12-06T15:35:35","date_gmt":"2022-12-06T21:35:35","guid":{"rendered":"https:\/\/www.zunoticia.com\/noticias-de-hidalgo\/?p=458352"},"modified":"2022-12-06T15:35:37","modified_gmt":"2022-12-06T21:35:37","slug":"pide-delegado-no-amarrar-lonas-durante-eventos-en-arboles-del-centro-historico","status":"publish","type":"post","link":"https:\/\/www.zunoticia.com\/noticias-de-hidalgo\/2022\/12\/06\/pide-delegado-no-amarrar-lonas-durante-eventos-en-arboles-del-centro-historico\/","title":{"rendered":"Pide delegado no amarrar lonas durante eventos en \u00e1rboles del Centro Hist\u00f3rico"},"content":{"rendered":"<aside class=\"mashsb-container mashsb-main mashsb-stretched\"><div class=\"mashsb-box\"><div class=\"mashsb-count mash-large\" style=\"float:left\"><div class=\"counts mashsbcount\">14<\/div><span class=\"mashsb-sharetext\">SHARES<\/span><\/div><div class=\"mashsb-buttons\"><a class=\"mashicon-facebook mash-large mash-center mashsb-noshadow\" href=\"https:\/\/www.facebook.com\/sharer.php?u=https%3A%2F%2Fwww.zunoticia.com%2Fnoticias-de-hidalgo%2F2022%2F12%2F06%2Fpide-delegado-no-amarrar-lonas-durante-eventos-en-arboles-del-centro-historico%2F\" target=\"_top\" rel=\"nofollow\"><span class=\"icon\"><\/span><span class=\"text\">Share<\/span><\/a><a class=\"mashicon-twitter mash-large mash-center mashsb-noshadow\" href=\"https:\/\/twitter.com\/intent\/tweet?text=&amp;url=https:\/\/www.zunoticia.com\/noticias-de-hidalgo\/2022\/12\/06\/pide-delegado-no-amarrar-lonas-durante-eventos-en-arboles-del-centro-historico\/\" target=\"_top\" rel=\"nofollow\"><span class=\"icon\"><\/span><span class=\"text\">Tweet<\/span><\/a><div class=\"onoffswitch2 mash-large mashsb-noshadow\" style=\"display:none\"><\/div><\/div>\n            <\/div>\n                <div style=\"clear:both\"><\/div><div class=\"mashsb-toggle-container\"><\/div><\/aside>\n            <!-- Share buttons by mashshare.net - Version: 4.0.47-->\n<p><em>Por Salvador Altamirano\/Zunoticia<\/em><\/p>\n\n\n\n<p><strong>Huejutla, Hgo. &#8211;<\/strong> Personas que laboran en el primer cuadro de la poblaci\u00f3n, manifestaron que para tensar la lona del \u00faltimo evento realizado en la plaza 21 de Mayo, amarraron unos lazos en una rama de un \u00e1rbol de ornato del Centro Hist\u00f3rico, la cual se quebr\u00f3.<\/p>\n\n\n\n<p>Agregaron que, por tal motivo, personal adscrito al municipio opt\u00f3 la ma\u00f1ana de este d\u00eda, por talar el \u00e1rbol ornamental, el cual no era un arbusto -aclararon-, consideraron que se debe de tener precauci\u00f3n cuando se lleve a cabo cualquier actividad en el primer cuadro del pueblo.<\/p>\n\n\n\n<figure class=\"wp-block-gallery has-nested-images columns-default is-cropped wp-block-gallery-1 is-layout-flex wp-block-gallery-is-layout-flex\">\n<figure class=\"wp-block-image size-large\"><img fetchpriority=\"high\" decoding=\"async\" width=\"1024\" height=\"576\" data-id=\"458354\" src=\"https:\/\/www.zunoticia.com\/noticias-de-hidalgo\/wp-content\/uploads\/2022\/12\/WhatsApp-Image-2022-12-06-at-3.27.30-PM-1-1024x576.jpeg\" alt=\"\" class=\"wp-image-458354\" srcset=\"https:\/\/www.zunoticia.com\/noticias-de-hidalgo\/wp-content\/uploads\/2022\/12\/WhatsApp-Image-2022-12-06-at-3.27.30-PM-1-1024x576.jpeg 1024w, https:\/\/www.zunoticia.com\/noticias-de-hidalgo\/wp-content\/uploads\/2022\/12\/WhatsApp-Image-2022-12-06-at-3.27.30-PM-1-300x169.jpeg 300w, https:\/\/www.zunoticia.com\/noticias-de-hidalgo\/wp-content\/uploads\/2022\/12\/WhatsApp-Image-2022-12-06-at-3.27.30-PM-1-768x432.jpeg 768w, https:\/\/www.zunoticia.com\/noticias-de-hidalgo\/wp-content\/uploads\/2022\/12\/WhatsApp-Image-2022-12-06-at-3.27.30-PM-1.jpeg 1280w\" sizes=\"(max-width: 1024px) 100vw, 1024px\" \/><\/figure>\n<\/figure>\n\n\n\n<p>As\u00ed mismo, el delegado de la Zona Centro, Felipe de Jes\u00fas Rodr\u00edguez Vera, solicit\u00f3 a las autoridades municipales y a los comerciantes que laboran en determinados d\u00edas en dicho sector, que no amarren lazos en los \u00e1rboles de ornato, los cuales le otorgan al Centro Hist\u00f3rico una imagen digna de apreciar.<\/p>\n\n\n\n<p>En el mismo contexto, lament\u00f3 que los vendedores tianguistas que los d\u00edas domingo trabajan en el anexo de la avenida Nuevo Le\u00f3n, hagan caso omiso al requerimiento de que ya no amarren lazos de pilares y vigas de los portales, los cuales al igual que los \u00e1rboles y arbustos del Centro Hist\u00f3rico, tambi\u00e9n son de ornato.<\/p>\n\n\n\n<p>Para concluir, Rodr\u00edguez Vera enfatiz\u00f3 que Huejutla tiene un Centro Hist\u00f3rico que ya quisieran otras poblaciones de la regi\u00f3n, pero por desgracia, no se le da la importancia y cuidado que requiere, a tal grado, que ostenta cierto deterioro.<\/p>\n","protected":false},"excerpt":{"rendered":"<p>Por Salvador Altamirano\/Zunoticia Huejutla, Hgo. &#8211; Personas que laboran en el primer cuadro de la poblaci\u00f3n, manifestaron que para tensar la lona del \u00faltimo evento realizado en la plaza 21 de Mayo, amarraron unos lazos en una rama de un \u00e1rbol de ornato del Centro Hist\u00f3rico, la cual se quebr\u00f3. Agregaron que, por tal motivo,&hellip; <a class=\"more-link\" href=\"https:\/\/www.zunoticia.com\/noticias-de-hidalgo\/2022\/12\/06\/pide-delegado-no-amarrar-lonas-durante-eventos-en-arboles-del-centro-historico\/\">Seguir leyendo <span class=\"screen-reader-text\">Pide delegado no amarrar lonas durante eventos en \u00e1rboles del Centro Hist\u00f3rico<\/span><\/a><\/p>\n","protected":false},"author":12,"featured_media":458353,"comment_status":"closed","ping_status":"open","sticky":false,"template":"","format":"standard","meta":{"rop_custom_images_group":[],"rop_custom_messages_group":[],"rop_publish_now":"initial","rop_publish_now_accounts":{"facebook_10159540855086992_322828327761733":""},"rop_publish_now_history":[],"rop_publish_now_status":"pending","footnotes":""},"categories":[181],"tags":[121],"class_list":["post-458352","post","type-post","status-publish","format-standard","has-post-thumbnail","hentry","category-huejutla","tag-huejutla","entry"],"_links":{"self":[{"href":"https:\/\/www.zunoticia.com\/noticias-de-hidalgo\/wp-json\/wp\/v2\/posts\/458352","targetHints":{"allow":["GET"]}}],"collection":[{"href":"https:\/\/www.zunoticia.com\/noticias-de-hidalgo\/wp-json\/wp\/v2\/posts"}],"about":[{"href":"https:\/\/www.zunoticia.com\/noticias-de-hidalgo\/wp-json\/wp\/v2\/types\/post"}],"author":[{"embeddable":true,"href":"https:\/\/www.zunoticia.com\/noticias-de-hidalgo\/wp-json\/wp\/v2\/users\/12"}],"replies":[{"embeddable":true,"href":"https:\/\/www.zunoticia.com\/noticias-de-hidalgo\/wp-json\/wp\/v2\/comments?post=458352"}],"version-history":[{"count":1,"href":"https:\/\/www.zunoticia.com\/noticias-de-hidalgo\/wp-json\/wp\/v2\/posts\/458352\/revisions"}],"predecessor-version":[{"id":458355,"href":"https:\/\/www.zunoticia.com\/noticias-de-hidalgo\/wp-json\/wp\/v2\/posts\/458352\/revisions\/458355"}],"wp:featuredmedia":[{"embeddable":true,"href":"https:\/\/www.zunoticia.com\/noticias-de-hidalgo\/wp-json\/wp\/v2\/media\/458353"}],"wp:attachment":[{"href":"https:\/\/www.zunoticia.com\/noticias-de-hidalgo\/wp-json\/wp\/v2\/media?parent=458352"}],"wp:term":[{"taxonomy":"category","embeddable":true,"href":"https:\/\/www.zunoticia.com\/noticias-de-hidalgo\/wp-json\/wp\/v2\/categories?post=458352"},{"taxonomy":"post_tag","embeddable":true,"href":"https:\/\/www.zunoticia.com\/noticias-de-hidalgo\/wp-json\/wp\/v2\/tags?post=458352"}],"curies":[{"name":"wp","href":"https:\/\/api.w.org\/{rel}","templated":true}]}}