{"id":458365,"date":"2022-12-06T16:09:59","date_gmt":"2022-12-06T22:09:59","guid":{"rendered":"https:\/\/www.zunoticia.com\/noticias-de-hidalgo\/?p=458365"},"modified":"2022-12-06T16:10:01","modified_gmt":"2022-12-06T22:10:01","slug":"fomenta-seph-inclusion-y-equidad-en-escuelas-de-educacion-basica","status":"publish","type":"post","link":"https:\/\/www.zunoticia.com\/noticias-de-hidalgo\/2022\/12\/06\/fomenta-seph-inclusion-y-equidad-en-escuelas-de-educacion-basica\/","title":{"rendered":"Fomenta SEPH inclusi\u00f3n y equidad en escuelas de Educaci\u00f3n B\u00e1sica"},"content":{"rendered":"<aside class=\"mashsb-container mashsb-main mashsb-stretched\"><div class=\"mashsb-box\"><div class=\"mashsb-count mash-large\" style=\"float:left\"><div class=\"counts mashsbcount\">27<\/div><span class=\"mashsb-sharetext\">SHARES<\/span><\/div><div class=\"mashsb-buttons\"><a class=\"mashicon-facebook mash-large mash-center mashsb-noshadow\" href=\"https:\/\/www.facebook.com\/sharer.php?u=https%3A%2F%2Fwww.zunoticia.com%2Fnoticias-de-hidalgo%2F2022%2F12%2F06%2Ffomenta-seph-inclusion-y-equidad-en-escuelas-de-educacion-basica%2F\" target=\"_top\" rel=\"nofollow\"><span class=\"icon\"><\/span><span class=\"text\">Share<\/span><\/a><a class=\"mashicon-twitter mash-large mash-center mashsb-noshadow\" href=\"https:\/\/twitter.com\/intent\/tweet?text=&amp;url=https:\/\/www.zunoticia.com\/noticias-de-hidalgo\/2022\/12\/06\/fomenta-seph-inclusion-y-equidad-en-escuelas-de-educacion-basica\/\" target=\"_top\" rel=\"nofollow\"><span class=\"icon\"><\/span><span class=\"text\">Tweet<\/span><\/a><div class=\"onoffswitch2 mash-large mashsb-noshadow\" style=\"display:none\"><\/div><\/div>\n            <\/div>\n                <div style=\"clear:both\"><\/div><div class=\"mashsb-toggle-container\"><\/div><\/aside>\n            <!-- Share buttons by mashshare.net - Version: 4.0.47-->\n<p><em>Por Redacci\u00f3n\/Zunoticia<\/em><\/p>\n\n\n\n<p><strong>Pachuca de Soto, Hgo. &#8211; <\/strong>Dentro de las actividades programadas en la campa\u00f1a 16 D\u00edas de Activismo Contra la Violencia de G\u00e9nero que organiza la Secretar\u00eda de Educaci\u00f3n P\u00fablica de Hidalgo (SEPH) y su Unidad Institucional para la Igualdad entre Mujeres y Hombres (UIIMH), se llev\u00f3 a cabo la Feria de experiencias exitosas en materia de g\u00e9nero, en la Escuela Secundaria General N\u00famero 10 \u201cRicardo Garibay Ortega\u201d de Pachuca, actividad encabezada por la Direcci\u00f3n General de Fortalecimiento Educativo.<\/p>\n\n\n\n<figure class=\"wp-block-gallery has-nested-images columns-default is-cropped wp-block-gallery-1 is-layout-flex wp-block-gallery-is-layout-flex\">\n<figure class=\"wp-block-image size-large\"><img fetchpriority=\"high\" decoding=\"async\" width=\"1024\" height=\"768\" data-id=\"458368\" src=\"https:\/\/www.zunoticia.com\/noticias-de-hidalgo\/wp-content\/uploads\/2022\/12\/WhatsApp-Image-2022-12-06-at-3.42.00-PM-1-1024x768.jpeg\" alt=\"\" class=\"wp-image-458368\" srcset=\"https:\/\/www.zunoticia.com\/noticias-de-hidalgo\/wp-content\/uploads\/2022\/12\/WhatsApp-Image-2022-12-06-at-3.42.00-PM-1-1024x768.jpeg 1024w, https:\/\/www.zunoticia.com\/noticias-de-hidalgo\/wp-content\/uploads\/2022\/12\/WhatsApp-Image-2022-12-06-at-3.42.00-PM-1-300x225.jpeg 300w, https:\/\/www.zunoticia.com\/noticias-de-hidalgo\/wp-content\/uploads\/2022\/12\/WhatsApp-Image-2022-12-06-at-3.42.00-PM-1-768x576.jpeg 768w, https:\/\/www.zunoticia.com\/noticias-de-hidalgo\/wp-content\/uploads\/2022\/12\/WhatsApp-Image-2022-12-06-at-3.42.00-PM-1.jpeg 1040w\" sizes=\"(max-width: 1024px) 100vw, 1024px\" \/><\/figure>\n<\/figure>\n\n\n\n<p>Como parte del fomento a la convivencia sana y respetuosa en las escuelas y en el marco de una cultura de paz con perspectiva de g\u00e9nero que impulsa el gobernador Julio Menchaca Salazar y el titular de la SEPH, Natividad Castrej\u00f3n Valdez, las actividades que se realizan a lo largo de la campa\u00f1a de 16 D\u00edas de Activismo tienen como finalidad compartir informaci\u00f3n, herramientas de actuaci\u00f3n, fundamentos jur\u00eddicos, experiencias, retos, luchas, que llevan a reflexionar y a sensibilizar a las y los receptores sobre la importancia que representa la atenci\u00f3n a las recomendaciones y acciones para prevenir conductas de riesgos y por ende erradicar la violencia.<\/p>\n\n\n\n<p>En esta Feria de experiencias exitosas en materia de g\u00e9nero se realizaron participaciones art\u00edsticas y poes\u00edas con letras creadas por las y los estudiantes, asimismo se instalaron 11 stads, abordando las siguientes tem\u00e1ticas: derechos de ni\u00f1as, ni\u00f1os y adolescentes; igualdad de g\u00e9nero; lenguaje incluyente; marco jur\u00eddico de los derechos de las mujeres; nuevas masculinidades; resoluci\u00f3n no violenta de conflictos; tipos de violencia; violent\u00f3metro; y no violencia contra ni\u00f1as y mujeres.<\/p>\n\n\n\n<figure class=\"wp-block-gallery has-nested-images columns-default is-cropped wp-block-gallery-2 is-layout-flex wp-block-gallery-is-layout-flex\">\n<figure class=\"wp-block-image size-large\"><img decoding=\"async\" width=\"1024\" height=\"768\" data-id=\"458367\" src=\"https:\/\/www.zunoticia.com\/noticias-de-hidalgo\/wp-content\/uploads\/2022\/12\/WhatsApp-Image-2022-12-06-at-3.42.01-PM-3-1024x768.jpeg\" alt=\"\" class=\"wp-image-458367\" srcset=\"https:\/\/www.zunoticia.com\/noticias-de-hidalgo\/wp-content\/uploads\/2022\/12\/WhatsApp-Image-2022-12-06-at-3.42.01-PM-3-1024x768.jpeg 1024w, https:\/\/www.zunoticia.com\/noticias-de-hidalgo\/wp-content\/uploads\/2022\/12\/WhatsApp-Image-2022-12-06-at-3.42.01-PM-3-300x225.jpeg 300w, https:\/\/www.zunoticia.com\/noticias-de-hidalgo\/wp-content\/uploads\/2022\/12\/WhatsApp-Image-2022-12-06-at-3.42.01-PM-3-768x576.jpeg 768w, https:\/\/www.zunoticia.com\/noticias-de-hidalgo\/wp-content\/uploads\/2022\/12\/WhatsApp-Image-2022-12-06-at-3.42.01-PM-3.jpeg 1280w\" sizes=\"(max-width: 1024px) 100vw, 1024px\" \/><\/figure>\n<\/figure>\n\n\n\n<p>Adem\u00e1s, se elaboraron composiciones sobre equidad de g\u00e9nero y la participaci\u00f3n del coro de la escuela. Estas acciones que llevan a cabo las y los estudiantes reflejan el inter\u00e9s de la comunidad educativa, para fortalecer el bienestar, la seguridad, los valores, el amor, los derechos, as\u00ed como la importancia que representa la educaci\u00f3n en la perspectiva de g\u00e9nero.<\/p>\n\n\n\n<p>En dicho evento estuvo presente la directora de la UIIMH, Nhur Amira N\u00fa\u00f1ez Ponce; la directora general de Educaci\u00f3n B\u00e1sica, Nancy Adriana Le\u00f3n Vite; el director general de Fortalecimiento Educativo, Mart\u00edn P\u00e9rez Sierra; la directora de la Escuela Secundaria General No. 10, Claudia Judith Ambriz Ramos, adem\u00e1s de docentes, personal administrativo, alumnas y alumnos.<\/p>\n","protected":false},"excerpt":{"rendered":"<p>Por Redacci\u00f3n\/Zunoticia Pachuca de Soto, Hgo. &#8211; Dentro de las actividades programadas en la campa\u00f1a 16 D\u00edas de Activismo Contra la Violencia de G\u00e9nero que organiza la Secretar\u00eda de Educaci\u00f3n P\u00fablica de Hidalgo (SEPH) y su Unidad Institucional para la Igualdad entre Mujeres y Hombres (UIIMH), se llev\u00f3 a cabo la Feria de experiencias exitosas&hellip; <a class=\"more-link\" href=\"https:\/\/www.zunoticia.com\/noticias-de-hidalgo\/2022\/12\/06\/fomenta-seph-inclusion-y-equidad-en-escuelas-de-educacion-basica\/\">Seguir leyendo <span class=\"screen-reader-text\">Fomenta SEPH inclusi\u00f3n y equidad en escuelas de Educaci\u00f3n B\u00e1sica<\/span><\/a><\/p>\n","protected":false},"author":12,"featured_media":458366,"comment_status":"closed","ping_status":"open","sticky":false,"template":"","format":"standard","meta":{"rop_custom_images_group":[],"rop_custom_messages_group":[],"rop_publish_now":"initial","rop_publish_now_accounts":{"facebook_10159540855086992_322828327761733":""},"rop_publish_now_history":[],"rop_publish_now_status":"pending","footnotes":""},"categories":[208],"tags":[214],"class_list":["post-458365","post","type-post","status-publish","format-standard","has-post-thumbnail","hentry","category-estado","tag-estado","entry"],"_links":{"self":[{"href":"https:\/\/www.zunoticia.com\/noticias-de-hidalgo\/wp-json\/wp\/v2\/posts\/458365","targetHints":{"allow":["GET"]}}],"collection":[{"href":"https:\/\/www.zunoticia.com\/noticias-de-hidalgo\/wp-json\/wp\/v2\/posts"}],"about":[{"href":"https:\/\/www.zunoticia.com\/noticias-de-hidalgo\/wp-json\/wp\/v2\/types\/post"}],"author":[{"embeddable":true,"href":"https:\/\/www.zunoticia.com\/noticias-de-hidalgo\/wp-json\/wp\/v2\/users\/12"}],"replies":[{"embeddable":true,"href":"https:\/\/www.zunoticia.com\/noticias-de-hidalgo\/wp-json\/wp\/v2\/comments?post=458365"}],"version-history":[{"count":1,"href":"https:\/\/www.zunoticia.com\/noticias-de-hidalgo\/wp-json\/wp\/v2\/posts\/458365\/revisions"}],"predecessor-version":[{"id":458369,"href":"https:\/\/www.zunoticia.com\/noticias-de-hidalgo\/wp-json\/wp\/v2\/posts\/458365\/revisions\/458369"}],"wp:featuredmedia":[{"embeddable":true,"href":"https:\/\/www.zunoticia.com\/noticias-de-hidalgo\/wp-json\/wp\/v2\/media\/458366"}],"wp:attachment":[{"href":"https:\/\/www.zunoticia.com\/noticias-de-hidalgo\/wp-json\/wp\/v2\/media?parent=458365"}],"wp:term":[{"taxonomy":"category","embeddable":true,"href":"https:\/\/www.zunoticia.com\/noticias-de-hidalgo\/wp-json\/wp\/v2\/categories?post=458365"},{"taxonomy":"post_tag","embeddable":true,"href":"https:\/\/www.zunoticia.com\/noticias-de-hidalgo\/wp-json\/wp\/v2\/tags?post=458365"}],"curies":[{"name":"wp","href":"https:\/\/api.w.org\/{rel}","templated":true}]}}