{"id":458373,"date":"2022-12-06T16:47:11","date_gmt":"2022-12-06T22:47:11","guid":{"rendered":"https:\/\/www.zunoticia.com\/noticias-de-hidalgo\/?p=458373"},"modified":"2022-12-06T16:49:23","modified_gmt":"2022-12-06T22:49:23","slug":"consideran-comerciantes-del-laminado-techar-sus-locales-por-decision-propia","status":"publish","type":"post","link":"https:\/\/www.zunoticia.com\/noticias-de-hidalgo\/2022\/12\/06\/consideran-comerciantes-del-laminado-techar-sus-locales-por-decision-propia\/","title":{"rendered":"Consideran comerciantes del laminado techar sus locales por decisi\u00f3n propia"},"content":{"rendered":"<aside class=\"mashsb-container mashsb-main mashsb-stretched\"><div class=\"mashsb-box\"><div class=\"mashsb-count mash-large\" style=\"float:left\"><div class=\"counts mashsbcount\">12<\/div><span class=\"mashsb-sharetext\">SHARES<\/span><\/div><div class=\"mashsb-buttons\"><a class=\"mashicon-facebook mash-large mash-center mashsb-noshadow\" href=\"https:\/\/www.facebook.com\/sharer.php?u=https%3A%2F%2Fwww.zunoticia.com%2Fnoticias-de-hidalgo%2F2022%2F12%2F06%2Fconsideran-comerciantes-del-laminado-techar-sus-locales-por-decision-propia%2F\" target=\"_top\" rel=\"nofollow\"><span class=\"icon\"><\/span><span class=\"text\">Share<\/span><\/a><a class=\"mashicon-twitter mash-large mash-center mashsb-noshadow\" href=\"https:\/\/twitter.com\/intent\/tweet?text=&amp;url=https:\/\/www.zunoticia.com\/noticias-de-hidalgo\/2022\/12\/06\/consideran-comerciantes-del-laminado-techar-sus-locales-por-decision-propia\/\" target=\"_top\" rel=\"nofollow\"><span class=\"icon\"><\/span><span class=\"text\">Tweet<\/span><\/a><div class=\"onoffswitch2 mash-large mashsb-noshadow\" style=\"display:none\"><\/div><\/div>\n            <\/div>\n                <div style=\"clear:both\"><\/div><div class=\"mashsb-toggle-container\"><\/div><\/aside>\n            <!-- Share buttons by mashshare.net - Version: 4.0.47-->\n<p><em>Por Salvador Altamirano\/Zunoticia<\/em><\/p>\n\n\n\n<p><strong>Huejutla, Hgo. &#8211;<\/strong> Al considerar que a las autoridades municipales ni al dirigente de la Uni\u00f3n de Comerciantes Locatarios y Ambulantes (UCLA), Jorge Lara Garc\u00eda, les preocupa la situaci\u00f3n de peligro en que d\u00eda a d\u00eda laboran, algunos propietarios de locales del \u00e1rea del laminado analizan la posibilidad de techar sus respectivos locales por decisi\u00f3n propia.<\/p>\n\n\n\n<p>Explicaron que, por el riesgo de contraer alguna enfermedad, incluso de car\u00e1cter irreversible ante el asfixiante calor en que laboran en temporadas c\u00e1lidas, generado por el techo de l\u00e1mina de la galera, el cual ya est\u00e1 desgastado, oxidado y agujereado, solicitaron al municipio permiso para que cada due\u00f1o de local techara su espacio con loza de cemento por cuenta propia.<\/p>\n\n\n\n<figure class=\"wp-block-gallery has-nested-images columns-default is-cropped wp-block-gallery-1 is-layout-flex wp-block-gallery-is-layout-flex\">\n<figure class=\"wp-block-image size-large\"><img fetchpriority=\"high\" decoding=\"async\" width=\"1024\" height=\"576\" data-id=\"458377\" src=\"https:\/\/www.zunoticia.com\/noticias-de-hidalgo\/wp-content\/uploads\/2022\/12\/WhatsApp-Image-2022-12-06-at-4.41.49-PM-4-1024x576.jpeg\" alt=\"\" class=\"wp-image-458377\" srcset=\"https:\/\/www.zunoticia.com\/noticias-de-hidalgo\/wp-content\/uploads\/2022\/12\/WhatsApp-Image-2022-12-06-at-4.41.49-PM-4-1024x576.jpeg 1024w, https:\/\/www.zunoticia.com\/noticias-de-hidalgo\/wp-content\/uploads\/2022\/12\/WhatsApp-Image-2022-12-06-at-4.41.49-PM-4-300x169.jpeg 300w, https:\/\/www.zunoticia.com\/noticias-de-hidalgo\/wp-content\/uploads\/2022\/12\/WhatsApp-Image-2022-12-06-at-4.41.49-PM-4-768x432.jpeg 768w, https:\/\/www.zunoticia.com\/noticias-de-hidalgo\/wp-content\/uploads\/2022\/12\/WhatsApp-Image-2022-12-06-at-4.41.49-PM-4.jpeg 1280w\" sizes=\"(max-width: 1024px) 100vw, 1024px\" \/><\/figure>\n<\/figure>\n\n\n\n<p>Agregaron que, el permiso pr\u00e1cticamente les fue negado, con la propuesta consistente en que si estaban de acuerdo todos los due\u00f1os de los locales del sector, el municipio se compromet\u00eda a rehabilitar el techo, siempre y cuando le presentar\u00e1n un documento de aprobaci\u00f3n firmado por todos, responsabilidad que recay\u00f3 en el dirigente de la UCLA, quien al parecer no ha cumplido.<\/p>\n\n\n\n<p>Subrayaron que ante tal suposici\u00f3n y una promesa que posiblemente no se cumpla, analizan llevar a cabo la obra por cuenta propia, ya que est\u00e1 en riesgo su salud en \u00e9pocas de estiaje y de lluvia, los productos que expenden para subsistir.<\/p>\n\n\n\n<p>Para finalizar, reiteraron que los proyectos de techar los locales son personales, los tienen contemplados y elaborados desde hace varios meses, obligados por los riesgos antes expuestos.<\/p>\n","protected":false},"excerpt":{"rendered":"<p>Por Salvador Altamirano\/Zunoticia Huejutla, Hgo. &#8211; Al considerar que a las autoridades municipales ni al dirigente de la Uni\u00f3n de Comerciantes Locatarios y Ambulantes (UCLA), Jorge Lara Garc\u00eda, les preocupa la situaci\u00f3n de peligro en que d\u00eda a d\u00eda laboran, algunos propietarios de locales del \u00e1rea del laminado analizan la posibilidad de techar sus respectivos&hellip; <a class=\"more-link\" href=\"https:\/\/www.zunoticia.com\/noticias-de-hidalgo\/2022\/12\/06\/consideran-comerciantes-del-laminado-techar-sus-locales-por-decision-propia\/\">Seguir leyendo <span class=\"screen-reader-text\">Consideran comerciantes del laminado techar sus locales por decisi\u00f3n propia<\/span><\/a><\/p>\n","protected":false},"author":12,"featured_media":458374,"comment_status":"closed","ping_status":"open","sticky":false,"template":"","format":"standard","meta":{"rop_custom_images_group":[],"rop_custom_messages_group":[],"rop_publish_now":"initial","rop_publish_now_accounts":{"facebook_10159540855086992_322828327761733":""},"rop_publish_now_history":[],"rop_publish_now_status":"pending","footnotes":""},"categories":[181],"tags":[121],"class_list":["post-458373","post","type-post","status-publish","format-standard","has-post-thumbnail","hentry","category-huejutla","tag-huejutla","entry"],"_links":{"self":[{"href":"https:\/\/www.zunoticia.com\/noticias-de-hidalgo\/wp-json\/wp\/v2\/posts\/458373","targetHints":{"allow":["GET"]}}],"collection":[{"href":"https:\/\/www.zunoticia.com\/noticias-de-hidalgo\/wp-json\/wp\/v2\/posts"}],"about":[{"href":"https:\/\/www.zunoticia.com\/noticias-de-hidalgo\/wp-json\/wp\/v2\/types\/post"}],"author":[{"embeddable":true,"href":"https:\/\/www.zunoticia.com\/noticias-de-hidalgo\/wp-json\/wp\/v2\/users\/12"}],"replies":[{"embeddable":true,"href":"https:\/\/www.zunoticia.com\/noticias-de-hidalgo\/wp-json\/wp\/v2\/comments?post=458373"}],"version-history":[{"count":2,"href":"https:\/\/www.zunoticia.com\/noticias-de-hidalgo\/wp-json\/wp\/v2\/posts\/458373\/revisions"}],"predecessor-version":[{"id":458378,"href":"https:\/\/www.zunoticia.com\/noticias-de-hidalgo\/wp-json\/wp\/v2\/posts\/458373\/revisions\/458378"}],"wp:featuredmedia":[{"embeddable":true,"href":"https:\/\/www.zunoticia.com\/noticias-de-hidalgo\/wp-json\/wp\/v2\/media\/458374"}],"wp:attachment":[{"href":"https:\/\/www.zunoticia.com\/noticias-de-hidalgo\/wp-json\/wp\/v2\/media?parent=458373"}],"wp:term":[{"taxonomy":"category","embeddable":true,"href":"https:\/\/www.zunoticia.com\/noticias-de-hidalgo\/wp-json\/wp\/v2\/categories?post=458373"},{"taxonomy":"post_tag","embeddable":true,"href":"https:\/\/www.zunoticia.com\/noticias-de-hidalgo\/wp-json\/wp\/v2\/tags?post=458373"}],"curies":[{"name":"wp","href":"https:\/\/api.w.org\/{rel}","templated":true}]}}