{"id":458388,"date":"2022-12-06T17:01:45","date_gmt":"2022-12-06T23:01:45","guid":{"rendered":"https:\/\/www.zunoticia.com\/noticias-de-hidalgo\/?p=458388"},"modified":"2022-12-06T17:01:47","modified_gmt":"2022-12-06T23:01:47","slug":"realizan-jornada-de-vacunacion-para-ninos-de-05-a-11-anos","status":"publish","type":"post","link":"https:\/\/www.zunoticia.com\/noticias-de-hidalgo\/2022\/12\/06\/realizan-jornada-de-vacunacion-para-ninos-de-05-a-11-anos\/","title":{"rendered":"Realizan jornada de vacunaci\u00f3n para ni\u00f1os de 05 a 11 a\u00f1os"},"content":{"rendered":"<aside class=\"mashsb-container mashsb-main mashsb-stretched\"><div class=\"mashsb-box\"><div class=\"mashsb-count mash-large\" style=\"float:left\"><div class=\"counts mashsbcount\">14<\/div><span class=\"mashsb-sharetext\">SHARES<\/span><\/div><div class=\"mashsb-buttons\"><a class=\"mashicon-facebook mash-large mash-center mashsb-noshadow\" href=\"https:\/\/www.facebook.com\/sharer.php?u=https%3A%2F%2Fwww.zunoticia.com%2Fnoticias-de-hidalgo%2F2022%2F12%2F06%2Frealizan-jornada-de-vacunacion-para-ninos-de-05-a-11-anos%2F\" target=\"_top\" rel=\"nofollow\"><span class=\"icon\"><\/span><span class=\"text\">Share<\/span><\/a><a class=\"mashicon-twitter mash-large mash-center mashsb-noshadow\" href=\"https:\/\/twitter.com\/intent\/tweet?text=&amp;url=https:\/\/www.zunoticia.com\/noticias-de-hidalgo\/2022\/12\/06\/realizan-jornada-de-vacunacion-para-ninos-de-05-a-11-anos\/\" target=\"_top\" rel=\"nofollow\"><span class=\"icon\"><\/span><span class=\"text\">Tweet<\/span><\/a><div class=\"onoffswitch2 mash-large mashsb-noshadow\" style=\"display:none\"><\/div><\/div>\n            <\/div>\n                <div style=\"clear:both\"><\/div><div class=\"mashsb-toggle-container\"><\/div><\/aside>\n            <!-- Share buttons by mashshare.net - Version: 4.0.47-->\n<p><em>Por Pedro Luciano\/Zunoticia<\/em><\/p>\n\n\n\n<p><strong>Atlapexco, Hgo. &#8211;<\/strong> Con la finalidad de continuar las acciones para reforzar la salud de los menores de edad, se llev\u00f3 a cabo la segunda jornada de vacunaci\u00f3n contra el virus del Covid-19, dirigida a ni\u00f1os y ni\u00f1as que van desde los 05 a 11 a\u00f1os de edad, con la finalidad de prevenir casos graves por contagio en el municipio de Atlapexco, Hidalgo.<\/p>\n\n\n\n<p>Afirm\u00f3 personal de Salud, que dicha jornada de vacunaci\u00f3n fue dirigida para ni\u00f1os y ni\u00f1as, en donde se les encuentra aplicando la segunda dosis de la vacuna contra el virus del Covid-19, con el biol\u00f3gico Pfizer-BioNTech, dentro de las instalaciones que ocupa el centro de salud en el municipio.<\/p>\n\n\n\n<figure class=\"wp-block-image size-full\"><img fetchpriority=\"high\" decoding=\"async\" width=\"720\" height=\"640\" src=\"https:\/\/www.zunoticia.com\/noticias-de-hidalgo\/wp-content\/uploads\/2022\/12\/WhatsApp-Image-2022-12-06-at-4.41.49-PM-2.jpeg\" alt=\"\" class=\"wp-image-458390\" srcset=\"https:\/\/www.zunoticia.com\/noticias-de-hidalgo\/wp-content\/uploads\/2022\/12\/WhatsApp-Image-2022-12-06-at-4.41.49-PM-2.jpeg 720w, https:\/\/www.zunoticia.com\/noticias-de-hidalgo\/wp-content\/uploads\/2022\/12\/WhatsApp-Image-2022-12-06-at-4.41.49-PM-2-300x267.jpeg 300w\" sizes=\"(max-width: 720px) 100vw, 720px\" \/><\/figure>\n\n\n\n<p>Esta jornada de vacunaci\u00f3n fue un gran \u00e9xito pues se observ\u00f3 una buena participaci\u00f3n por parte de los padres al acudir y llevar a sus hijos, hijas o tutorados, para recibir su correspondiente dosis; siendo estas acciones indispensables para continuar combatiendo los avances del virus en el municipio, continuaron agregando.<\/p>\n\n\n\n<p>Concluyeron refiriendo que dicha jornada de vacunaci\u00f3n se llev\u00f3 a cabo sin alg\u00fan contratiempo, fueron los ni\u00f1os y ni\u00f1as en el municipio quienes resultaron beneficiados con esta aplicaci\u00f3n.<\/p>\n","protected":false},"excerpt":{"rendered":"<p>Por Pedro Luciano\/Zunoticia Atlapexco, Hgo. &#8211; Con la finalidad de continuar las acciones para reforzar la salud de los menores de edad, se llev\u00f3 a cabo la segunda jornada de vacunaci\u00f3n contra el virus del Covid-19, dirigida a ni\u00f1os y ni\u00f1as que van desde los 05 a 11 a\u00f1os de edad, con la finalidad de&hellip; <a class=\"more-link\" href=\"https:\/\/www.zunoticia.com\/noticias-de-hidalgo\/2022\/12\/06\/realizan-jornada-de-vacunacion-para-ninos-de-05-a-11-anos\/\">Seguir leyendo <span class=\"screen-reader-text\">Realizan jornada de vacunaci\u00f3n para ni\u00f1os de 05 a 11 a\u00f1os<\/span><\/a><\/p>\n","protected":false},"author":12,"featured_media":458389,"comment_status":"closed","ping_status":"open","sticky":false,"template":"","format":"standard","meta":{"rop_custom_images_group":[],"rop_custom_messages_group":[],"rop_publish_now":"initial","rop_publish_now_accounts":{"facebook_10159540855086992_322828327761733":""},"rop_publish_now_history":[],"rop_publish_now_status":"pending","footnotes":""},"categories":[182],"tags":[133],"class_list":["post-458388","post","type-post","status-publish","format-standard","has-post-thumbnail","hentry","category-atlapexco","tag-atlapexco","entry"],"_links":{"self":[{"href":"https:\/\/www.zunoticia.com\/noticias-de-hidalgo\/wp-json\/wp\/v2\/posts\/458388","targetHints":{"allow":["GET"]}}],"collection":[{"href":"https:\/\/www.zunoticia.com\/noticias-de-hidalgo\/wp-json\/wp\/v2\/posts"}],"about":[{"href":"https:\/\/www.zunoticia.com\/noticias-de-hidalgo\/wp-json\/wp\/v2\/types\/post"}],"author":[{"embeddable":true,"href":"https:\/\/www.zunoticia.com\/noticias-de-hidalgo\/wp-json\/wp\/v2\/users\/12"}],"replies":[{"embeddable":true,"href":"https:\/\/www.zunoticia.com\/noticias-de-hidalgo\/wp-json\/wp\/v2\/comments?post=458388"}],"version-history":[{"count":1,"href":"https:\/\/www.zunoticia.com\/noticias-de-hidalgo\/wp-json\/wp\/v2\/posts\/458388\/revisions"}],"predecessor-version":[{"id":458391,"href":"https:\/\/www.zunoticia.com\/noticias-de-hidalgo\/wp-json\/wp\/v2\/posts\/458388\/revisions\/458391"}],"wp:featuredmedia":[{"embeddable":true,"href":"https:\/\/www.zunoticia.com\/noticias-de-hidalgo\/wp-json\/wp\/v2\/media\/458389"}],"wp:attachment":[{"href":"https:\/\/www.zunoticia.com\/noticias-de-hidalgo\/wp-json\/wp\/v2\/media?parent=458388"}],"wp:term":[{"taxonomy":"category","embeddable":true,"href":"https:\/\/www.zunoticia.com\/noticias-de-hidalgo\/wp-json\/wp\/v2\/categories?post=458388"},{"taxonomy":"post_tag","embeddable":true,"href":"https:\/\/www.zunoticia.com\/noticias-de-hidalgo\/wp-json\/wp\/v2\/tags?post=458388"}],"curies":[{"name":"wp","href":"https:\/\/api.w.org\/{rel}","templated":true}]}}