{"id":458404,"date":"2022-12-06T17:38:40","date_gmt":"2022-12-06T23:38:40","guid":{"rendered":"https:\/\/www.zunoticia.com\/noticias-de-hidalgo\/?p=458404"},"modified":"2022-12-06T17:38:42","modified_gmt":"2022-12-06T23:38:42","slug":"procesion-a-la-guadalupana-en-el-mercado-de-huejutla","status":"publish","type":"post","link":"https:\/\/www.zunoticia.com\/noticias-de-hidalgo\/2022\/12\/06\/procesion-a-la-guadalupana-en-el-mercado-de-huejutla\/","title":{"rendered":"Procesi\u00f3n a la Guadalupana en el mercado de Huejutla"},"content":{"rendered":"<aside class=\"mashsb-container mashsb-main mashsb-stretched\"><div class=\"mashsb-box\"><div class=\"mashsb-count mash-large\" style=\"float:left\"><div class=\"counts mashsbcount\">28<\/div><span class=\"mashsb-sharetext\">SHARES<\/span><\/div><div class=\"mashsb-buttons\"><a class=\"mashicon-facebook mash-large mash-center mashsb-noshadow\" href=\"https:\/\/www.facebook.com\/sharer.php?u=https%3A%2F%2Fwww.zunoticia.com%2Fnoticias-de-hidalgo%2F2022%2F12%2F06%2Fprocesion-a-la-guadalupana-en-el-mercado-de-huejutla%2F\" target=\"_top\" rel=\"nofollow\"><span class=\"icon\"><\/span><span class=\"text\">Share<\/span><\/a><a class=\"mashicon-twitter mash-large mash-center mashsb-noshadow\" href=\"https:\/\/twitter.com\/intent\/tweet?text=&amp;url=https:\/\/www.zunoticia.com\/noticias-de-hidalgo\/2022\/12\/06\/procesion-a-la-guadalupana-en-el-mercado-de-huejutla\/\" target=\"_top\" rel=\"nofollow\"><span class=\"icon\"><\/span><span class=\"text\">Tweet<\/span><\/a><div class=\"onoffswitch2 mash-large mashsb-noshadow\" style=\"display:none\"><\/div><\/div>\n            <\/div>\n                <div style=\"clear:both\"><\/div><div class=\"mashsb-toggle-container\"><\/div><\/aside>\n            <!-- Share buttons by mashshare.net - Version: 4.0.47-->\n<p><em>Por Enedino Hern\u00e1ndez\/Zunoticia<\/em><\/p>\n\n\n\n<p><strong>Huejutla, Hgo. &#8211;<\/strong> Socios de la Uni\u00f3n de Comerciantes Locatarios y Ambulantes (UCLA) del mercado municipal de Huejutla de Reyes, recorrieron, con la imagen de la Virgen de Guadalupe, las diversas \u00e1reas del mercado.<\/p>\n\n\n\n<p>Tal y como se hab\u00eda programado, despu\u00e9s de las 15:00 horas, tres de la tarde, de este martes 6 de diciembre, se llev\u00f3 a cabo una procesi\u00f3n con la Morenita de Tepeyac, iniciando desde la Capilla ubicada al interior del mercado para recorrer los pasillos hasta llegar al \u00e1rea del estacionamiento, en donde se realiza la velaci\u00f3n correspondiente.<\/p>\n\n\n\n<figure class=\"wp-block-image size-large\"><img fetchpriority=\"high\" decoding=\"async\" width=\"1024\" height=\"576\" src=\"https:\/\/www.zunoticia.com\/noticias-de-hidalgo\/wp-content\/uploads\/2022\/12\/WhatsApp-Image-2022-12-06-at-5.35.49-PM-1-1024x576.jpeg\" alt=\"\" class=\"wp-image-458406\" srcset=\"https:\/\/www.zunoticia.com\/noticias-de-hidalgo\/wp-content\/uploads\/2022\/12\/WhatsApp-Image-2022-12-06-at-5.35.49-PM-1-1024x576.jpeg 1024w, https:\/\/www.zunoticia.com\/noticias-de-hidalgo\/wp-content\/uploads\/2022\/12\/WhatsApp-Image-2022-12-06-at-5.35.49-PM-1-300x169.jpeg 300w, https:\/\/www.zunoticia.com\/noticias-de-hidalgo\/wp-content\/uploads\/2022\/12\/WhatsApp-Image-2022-12-06-at-5.35.49-PM-1-768x432.jpeg 768w, https:\/\/www.zunoticia.com\/noticias-de-hidalgo\/wp-content\/uploads\/2022\/12\/WhatsApp-Image-2022-12-06-at-5.35.49-PM-1-1536x864.jpeg 1536w, https:\/\/www.zunoticia.com\/noticias-de-hidalgo\/wp-content\/uploads\/2022\/12\/WhatsApp-Image-2022-12-06-at-5.35.49-PM-1-1568x882.jpeg 1568w, https:\/\/www.zunoticia.com\/noticias-de-hidalgo\/wp-content\/uploads\/2022\/12\/WhatsApp-Image-2022-12-06-at-5.35.49-PM-1.jpeg 1600w\" sizes=\"(max-width: 1024px) 100vw, 1024px\" \/><\/figure>\n\n\n\n<p>Esta actividad religiosa en honor a la Guadalupana se lleva a cabo a\u00f1o con a\u00f1o, en la cual participan los socios comerciantes de la UCLA, quienes piden por la familia, la salud y por una mayor actividad comercial.<\/p>\n\n\n\n<p>La procesi\u00f3n y posterior velaci\u00f3n a la Virgen de Guadalupe fue coordinada por los integrantes del Comit\u00e9 de la Capilla y por el secretario general de la UCLA, Jorge Lara Garc\u00eda.<\/p>\n\n\n\n<p>Es importante se\u00f1alar que con toda oportunidad y de manera organizada, algunos de los comerciantes adornaron sus locales ubicados en los pasillos, por donde se llev\u00f3 a cabo el recorrido de la Virgen de Guadalupe, que en todo momento fue acompa\u00f1ado por la banda de viento.<\/p>\n","protected":false},"excerpt":{"rendered":"<p>Por Enedino Hern\u00e1ndez\/Zunoticia Huejutla, Hgo. &#8211; Socios de la Uni\u00f3n de Comerciantes Locatarios y Ambulantes (UCLA) del mercado municipal de Huejutla de Reyes, recorrieron, con la imagen de la Virgen de Guadalupe, las diversas \u00e1reas del mercado. Tal y como se hab\u00eda programado, despu\u00e9s de las 15:00 horas, tres de la tarde, de este martes&hellip; <a class=\"more-link\" href=\"https:\/\/www.zunoticia.com\/noticias-de-hidalgo\/2022\/12\/06\/procesion-a-la-guadalupana-en-el-mercado-de-huejutla\/\">Seguir leyendo <span class=\"screen-reader-text\">Procesi\u00f3n a la Guadalupana en el mercado de Huejutla<\/span><\/a><\/p>\n","protected":false},"author":12,"featured_media":458405,"comment_status":"closed","ping_status":"open","sticky":false,"template":"","format":"standard","meta":{"rop_custom_images_group":[],"rop_custom_messages_group":[],"rop_publish_now":"initial","rop_publish_now_accounts":{"facebook_10159540855086992_322828327761733":""},"rop_publish_now_history":[],"rop_publish_now_status":"pending","footnotes":""},"categories":[181],"tags":[121],"class_list":["post-458404","post","type-post","status-publish","format-standard","has-post-thumbnail","hentry","category-huejutla","tag-huejutla","entry"],"_links":{"self":[{"href":"https:\/\/www.zunoticia.com\/noticias-de-hidalgo\/wp-json\/wp\/v2\/posts\/458404","targetHints":{"allow":["GET"]}}],"collection":[{"href":"https:\/\/www.zunoticia.com\/noticias-de-hidalgo\/wp-json\/wp\/v2\/posts"}],"about":[{"href":"https:\/\/www.zunoticia.com\/noticias-de-hidalgo\/wp-json\/wp\/v2\/types\/post"}],"author":[{"embeddable":true,"href":"https:\/\/www.zunoticia.com\/noticias-de-hidalgo\/wp-json\/wp\/v2\/users\/12"}],"replies":[{"embeddable":true,"href":"https:\/\/www.zunoticia.com\/noticias-de-hidalgo\/wp-json\/wp\/v2\/comments?post=458404"}],"version-history":[{"count":1,"href":"https:\/\/www.zunoticia.com\/noticias-de-hidalgo\/wp-json\/wp\/v2\/posts\/458404\/revisions"}],"predecessor-version":[{"id":458407,"href":"https:\/\/www.zunoticia.com\/noticias-de-hidalgo\/wp-json\/wp\/v2\/posts\/458404\/revisions\/458407"}],"wp:featuredmedia":[{"embeddable":true,"href":"https:\/\/www.zunoticia.com\/noticias-de-hidalgo\/wp-json\/wp\/v2\/media\/458405"}],"wp:attachment":[{"href":"https:\/\/www.zunoticia.com\/noticias-de-hidalgo\/wp-json\/wp\/v2\/media?parent=458404"}],"wp:term":[{"taxonomy":"category","embeddable":true,"href":"https:\/\/www.zunoticia.com\/noticias-de-hidalgo\/wp-json\/wp\/v2\/categories?post=458404"},{"taxonomy":"post_tag","embeddable":true,"href":"https:\/\/www.zunoticia.com\/noticias-de-hidalgo\/wp-json\/wp\/v2\/tags?post=458404"}],"curies":[{"name":"wp","href":"https:\/\/api.w.org\/{rel}","templated":true}]}}