{"id":458415,"date":"2022-12-06T17:50:09","date_gmt":"2022-12-06T23:50:09","guid":{"rendered":"https:\/\/www.zunoticia.com\/noticias-de-hidalgo\/?p=458415"},"modified":"2022-12-06T17:50:11","modified_gmt":"2022-12-06T23:50:11","slug":"realizan-incorporacion-a-pension-para-el-bienestar-de-los-adultos-mayores","status":"publish","type":"post","link":"https:\/\/www.zunoticia.com\/noticias-de-hidalgo\/2022\/12\/06\/realizan-incorporacion-a-pension-para-el-bienestar-de-los-adultos-mayores\/","title":{"rendered":"Realizan incorporaci\u00f3n a Pensi\u00f3n para el Bienestar de los adultos mayores"},"content":{"rendered":"<aside class=\"mashsb-container mashsb-main mashsb-stretched\"><div class=\"mashsb-box\"><div class=\"mashsb-count mash-large\" style=\"float:left\"><div class=\"counts mashsbcount\">66<\/div><span class=\"mashsb-sharetext\">SHARES<\/span><\/div><div class=\"mashsb-buttons\"><a class=\"mashicon-facebook mash-large mash-center mashsb-noshadow\" href=\"https:\/\/www.facebook.com\/sharer.php?u=https%3A%2F%2Fwww.zunoticia.com%2Fnoticias-de-hidalgo%2F2022%2F12%2F06%2Frealizan-incorporacion-a-pension-para-el-bienestar-de-los-adultos-mayores%2F\" target=\"_top\" rel=\"nofollow\"><span class=\"icon\"><\/span><span class=\"text\">Share<\/span><\/a><a class=\"mashicon-twitter mash-large mash-center mashsb-noshadow\" href=\"https:\/\/twitter.com\/intent\/tweet?text=&amp;url=https:\/\/www.zunoticia.com\/noticias-de-hidalgo\/2022\/12\/06\/realizan-incorporacion-a-pension-para-el-bienestar-de-los-adultos-mayores\/\" target=\"_top\" rel=\"nofollow\"><span class=\"icon\"><\/span><span class=\"text\">Tweet<\/span><\/a><div class=\"onoffswitch2 mash-large mashsb-noshadow\" style=\"display:none\"><\/div><\/div>\n            <\/div>\n                <div style=\"clear:both\"><\/div><div class=\"mashsb-toggle-container\"><\/div><\/aside>\n            <!-- Share buttons by mashshare.net - Version: 4.0.47-->\n<p><em>Por Enedino Hern\u00e1ndez\/Zunoticia<\/em><\/p>\n\n\n\n<p><strong>Huejutla, Hgo. &#8211;<\/strong> Durante el periodo comprendido del 5 al 17 de diciembre, se realiza la incorporaci\u00f3n al programa Pensi\u00f3n para el Bienestar de los adultos mayores.<\/p>\n\n\n\n<p>El coordinador regional de los programas Bienestar en sierra y huasteca, Gelasio Vel\u00e1zquez Hern\u00e1ndez, dijo que la etapa de incorporaci\u00f3n de las personas adultas mayores, quienes ya cumplieron 65 a\u00f1os, se aplica en estos d\u00edas en la regi\u00f3n.<\/p>\n\n\n\n<p>Asimismo, expone que el adulto mayor tiene la posibilidad de concurrir a los Centros Integradores que se ubican en las cabeceras municipales en la regi\u00f3n, identificadas como M\u00f3dulos de Atenci\u00f3n del Bienestar.<\/p>\n\n\n\n<p>Indic\u00f3 que, personal del programa Bienestar brinda oportunamente la orientaci\u00f3n y realizan el procedimiento correspondiente para que el adulto mayor pueda obtener su solicitud de incorporaci\u00f3n.<\/p>\n\n\n\n<p>Los principales requisitos que deben de presentar los adultos mayores son: Identificaci\u00f3n oficial vigente, CURP actualizada, n\u00famero telef\u00f3nico, acta de nacimiento y comprobante de domicilio; Si requiere de un auxiliar, \u00e9ste tendr\u00e1 que presentar los mismos documentos.<\/p>\n\n\n\n<p>Gelasio Vel\u00e1zquez, a\u00f1adi\u00f3 que los adultos mayores que por alguna situaci\u00f3n no puedan concurrir ante los M\u00f3dulos de Atenci\u00f3n, se tendr\u00e1n eventos masivos en diversos municipios, en donde podr\u00e1n hacer su tr\u00e1mite, en Huejutla el 9 de diciembre, en la galera de la Unidad deportiva de Colalambre a partir de las 9:00 horas.<\/p>\n\n\n\n<p>Adem\u00e1s, se tendr\u00e1n eventos masivos de incorporaci\u00f3n el 8 de diciembre en Huautla, en Huazalingo fue el 6 de diciembre y en Tepehuac\u00e1n de Guerrero el evento masivo se ha programado para el d\u00eda 12 de diciembre.<\/p>\n","protected":false},"excerpt":{"rendered":"<p>Por Enedino Hern\u00e1ndez\/Zunoticia Huejutla, Hgo. &#8211; Durante el periodo comprendido del 5 al 17 de diciembre, se realiza la incorporaci\u00f3n al programa Pensi\u00f3n para el Bienestar de los adultos mayores. El coordinador regional de los programas Bienestar en sierra y huasteca, Gelasio Vel\u00e1zquez Hern\u00e1ndez, dijo que la etapa de incorporaci\u00f3n de las personas adultas mayores,&hellip; <a class=\"more-link\" href=\"https:\/\/www.zunoticia.com\/noticias-de-hidalgo\/2022\/12\/06\/realizan-incorporacion-a-pension-para-el-bienestar-de-los-adultos-mayores\/\">Seguir leyendo <span class=\"screen-reader-text\">Realizan incorporaci\u00f3n a Pensi\u00f3n para el Bienestar de los adultos mayores<\/span><\/a><\/p>\n","protected":false},"author":12,"featured_media":458416,"comment_status":"closed","ping_status":"open","sticky":false,"template":"","format":"standard","meta":{"rop_custom_images_group":[],"rop_custom_messages_group":[],"rop_publish_now":"initial","rop_publish_now_accounts":{"facebook_10159540855086992_322828327761733":""},"rop_publish_now_history":[],"rop_publish_now_status":"pending","footnotes":""},"categories":[181],"tags":[121],"class_list":["post-458415","post","type-post","status-publish","format-standard","has-post-thumbnail","hentry","category-huejutla","tag-huejutla","entry"],"_links":{"self":[{"href":"https:\/\/www.zunoticia.com\/noticias-de-hidalgo\/wp-json\/wp\/v2\/posts\/458415","targetHints":{"allow":["GET"]}}],"collection":[{"href":"https:\/\/www.zunoticia.com\/noticias-de-hidalgo\/wp-json\/wp\/v2\/posts"}],"about":[{"href":"https:\/\/www.zunoticia.com\/noticias-de-hidalgo\/wp-json\/wp\/v2\/types\/post"}],"author":[{"embeddable":true,"href":"https:\/\/www.zunoticia.com\/noticias-de-hidalgo\/wp-json\/wp\/v2\/users\/12"}],"replies":[{"embeddable":true,"href":"https:\/\/www.zunoticia.com\/noticias-de-hidalgo\/wp-json\/wp\/v2\/comments?post=458415"}],"version-history":[{"count":1,"href":"https:\/\/www.zunoticia.com\/noticias-de-hidalgo\/wp-json\/wp\/v2\/posts\/458415\/revisions"}],"predecessor-version":[{"id":458417,"href":"https:\/\/www.zunoticia.com\/noticias-de-hidalgo\/wp-json\/wp\/v2\/posts\/458415\/revisions\/458417"}],"wp:featuredmedia":[{"embeddable":true,"href":"https:\/\/www.zunoticia.com\/noticias-de-hidalgo\/wp-json\/wp\/v2\/media\/458416"}],"wp:attachment":[{"href":"https:\/\/www.zunoticia.com\/noticias-de-hidalgo\/wp-json\/wp\/v2\/media?parent=458415"}],"wp:term":[{"taxonomy":"category","embeddable":true,"href":"https:\/\/www.zunoticia.com\/noticias-de-hidalgo\/wp-json\/wp\/v2\/categories?post=458415"},{"taxonomy":"post_tag","embeddable":true,"href":"https:\/\/www.zunoticia.com\/noticias-de-hidalgo\/wp-json\/wp\/v2\/tags?post=458415"}],"curies":[{"name":"wp","href":"https:\/\/api.w.org\/{rel}","templated":true}]}}