{"id":458418,"date":"2022-12-06T17:53:56","date_gmt":"2022-12-06T23:53:56","guid":{"rendered":"https:\/\/www.zunoticia.com\/noticias-de-hidalgo\/?p=458418"},"modified":"2022-12-06T17:53:58","modified_gmt":"2022-12-06T23:53:58","slug":"artesanos-destacan-en-concurso-regional","status":"publish","type":"post","link":"https:\/\/www.zunoticia.com\/noticias-de-hidalgo\/2022\/12\/06\/artesanos-destacan-en-concurso-regional\/","title":{"rendered":"Artesanos destacan en concurso regional"},"content":{"rendered":"<aside class=\"mashsb-container mashsb-main mashsb-stretched\"><div class=\"mashsb-box\"><div class=\"mashsb-count mash-large\" style=\"float:left\"><div class=\"counts mashsbcount\">24<\/div><span class=\"mashsb-sharetext\">SHARES<\/span><\/div><div class=\"mashsb-buttons\"><a class=\"mashicon-facebook mash-large mash-center mashsb-noshadow\" href=\"https:\/\/www.facebook.com\/sharer.php?u=https%3A%2F%2Fwww.zunoticia.com%2Fnoticias-de-hidalgo%2F2022%2F12%2F06%2Fartesanos-destacan-en-concurso-regional%2F\" target=\"_top\" rel=\"nofollow\"><span class=\"icon\"><\/span><span class=\"text\">Share<\/span><\/a><a class=\"mashicon-twitter mash-large mash-center mashsb-noshadow\" href=\"https:\/\/twitter.com\/intent\/tweet?text=&amp;url=https:\/\/www.zunoticia.com\/noticias-de-hidalgo\/2022\/12\/06\/artesanos-destacan-en-concurso-regional\/\" target=\"_top\" rel=\"nofollow\"><span class=\"icon\"><\/span><span class=\"text\">Tweet<\/span><\/a><div class=\"onoffswitch2 mash-large mashsb-noshadow\" style=\"display:none\"><\/div><\/div>\n            <\/div>\n                <div style=\"clear:both\"><\/div><div class=\"mashsb-toggle-container\"><\/div><\/aside>\n            <!-- Share buttons by mashshare.net - Version: 4.0.47-->\n<p><em>Por \u00c1ngel Silverio\/Zunoticia<\/em><\/p>\n\n\n\n<p><strong>Jaltoc\u00e1n, Hgo. &#8211;<\/strong> En d\u00edas pasados la Secretar\u00eda de Cultura en coordinaci\u00f3n con la Secretar\u00eda de Fomento Artesanal del Estado de Hidalgo, llevaron a cabo el concurso regional de artesan\u00edas de la huasteca, donde se cont\u00f3 con la participaci\u00f3n de m\u00e1s de 250 artesanos, destacando fuertemente los oriundos de esta demarcaci\u00f3n.<\/p>\n\n\n\n<p>De acuerdo con lo informado por Isa\u00edas Ram\u00edrez Monta\u00f1o, de las 250 artesan\u00edas solo se premiaron 46 artesanos y se dieron 7 menciones honorificas, en las cuales Jaltoc\u00e1n obtuvo los siguientes resultados: segundo Lugar en bordado la se\u00f1ora Maclovia Ram\u00edrez Amador, segundo lugar en tallado de madera el se\u00f1or Narciso Hern\u00e1ndez Hern\u00e1ndez; menci\u00f3n honorifica en cester\u00eda a Antonio Romero Franco.<\/p>\n\n\n\n<p>En este sentido, la premiaci\u00f3n fue el pasado 5 de diciembre del presente a\u00f1o, en las instalaciones del Centro Cultural de Huejutla Hidalgo; dicho evento fue presidido por Simey Olvera Bautista de la Secretar\u00eda de Desarrollo Social y se cont\u00f3 con la presencia del subsecretario de Participaci\u00f3n Social y Fomento Artesanal del Estado de Hidalgo Claudia Aurora M\u00e1rquez Camacho.<\/p>\n\n\n\n<p>Los artesanos puntualizaron la suma importancia de coadyuvar en el crecimiento y desarrollo de la cultura de Jaltoc\u00e1n, pero sobre todo dar realce y reconocimiento al trabajo que realizan en el municipio los artesanos que ponen en alto el nombre de esta demarcaci\u00f3n, tierra de artesanos.<\/p>\n","protected":false},"excerpt":{"rendered":"<p>Por \u00c1ngel Silverio\/Zunoticia Jaltoc\u00e1n, Hgo. &#8211; En d\u00edas pasados la Secretar\u00eda de Cultura en coordinaci\u00f3n con la Secretar\u00eda de Fomento Artesanal del Estado de Hidalgo, llevaron a cabo el concurso regional de artesan\u00edas de la huasteca, donde se cont\u00f3 con la participaci\u00f3n de m\u00e1s de 250 artesanos, destacando fuertemente los oriundos de esta demarcaci\u00f3n. De&hellip; <a class=\"more-link\" href=\"https:\/\/www.zunoticia.com\/noticias-de-hidalgo\/2022\/12\/06\/artesanos-destacan-en-concurso-regional\/\">Seguir leyendo <span class=\"screen-reader-text\">Artesanos destacan en concurso regional<\/span><\/a><\/p>\n","protected":false},"author":12,"featured_media":458420,"comment_status":"closed","ping_status":"open","sticky":false,"template":"","format":"standard","meta":{"rop_custom_images_group":[],"rop_custom_messages_group":[],"rop_publish_now":"initial","rop_publish_now_accounts":{"facebook_10159540855086992_322828327761733":""},"rop_publish_now_history":[],"rop_publish_now_status":"pending","footnotes":""},"categories":[179,200],"tags":[131],"class_list":["post-458418","post","type-post","status-publish","format-standard","has-post-thumbnail","hentry","category-huasteca","category-jaltocan","tag-jaltocan","entry"],"_links":{"self":[{"href":"https:\/\/www.zunoticia.com\/noticias-de-hidalgo\/wp-json\/wp\/v2\/posts\/458418","targetHints":{"allow":["GET"]}}],"collection":[{"href":"https:\/\/www.zunoticia.com\/noticias-de-hidalgo\/wp-json\/wp\/v2\/posts"}],"about":[{"href":"https:\/\/www.zunoticia.com\/noticias-de-hidalgo\/wp-json\/wp\/v2\/types\/post"}],"author":[{"embeddable":true,"href":"https:\/\/www.zunoticia.com\/noticias-de-hidalgo\/wp-json\/wp\/v2\/users\/12"}],"replies":[{"embeddable":true,"href":"https:\/\/www.zunoticia.com\/noticias-de-hidalgo\/wp-json\/wp\/v2\/comments?post=458418"}],"version-history":[{"count":1,"href":"https:\/\/www.zunoticia.com\/noticias-de-hidalgo\/wp-json\/wp\/v2\/posts\/458418\/revisions"}],"predecessor-version":[{"id":458421,"href":"https:\/\/www.zunoticia.com\/noticias-de-hidalgo\/wp-json\/wp\/v2\/posts\/458418\/revisions\/458421"}],"wp:featuredmedia":[{"embeddable":true,"href":"https:\/\/www.zunoticia.com\/noticias-de-hidalgo\/wp-json\/wp\/v2\/media\/458420"}],"wp:attachment":[{"href":"https:\/\/www.zunoticia.com\/noticias-de-hidalgo\/wp-json\/wp\/v2\/media?parent=458418"}],"wp:term":[{"taxonomy":"category","embeddable":true,"href":"https:\/\/www.zunoticia.com\/noticias-de-hidalgo\/wp-json\/wp\/v2\/categories?post=458418"},{"taxonomy":"post_tag","embeddable":true,"href":"https:\/\/www.zunoticia.com\/noticias-de-hidalgo\/wp-json\/wp\/v2\/tags?post=458418"}],"curies":[{"name":"wp","href":"https:\/\/api.w.org\/{rel}","templated":true}]}}