{"id":458422,"date":"2022-12-06T18:29:29","date_gmt":"2022-12-07T00:29:29","guid":{"rendered":"https:\/\/www.zunoticia.com\/noticias-de-hidalgo\/?p=458422"},"modified":"2022-12-06T18:29:30","modified_gmt":"2022-12-07T00:29:30","slug":"vinculan-a-proceso-a-presuntos-homicidas","status":"publish","type":"post","link":"https:\/\/www.zunoticia.com\/noticias-de-hidalgo\/2022\/12\/06\/vinculan-a-proceso-a-presuntos-homicidas\/","title":{"rendered":"Vinculan a proceso a presuntos homicidas"},"content":{"rendered":"<aside class=\"mashsb-container mashsb-main mashsb-stretched\"><div class=\"mashsb-box\"><div class=\"mashsb-count mash-large\" style=\"float:left\"><div class=\"counts mashsbcount\">42<\/div><span class=\"mashsb-sharetext\">SHARES<\/span><\/div><div class=\"mashsb-buttons\"><a class=\"mashicon-facebook mash-large mash-center mashsb-noshadow\" href=\"https:\/\/www.facebook.com\/sharer.php?u=https%3A%2F%2Fwww.zunoticia.com%2Fnoticias-de-hidalgo%2F2022%2F12%2F06%2Fvinculan-a-proceso-a-presuntos-homicidas%2F\" target=\"_top\" rel=\"nofollow\"><span class=\"icon\"><\/span><span class=\"text\">Share<\/span><\/a><a class=\"mashicon-twitter mash-large mash-center mashsb-noshadow\" href=\"https:\/\/twitter.com\/intent\/tweet?text=&amp;url=https:\/\/www.zunoticia.com\/noticias-de-hidalgo\/2022\/12\/06\/vinculan-a-proceso-a-presuntos-homicidas\/\" target=\"_top\" rel=\"nofollow\"><span class=\"icon\"><\/span><span class=\"text\">Tweet<\/span><\/a><div class=\"onoffswitch2 mash-large mashsb-noshadow\" style=\"display:none\"><\/div><\/div>\n            <\/div>\n                <div style=\"clear:both\"><\/div><div class=\"mashsb-toggle-container\"><\/div><\/aside>\n            <!-- Share buttons by mashshare.net - Version: 4.0.47-->\n<ul class=\"wp-block-list\"><li>Los probables responsables est\u00e1n recluidos en el CERESO de La Lima, Jaltoc\u00e1n.<\/li><\/ul>\n\n\n\n<p><em>Por Redacci\u00f3n\/Zunoticia<\/em><\/p>\n\n\n\n<p><strong>Huejutla, Hgo.-<\/strong> Una agente del Ministerio P\u00fablico de la Unidad Especializada en Homicidios Dolosos, aport\u00f3 datos de prueba necesarios para que un juez de control dictara el auto de vinculaci\u00f3n a proceso para dos personas, por hechos que la ley sanciona como homicidio calificado.<\/p>\n\n\n\n<p>Los imputados, identificados con las iniciales I. N. P. y A. N. P., enfrentan un proceso penal por lo ocurrido la noche del 14 de septiembre en la comunidad de Tecolotitla, perteneciente al municipio de Atlapexco, cuando una persona de 73 a\u00f1os fue agredida con un objeto punzocortante, provoc\u00e1ndole lesiones que le causaron la muerte.<\/p>\n\n\n\n<p>Al tener conocimiento de los hechos, esta representaci\u00f3n social inici\u00f3 la carpeta de investigaci\u00f3n correspondiente, misma que se integr\u00f3 con datos de prueba que obtuvo el Ministerio P\u00fablico con la finalidad de solicitar las \u00f3rdenes de aprehensi\u00f3n contra los probables responsables.<\/p>\n\n\n\n<p>Una vez que la autoridad judicial otorg\u00f3 los mandamientos judiciales, agentes de la Divisi\u00f3n de Investigaci\u00f3n de la Procuradur\u00eda General de Justicia (PGJEH) los ejecutaron y ya aprehendidos, los presuntos homicidas fueron puestos a disposici\u00f3n de la autoridad judicial.<\/p>\n\n\n\n<p>Ante un juez de control, el Ministerio P\u00fablico formul\u00f3 la imputaci\u00f3n durante la audiencia inicial y como resultado de la misma, obtuvo el auto de vinculaci\u00f3n a proceso para ambas personas.<\/p>\n\n\n\n<p>Antes de dar por terminada la audiencia, la autoridad judicial les fij\u00f3 como medida cautelar la prisi\u00f3n preventiva oficiosa y otorg\u00f3 un plazo de tres meses para el cierre de la investigaci\u00f3n&nbsp;complementaria.<\/p>\n","protected":false},"excerpt":{"rendered":"<p>Los probables responsables est\u00e1n recluidos en el CERESO de La Lima, Jaltoc\u00e1n. Por Redacci\u00f3n\/Zunoticia Huejutla, Hgo.- Una agente del Ministerio P\u00fablico de la Unidad Especializada en Homicidios Dolosos, aport\u00f3 datos de prueba necesarios para que un juez de control dictara el auto de vinculaci\u00f3n a proceso para dos personas, por hechos que la ley sanciona&hellip; <a class=\"more-link\" href=\"https:\/\/www.zunoticia.com\/noticias-de-hidalgo\/2022\/12\/06\/vinculan-a-proceso-a-presuntos-homicidas\/\">Seguir leyendo <span class=\"screen-reader-text\">Vinculan a proceso a presuntos homicidas<\/span><\/a><\/p>\n","protected":false},"author":12,"featured_media":458424,"comment_status":"closed","ping_status":"open","sticky":false,"template":"","format":"standard","meta":{"rop_custom_images_group":[],"rop_custom_messages_group":[],"rop_publish_now":"initial","rop_publish_now_accounts":{"facebook_10159540855086992_322828327761733":""},"rop_publish_now_history":[],"rop_publish_now_status":"pending","footnotes":""},"categories":[178],"tags":[259],"class_list":["post-458422","post","type-post","status-publish","format-standard","has-post-thumbnail","hentry","category-policiaca","tag-policiaca","entry"],"_links":{"self":[{"href":"https:\/\/www.zunoticia.com\/noticias-de-hidalgo\/wp-json\/wp\/v2\/posts\/458422","targetHints":{"allow":["GET"]}}],"collection":[{"href":"https:\/\/www.zunoticia.com\/noticias-de-hidalgo\/wp-json\/wp\/v2\/posts"}],"about":[{"href":"https:\/\/www.zunoticia.com\/noticias-de-hidalgo\/wp-json\/wp\/v2\/types\/post"}],"author":[{"embeddable":true,"href":"https:\/\/www.zunoticia.com\/noticias-de-hidalgo\/wp-json\/wp\/v2\/users\/12"}],"replies":[{"embeddable":true,"href":"https:\/\/www.zunoticia.com\/noticias-de-hidalgo\/wp-json\/wp\/v2\/comments?post=458422"}],"version-history":[{"count":1,"href":"https:\/\/www.zunoticia.com\/noticias-de-hidalgo\/wp-json\/wp\/v2\/posts\/458422\/revisions"}],"predecessor-version":[{"id":458426,"href":"https:\/\/www.zunoticia.com\/noticias-de-hidalgo\/wp-json\/wp\/v2\/posts\/458422\/revisions\/458426"}],"wp:featuredmedia":[{"embeddable":true,"href":"https:\/\/www.zunoticia.com\/noticias-de-hidalgo\/wp-json\/wp\/v2\/media\/458424"}],"wp:attachment":[{"href":"https:\/\/www.zunoticia.com\/noticias-de-hidalgo\/wp-json\/wp\/v2\/media?parent=458422"}],"wp:term":[{"taxonomy":"category","embeddable":true,"href":"https:\/\/www.zunoticia.com\/noticias-de-hidalgo\/wp-json\/wp\/v2\/categories?post=458422"},{"taxonomy":"post_tag","embeddable":true,"href":"https:\/\/www.zunoticia.com\/noticias-de-hidalgo\/wp-json\/wp\/v2\/tags?post=458422"}],"curies":[{"name":"wp","href":"https:\/\/api.w.org\/{rel}","templated":true}]}}