{"id":458463,"date":"2022-12-06T20:20:45","date_gmt":"2022-12-07T02:20:45","guid":{"rendered":"https:\/\/www.zunoticia.com\/noticias-de-hidalgo\/?p=458463"},"modified":"2022-12-06T20:20:47","modified_gmt":"2022-12-07T02:20:47","slug":"coche-se-salio-de-la-carretera-3","status":"publish","type":"post","link":"https:\/\/www.zunoticia.com\/noticias-de-hidalgo\/2022\/12\/06\/coche-se-salio-de-la-carretera-3\/","title":{"rendered":"Coche se sali\u00f3 de la carretera"},"content":{"rendered":"<aside class=\"mashsb-container mashsb-main mashsb-stretched\"><div class=\"mashsb-box\"><div class=\"mashsb-count mash-large\" style=\"float:left\"><div class=\"counts mashsbcount\">55<\/div><span class=\"mashsb-sharetext\">SHARES<\/span><\/div><div class=\"mashsb-buttons\"><a class=\"mashicon-facebook mash-large mash-center mashsb-noshadow\" href=\"https:\/\/www.facebook.com\/sharer.php?u=https%3A%2F%2Fwww.zunoticia.com%2Fnoticias-de-hidalgo%2F2022%2F12%2F06%2Fcoche-se-salio-de-la-carretera-3%2F\" target=\"_top\" rel=\"nofollow\"><span class=\"icon\"><\/span><span class=\"text\">Share<\/span><\/a><a class=\"mashicon-twitter mash-large mash-center mashsb-noshadow\" href=\"https:\/\/twitter.com\/intent\/tweet?text=&amp;url=https:\/\/www.zunoticia.com\/noticias-de-hidalgo\/2022\/12\/06\/coche-se-salio-de-la-carretera-3\/\" target=\"_top\" rel=\"nofollow\"><span class=\"icon\"><\/span><span class=\"text\">Tweet<\/span><\/a><div class=\"onoffswitch2 mash-large mashsb-noshadow\" style=\"display:none\"><\/div><\/div>\n            <\/div>\n                <div style=\"clear:both\"><\/div><div class=\"mashsb-toggle-container\"><\/div><\/aside>\n            <!-- Share buttons by mashshare.net - Version: 4.0.47-->\n<p><em>Por Redacci\u00f3n\/Zunoticia<\/em><\/p>\n\n\n\n<p><strong>Atlapexco, Hgo.-<\/strong> Por probable exceso de velocidad y aunado al mal estado de la carretera, un auto compacto protagoniz\u00f3 una aparatosa salida de camino en la v\u00eda estatal Atlapexco &#8211; Calnali.<\/p>\n\n\n\n<p>El percance de tr\u00e1nsito terrestre ocurri\u00f3 cerca del centro Ecotur\u00edstico de Achiquihuixtla, donde un veh\u00edculo de la marca Chevrolet tipo Astra, de color azul, termin\u00f3 fuera de la carpeta asf\u00e1ltica, luego de que el conductor perdiera el control del volante.<\/p>\n\n\n\n<p>De acuerdo con la versi\u00f3n de algunos testigos que presenciaron el incidente, la unidad motora presuntamente se desplazaba a exceso de velocidad y antes de llegar al entronque de la carretera que conduce a la localidad de Cochiscoatitla, derrap\u00f3 y termin\u00f3 entre la maleza de un peque\u00f1o barranco.<\/p>\n\n\n\n<p>El coche fue rescatado por un cami\u00f3n que circulaba en esta importante v\u00eda de comunicaci\u00f3n y de esta manera continu\u00f3 su marcha, debido que solo present\u00f3 da\u00f1os materiales m\u00ednimos.<\/p>\n","protected":false},"excerpt":{"rendered":"<p>Por Redacci\u00f3n\/Zunoticia Atlapexco, Hgo.- Por probable exceso de velocidad y aunado al mal estado de la carretera, un auto compacto protagoniz\u00f3 una aparatosa salida de camino en la v\u00eda estatal Atlapexco &#8211; Calnali. El percance de tr\u00e1nsito terrestre ocurri\u00f3 cerca del centro Ecotur\u00edstico de Achiquihuixtla, donde un veh\u00edculo de la marca Chevrolet tipo Astra, de&hellip; <a class=\"more-link\" href=\"https:\/\/www.zunoticia.com\/noticias-de-hidalgo\/2022\/12\/06\/coche-se-salio-de-la-carretera-3\/\">Seguir leyendo <span class=\"screen-reader-text\">Coche se sali\u00f3 de la carretera<\/span><\/a><\/p>\n","protected":false},"author":12,"featured_media":458453,"comment_status":"closed","ping_status":"open","sticky":false,"template":"","format":"standard","meta":{"rop_custom_images_group":[],"rop_custom_messages_group":[],"rop_publish_now":"initial","rop_publish_now_accounts":{"facebook_10159540855086992_322828327761733":""},"rop_publish_now_history":[],"rop_publish_now_status":"pending","footnotes":""},"categories":[178],"tags":[259],"class_list":["post-458463","post","type-post","status-publish","format-standard","has-post-thumbnail","hentry","category-policiaca","tag-policiaca","entry"],"_links":{"self":[{"href":"https:\/\/www.zunoticia.com\/noticias-de-hidalgo\/wp-json\/wp\/v2\/posts\/458463","targetHints":{"allow":["GET"]}}],"collection":[{"href":"https:\/\/www.zunoticia.com\/noticias-de-hidalgo\/wp-json\/wp\/v2\/posts"}],"about":[{"href":"https:\/\/www.zunoticia.com\/noticias-de-hidalgo\/wp-json\/wp\/v2\/types\/post"}],"author":[{"embeddable":true,"href":"https:\/\/www.zunoticia.com\/noticias-de-hidalgo\/wp-json\/wp\/v2\/users\/12"}],"replies":[{"embeddable":true,"href":"https:\/\/www.zunoticia.com\/noticias-de-hidalgo\/wp-json\/wp\/v2\/comments?post=458463"}],"version-history":[{"count":1,"href":"https:\/\/www.zunoticia.com\/noticias-de-hidalgo\/wp-json\/wp\/v2\/posts\/458463\/revisions"}],"predecessor-version":[{"id":458464,"href":"https:\/\/www.zunoticia.com\/noticias-de-hidalgo\/wp-json\/wp\/v2\/posts\/458463\/revisions\/458464"}],"wp:featuredmedia":[{"embeddable":true,"href":"https:\/\/www.zunoticia.com\/noticias-de-hidalgo\/wp-json\/wp\/v2\/media\/458453"}],"wp:attachment":[{"href":"https:\/\/www.zunoticia.com\/noticias-de-hidalgo\/wp-json\/wp\/v2\/media?parent=458463"}],"wp:term":[{"taxonomy":"category","embeddable":true,"href":"https:\/\/www.zunoticia.com\/noticias-de-hidalgo\/wp-json\/wp\/v2\/categories?post=458463"},{"taxonomy":"post_tag","embeddable":true,"href":"https:\/\/www.zunoticia.com\/noticias-de-hidalgo\/wp-json\/wp\/v2\/tags?post=458463"}],"curies":[{"name":"wp","href":"https:\/\/api.w.org\/{rel}","templated":true}]}}