{"id":458465,"date":"2022-12-06T21:26:16","date_gmt":"2022-12-07T03:26:16","guid":{"rendered":"https:\/\/www.zunoticia.com\/noticias-de-hidalgo\/?p=458465"},"modified":"2022-12-06T21:26:17","modified_gmt":"2022-12-07T03:26:17","slug":"responsable-de-accidente-a-disposicion-del-mp","status":"publish","type":"post","link":"https:\/\/www.zunoticia.com\/noticias-de-hidalgo\/2022\/12\/06\/responsable-de-accidente-a-disposicion-del-mp\/","title":{"rendered":"Responsable de accidente a disposici\u00f3n del MP"},"content":{"rendered":"<aside class=\"mashsb-container mashsb-main mashsb-stretched\"><div class=\"mashsb-box\"><div class=\"mashsb-count mash-large\" style=\"float:left\"><div class=\"counts mashsbcount\">31<\/div><span class=\"mashsb-sharetext\">SHARES<\/span><\/div><div class=\"mashsb-buttons\"><a class=\"mashicon-facebook mash-large mash-center mashsb-noshadow\" href=\"https:\/\/www.facebook.com\/sharer.php?u=https%3A%2F%2Fwww.zunoticia.com%2Fnoticias-de-hidalgo%2F2022%2F12%2F06%2Fresponsable-de-accidente-a-disposicion-del-mp%2F\" target=\"_top\" rel=\"nofollow\"><span class=\"icon\"><\/span><span class=\"text\">Share<\/span><\/a><a class=\"mashicon-twitter mash-large mash-center mashsb-noshadow\" href=\"https:\/\/twitter.com\/intent\/tweet?text=&amp;url=https:\/\/www.zunoticia.com\/noticias-de-hidalgo\/2022\/12\/06\/responsable-de-accidente-a-disposicion-del-mp\/\" target=\"_top\" rel=\"nofollow\"><span class=\"icon\"><\/span><span class=\"text\">Tweet<\/span><\/a><div class=\"onoffswitch2 mash-large mashsb-noshadow\" style=\"display:none\"><\/div><\/div>\n            <\/div>\n                <div style=\"clear:both\"><\/div><div class=\"mashsb-toggle-container\"><\/div><\/aside>\n            <!-- Share buttons by mashshare.net - Version: 4.0.47-->\n<p><em>Por Redacci\u00f3n\/Zunoticia<\/em><\/p>\n\n\n\n<p><strong>Huejutla, Hgo.-<\/strong> Conductor de motocicleta que provoc\u00f3 un accidente en la carretera M\u00e9xico &#8211; Tampico, fue puesto a disposici\u00f3n de la Procuradur\u00eda General de Justicia del Estado de Hidalgo (PGJEH).<\/p>\n\n\n\n<p>El imputado de identidad reservada, presuntamente atropell\u00f3 a una persona del sexo masculino de nombre Ambrosio Hern\u00e1ndez, de 47 a\u00f1os, con domicilio en la colonia La Lomita de esta ciudad y los hechos ocurrieron la tarde del pasado lunes a la altura de la colonia Mirador de esta municipalidad.<\/p>\n\n\n\n<p>Por el hecho de tr\u00e1nsito terrestre, el presunto responsable fue remitido ante un agente del Ministerio P\u00fablico de la Unidad de Investigaci\u00f3n y Litigaci\u00f3n de la Mixta para el deslinde de responsabilidades, toda vez que el adulto result\u00f3 severamente lesionado tres ser arrollado por la unidad motora de dos ruedas.<\/p>\n","protected":false},"excerpt":{"rendered":"<p>Por Redacci\u00f3n\/Zunoticia Huejutla, Hgo.- Conductor de motocicleta que provoc\u00f3 un accidente en la carretera M\u00e9xico &#8211; Tampico, fue puesto a disposici\u00f3n de la Procuradur\u00eda General de Justicia del Estado de Hidalgo (PGJEH). El imputado de identidad reservada, presuntamente atropell\u00f3 a una persona del sexo masculino de nombre Ambrosio Hern\u00e1ndez, de 47 a\u00f1os, con domicilio en&hellip; <a class=\"more-link\" href=\"https:\/\/www.zunoticia.com\/noticias-de-hidalgo\/2022\/12\/06\/responsable-de-accidente-a-disposicion-del-mp\/\">Seguir leyendo <span class=\"screen-reader-text\">Responsable de accidente a disposici\u00f3n del MP<\/span><\/a><\/p>\n","protected":false},"author":12,"featured_media":458472,"comment_status":"closed","ping_status":"open","sticky":false,"template":"","format":"standard","meta":{"rop_custom_images_group":[],"rop_custom_messages_group":[],"rop_publish_now":"initial","rop_publish_now_accounts":{"facebook_10159540855086992_322828327761733":""},"rop_publish_now_history":[],"rop_publish_now_status":"pending","footnotes":""},"categories":[178],"tags":[259],"class_list":["post-458465","post","type-post","status-publish","format-standard","has-post-thumbnail","hentry","category-policiaca","tag-policiaca","entry"],"_links":{"self":[{"href":"https:\/\/www.zunoticia.com\/noticias-de-hidalgo\/wp-json\/wp\/v2\/posts\/458465","targetHints":{"allow":["GET"]}}],"collection":[{"href":"https:\/\/www.zunoticia.com\/noticias-de-hidalgo\/wp-json\/wp\/v2\/posts"}],"about":[{"href":"https:\/\/www.zunoticia.com\/noticias-de-hidalgo\/wp-json\/wp\/v2\/types\/post"}],"author":[{"embeddable":true,"href":"https:\/\/www.zunoticia.com\/noticias-de-hidalgo\/wp-json\/wp\/v2\/users\/12"}],"replies":[{"embeddable":true,"href":"https:\/\/www.zunoticia.com\/noticias-de-hidalgo\/wp-json\/wp\/v2\/comments?post=458465"}],"version-history":[{"count":1,"href":"https:\/\/www.zunoticia.com\/noticias-de-hidalgo\/wp-json\/wp\/v2\/posts\/458465\/revisions"}],"predecessor-version":[{"id":458473,"href":"https:\/\/www.zunoticia.com\/noticias-de-hidalgo\/wp-json\/wp\/v2\/posts\/458465\/revisions\/458473"}],"wp:featuredmedia":[{"embeddable":true,"href":"https:\/\/www.zunoticia.com\/noticias-de-hidalgo\/wp-json\/wp\/v2\/media\/458472"}],"wp:attachment":[{"href":"https:\/\/www.zunoticia.com\/noticias-de-hidalgo\/wp-json\/wp\/v2\/media?parent=458465"}],"wp:term":[{"taxonomy":"category","embeddable":true,"href":"https:\/\/www.zunoticia.com\/noticias-de-hidalgo\/wp-json\/wp\/v2\/categories?post=458465"},{"taxonomy":"post_tag","embeddable":true,"href":"https:\/\/www.zunoticia.com\/noticias-de-hidalgo\/wp-json\/wp\/v2\/tags?post=458465"}],"curies":[{"name":"wp","href":"https:\/\/api.w.org\/{rel}","templated":true}]}}