{"id":458479,"date":"2022-12-06T21:31:42","date_gmt":"2022-12-07T03:31:42","guid":{"rendered":"https:\/\/www.zunoticia.com\/noticias-de-hidalgo\/?p=458479"},"modified":"2022-12-06T21:51:47","modified_gmt":"2022-12-07T03:51:47","slug":"propone-angel-tenorio-aumentar-acceso-a-personas-con-discapacidad","status":"publish","type":"post","link":"https:\/\/www.zunoticia.com\/noticias-de-hidalgo\/2022\/12\/06\/propone-angel-tenorio-aumentar-acceso-a-personas-con-discapacidad\/","title":{"rendered":"Proponen aumentar acceso a personas con discapacidad"},"content":{"rendered":"<aside class=\"mashsb-container mashsb-main mashsb-stretched\"><div class=\"mashsb-box\"><div class=\"mashsb-count mash-large\" style=\"float:left\"><div class=\"counts mashsbcount\">51<\/div><span class=\"mashsb-sharetext\">SHARES<\/span><\/div><div class=\"mashsb-buttons\"><a class=\"mashicon-facebook mash-large mash-center mashsb-noshadow\" href=\"https:\/\/www.facebook.com\/sharer.php?u=https%3A%2F%2Fwww.zunoticia.com%2Fnoticias-de-hidalgo%2F2022%2F12%2F06%2Fpropone-angel-tenorio-aumentar-acceso-a-personas-con-discapacidad%2F\" target=\"_top\" rel=\"nofollow\"><span class=\"icon\"><\/span><span class=\"text\">Share<\/span><\/a><a class=\"mashicon-twitter mash-large mash-center mashsb-noshadow\" href=\"https:\/\/twitter.com\/intent\/tweet?text=&amp;url=https:\/\/www.zunoticia.com\/noticias-de-hidalgo\/2022\/12\/06\/propone-angel-tenorio-aumentar-acceso-a-personas-con-discapacidad\/\" target=\"_top\" rel=\"nofollow\"><span class=\"icon\"><\/span><span class=\"text\">Tweet<\/span><\/a><div class=\"onoffswitch2 mash-large mashsb-noshadow\" style=\"display:none\"><\/div><\/div>\n            <\/div>\n                <div style=\"clear:both\"><\/div><div class=\"mashsb-toggle-container\"><\/div><\/aside>\n            <!-- Share buttons by mashshare.net - Version: 4.0.47-->\n<p><em>Por Redacci\u00f3n\/Zunoticia<\/em><\/p>\n\n\n\n<p><strong>Pachuca, Hgo.<\/strong><strong>&#8211;<\/strong> Timoteo L\u00f3pez P\u00e9rez, diputado local de Morena, someti\u00f3 a la consideraci\u00f3n del Pleno del Congreso estatal, una iniciativa que adiciona la fracci\u00f3n VIII al art\u00edculo 64 de la Ley Integral para Personas con Discapacidad del Estado de Hidalgo, con el objetivo de aumentar la accesibilidad para que las personas con discapacidad puedan, en igualdad de condiciones, vivir en forma independiente y participar plenamente en la sociedad.<\/p>\n\n\n\n<p>Indic\u00f3, durante la exposici\u00f3n de motivos de su iniciativa, que la accesibilidad es una condici\u00f3n previa para que las personas con discapacidad puedan, en igualdad de condiciones, vivir en forma independiente y participar plenamente en la sociedad y, por tanto, es tambi\u00e9n un tema de derechos humanos y de desarrollo.<\/p>\n\n\n\n<p>Destac\u00f3 que la implementaci\u00f3n de la accesibilidad requiere del compromiso y esfuerzo de m\u00faltiples actores, los cuales no siempre est\u00e1n conscientes de esta responsabilidad.<\/p>\n\n\n\n<p>Con la adici\u00f3n propuesta a la fracci\u00f3n VIII al art\u00edculo 64 de la Ley Integral para Personas con Discapacidad del Estado de Hidalgo, se busca establecer en la norma que el Estado y los municipios deban garantizar que las unidades de transporte p\u00fablico cuenten con asientos de f\u00e1cil acceso, mismos que ser\u00e1n destinados para uso de personas con discapacidad, debiendo ser estos debidamente identificados para tal fin.<\/p>\n\n\n\n<p>Asimismo, que las nuevas unidades sin excepci\u00f3n, destinadas al transporte p\u00fablico cuenten con los medios necesarios para garantizar su uso, por parte de personas con discapacidad; y que los veh\u00edculos utilizados por las personas con discapacidad porten una placa especial expedida por las autoridades competentes, a efecto de que puedan tener acceso a los lugares se\u00f1alados para su uso exclusivo.<\/p>\n\n\n\n<p>Tambi\u00e9n, que las instalaciones de trasporte p\u00fablico deban contar con accesibilidad, orientaci\u00f3n e informaci\u00f3n necesaria para el uso de personas con discapacidad; la creaci\u00f3n de mecanismos de fiscalizaci\u00f3n y sanci\u00f3n que procedan por el incumplimiento de las medidas descritas con anterioridad; y se promover\u00e1 el otorgamiento de est\u00edmulos fiscales a concesionarios y, permisionarios del servicio p\u00fablico del transporte que d\u00e9 cumplimiento a lo anteriormente descrito.<\/p>\n","protected":false},"excerpt":{"rendered":"<p>Por Redacci\u00f3n\/Zunoticia Pachuca, Hgo.&#8211; Timoteo L\u00f3pez P\u00e9rez, diputado local de Morena, someti\u00f3 a la consideraci\u00f3n del Pleno del Congreso estatal, una iniciativa que adiciona la fracci\u00f3n VIII al art\u00edculo 64 de la Ley Integral para Personas con Discapacidad del Estado de Hidalgo, con el objetivo de aumentar la accesibilidad para que las personas con discapacidad&hellip; <a class=\"more-link\" href=\"https:\/\/www.zunoticia.com\/noticias-de-hidalgo\/2022\/12\/06\/propone-angel-tenorio-aumentar-acceso-a-personas-con-discapacidad\/\">Seguir leyendo <span class=\"screen-reader-text\">Proponen aumentar acceso a personas con discapacidad<\/span><\/a><\/p>\n","protected":false},"author":12,"featured_media":458475,"comment_status":"closed","ping_status":"open","sticky":false,"template":"","format":"standard","meta":{"rop_custom_images_group":[],"rop_custom_messages_group":[],"rop_publish_now":"initial","rop_publish_now_accounts":{"facebook_10159540855086992_322828327761733":""},"rop_publish_now_history":[],"rop_publish_now_status":"pending","footnotes":""},"categories":[208],"tags":[214],"class_list":["post-458479","post","type-post","status-publish","format-standard","has-post-thumbnail","hentry","category-estado","tag-estado","entry"],"_links":{"self":[{"href":"https:\/\/www.zunoticia.com\/noticias-de-hidalgo\/wp-json\/wp\/v2\/posts\/458479","targetHints":{"allow":["GET"]}}],"collection":[{"href":"https:\/\/www.zunoticia.com\/noticias-de-hidalgo\/wp-json\/wp\/v2\/posts"}],"about":[{"href":"https:\/\/www.zunoticia.com\/noticias-de-hidalgo\/wp-json\/wp\/v2\/types\/post"}],"author":[{"embeddable":true,"href":"https:\/\/www.zunoticia.com\/noticias-de-hidalgo\/wp-json\/wp\/v2\/users\/12"}],"replies":[{"embeddable":true,"href":"https:\/\/www.zunoticia.com\/noticias-de-hidalgo\/wp-json\/wp\/v2\/comments?post=458479"}],"version-history":[{"count":2,"href":"https:\/\/www.zunoticia.com\/noticias-de-hidalgo\/wp-json\/wp\/v2\/posts\/458479\/revisions"}],"predecessor-version":[{"id":458489,"href":"https:\/\/www.zunoticia.com\/noticias-de-hidalgo\/wp-json\/wp\/v2\/posts\/458479\/revisions\/458489"}],"wp:featuredmedia":[{"embeddable":true,"href":"https:\/\/www.zunoticia.com\/noticias-de-hidalgo\/wp-json\/wp\/v2\/media\/458475"}],"wp:attachment":[{"href":"https:\/\/www.zunoticia.com\/noticias-de-hidalgo\/wp-json\/wp\/v2\/media?parent=458479"}],"wp:term":[{"taxonomy":"category","embeddable":true,"href":"https:\/\/www.zunoticia.com\/noticias-de-hidalgo\/wp-json\/wp\/v2\/categories?post=458479"},{"taxonomy":"post_tag","embeddable":true,"href":"https:\/\/www.zunoticia.com\/noticias-de-hidalgo\/wp-json\/wp\/v2\/tags?post=458479"}],"curies":[{"name":"wp","href":"https:\/\/api.w.org\/{rel}","templated":true}]}}