{"id":458481,"date":"2022-12-06T21:32:50","date_gmt":"2022-12-07T03:32:50","guid":{"rendered":"https:\/\/www.zunoticia.com\/noticias-de-hidalgo\/?p=458481"},"modified":"2022-12-06T21:32:51","modified_gmt":"2022-12-07T03:32:51","slug":"erika-rodriguez-disparo-al-aire-sera-tipificado-como-delito","status":"publish","type":"post","link":"https:\/\/www.zunoticia.com\/noticias-de-hidalgo\/2022\/12\/06\/erika-rodriguez-disparo-al-aire-sera-tipificado-como-delito\/","title":{"rendered":"Erika Rodr\u00edguez: Disparo al aire ser\u00e1 tipificado como delito"},"content":{"rendered":"<aside class=\"mashsb-container mashsb-main mashsb-stretched\"><div class=\"mashsb-box\"><div class=\"mashsb-count mash-large\" style=\"float:left\"><div class=\"counts mashsbcount\">18<\/div><span class=\"mashsb-sharetext\">SHARES<\/span><\/div><div class=\"mashsb-buttons\"><a class=\"mashicon-facebook mash-large mash-center mashsb-noshadow\" href=\"https:\/\/www.facebook.com\/sharer.php?u=https%3A%2F%2Fwww.zunoticia.com%2Fnoticias-de-hidalgo%2F2022%2F12%2F06%2Ferika-rodriguez-disparo-al-aire-sera-tipificado-como-delito%2F\" target=\"_top\" rel=\"nofollow\"><span class=\"icon\"><\/span><span class=\"text\">Share<\/span><\/a><a class=\"mashicon-twitter mash-large mash-center mashsb-noshadow\" href=\"https:\/\/twitter.com\/intent\/tweet?text=&amp;url=https:\/\/www.zunoticia.com\/noticias-de-hidalgo\/2022\/12\/06\/erika-rodriguez-disparo-al-aire-sera-tipificado-como-delito\/\" target=\"_top\" rel=\"nofollow\"><span class=\"icon\"><\/span><span class=\"text\">Tweet<\/span><\/a><div class=\"onoffswitch2 mash-large mashsb-noshadow\" style=\"display:none\"><\/div><\/div>\n            <\/div>\n                <div style=\"clear:both\"><\/div><div class=\"mashsb-toggle-container\"><\/div><\/aside>\n            <!-- Share buttons by mashshare.net - Version: 4.0.47-->\n<ul class=\"wp-block-list\"><li>Incluir&nbsp;el delito de disparo con arma de fuego sin causa justificada.<\/li><\/ul>\n\n\n\n<p><em>Por Redacci\u00f3n\/Zunoticia<\/em><\/p>\n\n\n\n<p><strong>Pachuca, Hgo.-<\/strong> Durante&nbsp;la&nbsp;sesi\u00f3n del Congreso del Estado &nbsp;la&nbsp;diputada&nbsp;Erika Rodr\u00edguez integrante del Grupo Legislativo&nbsp;del&nbsp;PRI&nbsp;en la LXV&nbsp;Legislatura,&nbsp;present\u00f3&nbsp;una&nbsp;iniciativa para&nbsp;incluir&nbsp;el delito de disparo con arma de fuego sin causa justificada, evitando&nbsp;que personas en estado inconveniente o en celebraciones,&nbsp;realicen&nbsp;disparos al aire y puedan causar alg\u00fan da\u00f1o a la poblaci\u00f3n, adem\u00e1s de incrementar&nbsp;la pena cuando se trate de servidores o ex servidores p\u00fablicos&nbsp;fomentando el combate a la impunidad en estos actos.<\/p>\n\n\n\n<p>En la propuesta de iniciativa, la&nbsp;diputada Erika Rodr\u00edguez&nbsp;se\u00f1al\u00f3, \u201cDe&nbsp;acuerdo con el informe del Centro Regional de las Naciones Unidas para la Paz, el Desarme y el Desarrollo en Am\u00e9rica Latina y el Caribe, M\u00e9xico es el segundo pa\u00eds con m\u00e1s incidentes y v\u00edctimas a causa de balas perdidas,&nbsp;donde la&nbsp;persona que dispara al aire no tiene un respeto por los derechos humanos, reflejo de&nbsp;una conducta violenta que afecta la armon\u00eda y la convivencia social\u201d<\/p>\n\n\n\n<p>La diputada local por el distrito VIII&nbsp;argument\u00f3&nbsp;\u201cEl Objetivo 16 de la Agenda 2030 para el Desarrollo Sostenible promueve sociedades pac\u00edficas e inclusivas, acceso a la justicia e instituciones fuertes como instrumentos de conducci\u00f3n,&nbsp;por tanto, destac\u00f3 que est\u00e1 iniciativa pretende reconocer como conducta antijur\u00eddica&nbsp;y punible el disparo de arma de fuego sin causa justificada,&nbsp;al poner en&nbsp;riesgo&nbsp;la&nbsp;paz,&nbsp;seguridad p\u00fablica, la vida y la integridad personal de la sociedad\u201d.&nbsp;<\/p>\n\n\n\n<p>Finalmente,&nbsp;Erika Rodr\u00edguez&nbsp;puntualiz\u00f3:&nbsp;\u201cLas y los legisladores de la Sexag\u00e9sima quinta legislatura, legislatura de la inclusi\u00f3n, tenemos que seguir trabajando&nbsp;con vocaci\u00f3n, profesionalismo y sensibilidad&nbsp;para construir un andamiaje legislativo que&nbsp;responda&nbsp;a las exigencias de nuestros tiempos,&nbsp;en materia del derecho a la protecci\u00f3n de la vida\u201d<\/p>\n","protected":false},"excerpt":{"rendered":"<p>Incluir&nbsp;el delito de disparo con arma de fuego sin causa justificada. Por Redacci\u00f3n\/Zunoticia Pachuca, Hgo.- Durante&nbsp;la&nbsp;sesi\u00f3n del Congreso del Estado &nbsp;la&nbsp;diputada&nbsp;Erika Rodr\u00edguez integrante del Grupo Legislativo&nbsp;del&nbsp;PRI&nbsp;en la LXV&nbsp;Legislatura,&nbsp;present\u00f3&nbsp;una&nbsp;iniciativa para&nbsp;incluir&nbsp;el delito de disparo con arma de fuego sin causa justificada, evitando&nbsp;que personas en estado inconveniente o en celebraciones,&nbsp;realicen&nbsp;disparos al aire y puedan causar alg\u00fan da\u00f1o a&hellip; <a class=\"more-link\" href=\"https:\/\/www.zunoticia.com\/noticias-de-hidalgo\/2022\/12\/06\/erika-rodriguez-disparo-al-aire-sera-tipificado-como-delito\/\">Seguir leyendo <span class=\"screen-reader-text\">Erika Rodr\u00edguez: Disparo al aire ser\u00e1 tipificado como delito<\/span><\/a><\/p>\n","protected":false},"author":12,"featured_media":458476,"comment_status":"closed","ping_status":"open","sticky":false,"template":"","format":"standard","meta":{"rop_custom_images_group":[],"rop_custom_messages_group":[],"rop_publish_now":"initial","rop_publish_now_accounts":{"facebook_10159540855086992_322828327761733":""},"rop_publish_now_history":[],"rop_publish_now_status":"pending","footnotes":""},"categories":[208],"tags":[214],"class_list":["post-458481","post","type-post","status-publish","format-standard","has-post-thumbnail","hentry","category-estado","tag-estado","entry"],"_links":{"self":[{"href":"https:\/\/www.zunoticia.com\/noticias-de-hidalgo\/wp-json\/wp\/v2\/posts\/458481","targetHints":{"allow":["GET"]}}],"collection":[{"href":"https:\/\/www.zunoticia.com\/noticias-de-hidalgo\/wp-json\/wp\/v2\/posts"}],"about":[{"href":"https:\/\/www.zunoticia.com\/noticias-de-hidalgo\/wp-json\/wp\/v2\/types\/post"}],"author":[{"embeddable":true,"href":"https:\/\/www.zunoticia.com\/noticias-de-hidalgo\/wp-json\/wp\/v2\/users\/12"}],"replies":[{"embeddable":true,"href":"https:\/\/www.zunoticia.com\/noticias-de-hidalgo\/wp-json\/wp\/v2\/comments?post=458481"}],"version-history":[{"count":1,"href":"https:\/\/www.zunoticia.com\/noticias-de-hidalgo\/wp-json\/wp\/v2\/posts\/458481\/revisions"}],"predecessor-version":[{"id":458482,"href":"https:\/\/www.zunoticia.com\/noticias-de-hidalgo\/wp-json\/wp\/v2\/posts\/458481\/revisions\/458482"}],"wp:featuredmedia":[{"embeddable":true,"href":"https:\/\/www.zunoticia.com\/noticias-de-hidalgo\/wp-json\/wp\/v2\/media\/458476"}],"wp:attachment":[{"href":"https:\/\/www.zunoticia.com\/noticias-de-hidalgo\/wp-json\/wp\/v2\/media?parent=458481"}],"wp:term":[{"taxonomy":"category","embeddable":true,"href":"https:\/\/www.zunoticia.com\/noticias-de-hidalgo\/wp-json\/wp\/v2\/categories?post=458481"},{"taxonomy":"post_tag","embeddable":true,"href":"https:\/\/www.zunoticia.com\/noticias-de-hidalgo\/wp-json\/wp\/v2\/tags?post=458481"}],"curies":[{"name":"wp","href":"https:\/\/api.w.org\/{rel}","templated":true}]}}