{"id":458483,"date":"2022-12-06T21:35:49","date_gmt":"2022-12-07T03:35:49","guid":{"rendered":"https:\/\/www.zunoticia.com\/noticias-de-hidalgo\/?p=458483"},"modified":"2022-12-06T21:35:51","modified_gmt":"2022-12-07T03:35:51","slug":"gobierno-de-hidalgo-fortalecera-acciones-de-proteccion-civil","status":"publish","type":"post","link":"https:\/\/www.zunoticia.com\/noticias-de-hidalgo\/2022\/12\/06\/gobierno-de-hidalgo-fortalecera-acciones-de-proteccion-civil\/","title":{"rendered":"Gobierno de Hidalgo fortalecer\u00e1 acciones de Protecci\u00f3n Civil"},"content":{"rendered":"<aside class=\"mashsb-container mashsb-main mashsb-stretched\"><div class=\"mashsb-box\"><div class=\"mashsb-count mash-large\" style=\"float:left\"><div class=\"counts mashsbcount\">18<\/div><span class=\"mashsb-sharetext\">SHARES<\/span><\/div><div class=\"mashsb-buttons\"><a class=\"mashicon-facebook mash-large mash-center mashsb-noshadow\" href=\"https:\/\/www.facebook.com\/sharer.php?u=https%3A%2F%2Fwww.zunoticia.com%2Fnoticias-de-hidalgo%2F2022%2F12%2F06%2Fgobierno-de-hidalgo-fortalecera-acciones-de-proteccion-civil%2F\" target=\"_top\" rel=\"nofollow\"><span class=\"icon\"><\/span><span class=\"text\">Share<\/span><\/a><a class=\"mashicon-twitter mash-large mash-center mashsb-noshadow\" href=\"https:\/\/twitter.com\/intent\/tweet?text=&amp;url=https:\/\/www.zunoticia.com\/noticias-de-hidalgo\/2022\/12\/06\/gobierno-de-hidalgo-fortalecera-acciones-de-proteccion-civil\/\" target=\"_top\" rel=\"nofollow\"><span class=\"icon\"><\/span><span class=\"text\">Tweet<\/span><\/a><div class=\"onoffswitch2 mash-large mashsb-noshadow\" style=\"display:none\"><\/div><\/div>\n            <\/div>\n                <div style=\"clear:both\"><\/div><div class=\"mashsb-toggle-container\"><\/div><\/aside>\n            <!-- Share buttons by mashshare.net - Version: 4.0.47-->\n<ul class=\"wp-block-list\"><li>Julio Menchaca anuncia la actualizaci\u00f3n de los atlas de riesgo estatales, tras 13 a\u00f1os de rezago<\/li><\/ul>\n\n\n\n<p><em>Por Redacci\u00f3n\/Zunoticia<\/em><\/p>\n\n\n\n<p><strong>Pachuca, Hgo.-<\/strong> El gobernador Julio Menchaca Salazar sostuvo una reuni\u00f3n con la titular de la Coordinaci\u00f3n Nacional de Protecci\u00f3n Civil, Laura Vel\u00e1zquez Alz\u00faa, encuentro en donde reforz\u00f3 su compromiso para fortalecer las acciones de prevenci\u00f3n a trav\u00e9s de los lazos de cooperaci\u00f3n que existen entre los tres \u00f3rdenes de gobierno.<\/p>\n\n\n\n<p>El mandatario estatal adelant\u00f3 que se actualizar\u00e1n los atlas de riesgos estatales, pues fue en 2009 la \u00faltima vez que estos fueron renovados: \u201cLos atlas nos permiten planificar el ordenamiento territorial y el desarrollo urbano, orientando pol\u00edticas p\u00fablicas para disminuir los \u00edndices de peligro\u201d.<\/p>\n\n\n\n<figure class=\"wp-block-image size-large\"><img fetchpriority=\"high\" decoding=\"async\" width=\"1024\" height=\"575\" src=\"https:\/\/www.zunoticia.com\/noticias-de-hidalgo\/wp-content\/uploads\/2022\/12\/eZy-Watermark-06-12-2022-08-38-52p.m.-1024x575.jpg\" alt=\"\" class=\"wp-image-458470\" srcset=\"https:\/\/www.zunoticia.com\/noticias-de-hidalgo\/wp-content\/uploads\/2022\/12\/eZy-Watermark-06-12-2022-08-38-52p.m.-1024x575.jpg 1024w, https:\/\/www.zunoticia.com\/noticias-de-hidalgo\/wp-content\/uploads\/2022\/12\/eZy-Watermark-06-12-2022-08-38-52p.m.-300x169.jpg 300w, https:\/\/www.zunoticia.com\/noticias-de-hidalgo\/wp-content\/uploads\/2022\/12\/eZy-Watermark-06-12-2022-08-38-52p.m.-768x431.jpg 768w, https:\/\/www.zunoticia.com\/noticias-de-hidalgo\/wp-content\/uploads\/2022\/12\/eZy-Watermark-06-12-2022-08-38-52p.m..jpg 1280w\" sizes=\"(max-width: 1024px) 100vw, 1024px\" \/><\/figure>\n\n\n\n<p>Puntualiz\u00f3 que el uso de la infraestructura con la que se cuenta en el Centro de Control, Comando, Comunicaciones, C\u00f3mputo, Coordinaci\u00f3n e Inteligencia (C5i) agilizar\u00e1 de manera sustancial las tareas de protecci\u00f3n ciudadana.<\/p>\n\n\n\n<p>Vel\u00e1zquez Alz\u00faa inform\u00f3 que 70 municipios hidalguenses son muy susceptibles al deslizamiento de laderas, otros 25 presentan puntos cr\u00edticos de inundaci\u00f3n y 12 demarcaciones muestran riesgo de karstificaci\u00f3n (formaci\u00f3n de estalactitas), por lo que exhort\u00f3 al gobierno estatal a integrar un comit\u00e9 cient\u00edfico que brinde asesor\u00eda y fortalezca las capacidades t\u00e9cnicas en la entidad.<\/p>\n\n\n\n<p>\u201cEntre 2019 y 2022 en el estado de Hidalgo se registraron 142 eventos que requirieron la intervenci\u00f3n de integrantes de Protecci\u00f3n Civil, de los cuales, el 60 por ciento responden a errores humanos como accidentes de transporte y explosiones\u201d.<\/p>\n\n\n\n<p>La funcionaria federal a\u00f1adi\u00f3 que como parte de las acciones para promover una cultura de prevenci\u00f3n se llevar\u00e1n a cabo capacitaciones que tendr\u00e1n como sede los municipios de Pachuca, Francisco I. Madero, Alfajayucan, Tulancingo, Tenango de Doria, Metztitl\u00e1n, Tianguistengo, Tepehuac\u00e1n, Zimap\u00e1n, Huejutla y Yahualica.<\/p>\n\n\n\n<p>Menchaca Salazar record\u00f3 que su gobierno est\u00e1 comprometido con la elaboraci\u00f3n de programas especiales de Protecci\u00f3n Civil que promuevan acciones de prevenci\u00f3n, mitigaci\u00f3n, preparaci\u00f3n, atenci\u00f3n de emergencias y reconstrucci\u00f3n.<\/p>\n","protected":false},"excerpt":{"rendered":"<p>Julio Menchaca anuncia la actualizaci\u00f3n de los atlas de riesgo estatales, tras 13 a\u00f1os de rezago Por Redacci\u00f3n\/Zunoticia Pachuca, Hgo.- El gobernador Julio Menchaca Salazar sostuvo una reuni\u00f3n con la titular de la Coordinaci\u00f3n Nacional de Protecci\u00f3n Civil, Laura Vel\u00e1zquez Alz\u00faa, encuentro en donde reforz\u00f3 su compromiso para fortalecer las acciones de prevenci\u00f3n a trav\u00e9s&hellip; <a class=\"more-link\" href=\"https:\/\/www.zunoticia.com\/noticias-de-hidalgo\/2022\/12\/06\/gobierno-de-hidalgo-fortalecera-acciones-de-proteccion-civil\/\">Seguir leyendo <span class=\"screen-reader-text\">Gobierno de Hidalgo fortalecer\u00e1 acciones de Protecci\u00f3n Civil<\/span><\/a><\/p>\n","protected":false},"author":12,"featured_media":458471,"comment_status":"closed","ping_status":"open","sticky":false,"template":"","format":"standard","meta":{"rop_custom_images_group":[],"rop_custom_messages_group":[],"rop_publish_now":"initial","rop_publish_now_accounts":{"facebook_10159540855086992_322828327761733":""},"rop_publish_now_history":[],"rop_publish_now_status":"pending","footnotes":""},"categories":[208],"tags":[214],"class_list":["post-458483","post","type-post","status-publish","format-standard","has-post-thumbnail","hentry","category-estado","tag-estado","entry"],"_links":{"self":[{"href":"https:\/\/www.zunoticia.com\/noticias-de-hidalgo\/wp-json\/wp\/v2\/posts\/458483","targetHints":{"allow":["GET"]}}],"collection":[{"href":"https:\/\/www.zunoticia.com\/noticias-de-hidalgo\/wp-json\/wp\/v2\/posts"}],"about":[{"href":"https:\/\/www.zunoticia.com\/noticias-de-hidalgo\/wp-json\/wp\/v2\/types\/post"}],"author":[{"embeddable":true,"href":"https:\/\/www.zunoticia.com\/noticias-de-hidalgo\/wp-json\/wp\/v2\/users\/12"}],"replies":[{"embeddable":true,"href":"https:\/\/www.zunoticia.com\/noticias-de-hidalgo\/wp-json\/wp\/v2\/comments?post=458483"}],"version-history":[{"count":1,"href":"https:\/\/www.zunoticia.com\/noticias-de-hidalgo\/wp-json\/wp\/v2\/posts\/458483\/revisions"}],"predecessor-version":[{"id":458484,"href":"https:\/\/www.zunoticia.com\/noticias-de-hidalgo\/wp-json\/wp\/v2\/posts\/458483\/revisions\/458484"}],"wp:featuredmedia":[{"embeddable":true,"href":"https:\/\/www.zunoticia.com\/noticias-de-hidalgo\/wp-json\/wp\/v2\/media\/458471"}],"wp:attachment":[{"href":"https:\/\/www.zunoticia.com\/noticias-de-hidalgo\/wp-json\/wp\/v2\/media?parent=458483"}],"wp:term":[{"taxonomy":"category","embeddable":true,"href":"https:\/\/www.zunoticia.com\/noticias-de-hidalgo\/wp-json\/wp\/v2\/categories?post=458483"},{"taxonomy":"post_tag","embeddable":true,"href":"https:\/\/www.zunoticia.com\/noticias-de-hidalgo\/wp-json\/wp\/v2\/tags?post=458483"}],"curies":[{"name":"wp","href":"https:\/\/api.w.org\/{rel}","templated":true}]}}