{"id":458543,"date":"2022-12-07T16:24:00","date_gmt":"2022-12-07T22:24:00","guid":{"rendered":"https:\/\/www.zunoticia.com\/noticias-de-hidalgo\/?p=458543"},"modified":"2022-12-07T16:24:01","modified_gmt":"2022-12-07T22:24:01","slug":"entregaran-cartillas-militares-liberadas-en-diciembre","status":"publish","type":"post","link":"https:\/\/www.zunoticia.com\/noticias-de-hidalgo\/2022\/12\/07\/entregaran-cartillas-militares-liberadas-en-diciembre\/","title":{"rendered":"Entregar\u00e1n cartillas militares liberadas en diciembre"},"content":{"rendered":"<aside class=\"mashsb-container mashsb-main mashsb-stretched\"><div class=\"mashsb-box\"><div class=\"mashsb-count mash-large\" style=\"float:left\"><div class=\"counts mashsbcount\">31<\/div><span class=\"mashsb-sharetext\">SHARES<\/span><\/div><div class=\"mashsb-buttons\"><a class=\"mashicon-facebook mash-large mash-center mashsb-noshadow\" href=\"https:\/\/www.facebook.com\/sharer.php?u=https%3A%2F%2Fwww.zunoticia.com%2Fnoticias-de-hidalgo%2F2022%2F12%2F07%2Fentregaran-cartillas-militares-liberadas-en-diciembre%2F\" target=\"_top\" rel=\"nofollow\"><span class=\"icon\"><\/span><span class=\"text\">Share<\/span><\/a><a class=\"mashicon-twitter mash-large mash-center mashsb-noshadow\" href=\"https:\/\/twitter.com\/intent\/tweet?text=&amp;url=https:\/\/www.zunoticia.com\/noticias-de-hidalgo\/2022\/12\/07\/entregaran-cartillas-militares-liberadas-en-diciembre\/\" target=\"_top\" rel=\"nofollow\"><span class=\"icon\"><\/span><span class=\"text\">Tweet<\/span><\/a><div class=\"onoffswitch2 mash-large mashsb-noshadow\" style=\"display:none\"><\/div><\/div>\n            <\/div>\n                <div style=\"clear:both\"><\/div><div class=\"mashsb-toggle-container\"><\/div><\/aside>\n            <!-- Share buttons by mashshare.net - Version: 4.0.47-->\n<p><em>Por Redacci\u00f3n\/Zunoticia<\/em><\/p>\n\n\n\n<p><strong>Jaltoc\u00e1n, Hgo. &#8211;<\/strong> El 84 Batall\u00f3n de Infanter\u00eda con sede en Huejutla, dio a conocer que durante los fines de semana de diciembre, en esas oficinas o la Junta de reclutamiento, los j\u00f3venes nacidos en el a\u00f1o 2003 y remisos podr\u00e1n recoger su cartilla liberada, por lo que se convoca a los interesados asistir a recogerlas.<\/p>\n\n\n\n<p>A trav\u00e9s de un comunicado, el Batall\u00f3n de Infanter\u00eda mediante el \u00e1rea de la Junta municipal de reclutamiento, dio a conocer que la cartilla liberada se estar\u00e1 entregando los s\u00e1bados y domingos del mes de diciembre, \u00fanicamente para quienes cumplieron con sus obligaciones militares en situaci\u00f3n de encuadrados y a disponibilidad.<\/p>\n\n\n\n<p>El documento se entregar\u00e1 \u00fanicamente al titular de la cartilla y para ello deben presentar el recibo que se les entreg\u00f3 al dejar su media cartilla; en caso de extrav\u00edo pueden presentar una fotocopia de su credencial de elector, las cartillas liberadas ser\u00e1n entregadas los s\u00e1bados y domingos del mes de diciembre, en horario de 08:00 de la ma\u00f1ana a 13:00 de la tarde; el personal militar asignado estar\u00e1 en las oficinas los d\u00edas 10 y 11, 17 y 18.<\/p>\n\n\n\n<p>Cabe mencionar que se evaluar\u00e1 con el personal militar los siguientes fines de semana, que ser\u00e1n s\u00e1bado 24 y domingo 25, as\u00ed como el 31 de diciembre; se pide a los interesados estar atentos de cualquier informaci\u00f3n de este tema.<\/p>\n","protected":false},"excerpt":{"rendered":"<p>Por Redacci\u00f3n\/Zunoticia Jaltoc\u00e1n, Hgo. &#8211; El 84 Batall\u00f3n de Infanter\u00eda con sede en Huejutla, dio a conocer que durante los fines de semana de diciembre, en esas oficinas o la Junta de reclutamiento, los j\u00f3venes nacidos en el a\u00f1o 2003 y remisos podr\u00e1n recoger su cartilla liberada, por lo que se convoca a los interesados&hellip; <a class=\"more-link\" href=\"https:\/\/www.zunoticia.com\/noticias-de-hidalgo\/2022\/12\/07\/entregaran-cartillas-militares-liberadas-en-diciembre\/\">Seguir leyendo <span class=\"screen-reader-text\">Entregar\u00e1n cartillas militares liberadas en diciembre<\/span><\/a><\/p>\n","protected":false},"author":12,"featured_media":458544,"comment_status":"closed","ping_status":"open","sticky":false,"template":"","format":"standard","meta":{"rop_custom_images_group":[],"rop_custom_messages_group":[],"rop_publish_now":"initial","rop_publish_now_accounts":{"facebook_10159540855086992_322828327761733":""},"rop_publish_now_history":[],"rop_publish_now_status":"pending","footnotes":""},"categories":[179,200],"tags":[131],"class_list":["post-458543","post","type-post","status-publish","format-standard","has-post-thumbnail","hentry","category-huasteca","category-jaltocan","tag-jaltocan","entry"],"_links":{"self":[{"href":"https:\/\/www.zunoticia.com\/noticias-de-hidalgo\/wp-json\/wp\/v2\/posts\/458543","targetHints":{"allow":["GET"]}}],"collection":[{"href":"https:\/\/www.zunoticia.com\/noticias-de-hidalgo\/wp-json\/wp\/v2\/posts"}],"about":[{"href":"https:\/\/www.zunoticia.com\/noticias-de-hidalgo\/wp-json\/wp\/v2\/types\/post"}],"author":[{"embeddable":true,"href":"https:\/\/www.zunoticia.com\/noticias-de-hidalgo\/wp-json\/wp\/v2\/users\/12"}],"replies":[{"embeddable":true,"href":"https:\/\/www.zunoticia.com\/noticias-de-hidalgo\/wp-json\/wp\/v2\/comments?post=458543"}],"version-history":[{"count":1,"href":"https:\/\/www.zunoticia.com\/noticias-de-hidalgo\/wp-json\/wp\/v2\/posts\/458543\/revisions"}],"predecessor-version":[{"id":458545,"href":"https:\/\/www.zunoticia.com\/noticias-de-hidalgo\/wp-json\/wp\/v2\/posts\/458543\/revisions\/458545"}],"wp:featuredmedia":[{"embeddable":true,"href":"https:\/\/www.zunoticia.com\/noticias-de-hidalgo\/wp-json\/wp\/v2\/media\/458544"}],"wp:attachment":[{"href":"https:\/\/www.zunoticia.com\/noticias-de-hidalgo\/wp-json\/wp\/v2\/media?parent=458543"}],"wp:term":[{"taxonomy":"category","embeddable":true,"href":"https:\/\/www.zunoticia.com\/noticias-de-hidalgo\/wp-json\/wp\/v2\/categories?post=458543"},{"taxonomy":"post_tag","embeddable":true,"href":"https:\/\/www.zunoticia.com\/noticias-de-hidalgo\/wp-json\/wp\/v2\/tags?post=458543"}],"curies":[{"name":"wp","href":"https:\/\/api.w.org\/{rel}","templated":true}]}}