{"id":459221,"date":"2022-12-11T18:38:40","date_gmt":"2022-12-12T00:38:40","guid":{"rendered":"https:\/\/www.zunoticia.com\/noticias-de-hidalgo\/?p=459221"},"modified":"2022-12-11T18:38:42","modified_gmt":"2022-12-12T00:38:42","slug":"primaria-vicente-guerrero-realizo-emotiva-pastorela","status":"publish","type":"post","link":"https:\/\/www.zunoticia.com\/noticias-de-hidalgo\/2022\/12\/11\/primaria-vicente-guerrero-realizo-emotiva-pastorela\/","title":{"rendered":"Primaria &#8220;Vicente Guerrero&#8221; Realiz\u00f3 emotiva pastorela"},"content":{"rendered":"<aside class=\"mashsb-container mashsb-main mashsb-stretched\"><div class=\"mashsb-box\"><div class=\"mashsb-count mash-large\" style=\"float:left\"><div class=\"counts mashsbcount\">26<\/div><span class=\"mashsb-sharetext\">SHARES<\/span><\/div><div class=\"mashsb-buttons\"><a class=\"mashicon-facebook mash-large mash-center mashsb-noshadow\" href=\"https:\/\/www.facebook.com\/sharer.php?u=https%3A%2F%2Fwww.zunoticia.com%2Fnoticias-de-hidalgo%2F2022%2F12%2F11%2Fprimaria-vicente-guerrero-realizo-emotiva-pastorela%2F\" target=\"_top\" rel=\"nofollow\"><span class=\"icon\"><\/span><span class=\"text\">Share<\/span><\/a><a class=\"mashicon-twitter mash-large mash-center mashsb-noshadow\" href=\"https:\/\/twitter.com\/intent\/tweet?text=&amp;url=https:\/\/www.zunoticia.com\/noticias-de-hidalgo\/2022\/12\/11\/primaria-vicente-guerrero-realizo-emotiva-pastorela\/\" target=\"_top\" rel=\"nofollow\"><span class=\"icon\"><\/span><span class=\"text\">Tweet<\/span><\/a><div class=\"onoffswitch2 mash-large mashsb-noshadow\" style=\"display:none\"><\/div><\/div>\n            <\/div>\n                <div style=\"clear:both\"><\/div><div class=\"mashsb-toggle-container\"><\/div><\/aside>\n            <!-- Share buttons by mashshare.net - Version: 4.0.47-->\n<p><em>Por \u00c1ngel Silverio\/Zunoticia<\/em><\/p>\n\n\n\n<p><strong>Jaltoc\u00e1n, Hgo.-<\/strong> El pasado fin de semana, iniciando con las festividades decembrinas, autoridades educativas y la comunidad estudiantil de la escuela primaria ind\u00edgena &#8220;Vicente Guerrero&#8221;, llevaron a cabo su tradicional posada, donde participaron todos los alumnos.<\/p>\n\n\n\n<figure class=\"wp-block-image size-full\"><img fetchpriority=\"high\" decoding=\"async\" width=\"931\" height=\"398\" src=\"https:\/\/www.zunoticia.com\/noticias-de-hidalgo\/wp-content\/uploads\/2022\/12\/eZy-Watermark-11-12-2022-06-13-50p.m..jpg\" alt=\"\" class=\"wp-image-459213\" srcset=\"https:\/\/www.zunoticia.com\/noticias-de-hidalgo\/wp-content\/uploads\/2022\/12\/eZy-Watermark-11-12-2022-06-13-50p.m..jpg 931w, https:\/\/www.zunoticia.com\/noticias-de-hidalgo\/wp-content\/uploads\/2022\/12\/eZy-Watermark-11-12-2022-06-13-50p.m.-300x128.jpg 300w, https:\/\/www.zunoticia.com\/noticias-de-hidalgo\/wp-content\/uploads\/2022\/12\/eZy-Watermark-11-12-2022-06-13-50p.m.-768x328.jpg 768w\" sizes=\"(max-width: 931px) 100vw, 931px\" \/><\/figure>\n\n\n\n<p>En un ambiente de convivencia y esp\u00edritu navide\u00f1o, directiva, administraci\u00f3n y docentes de la escuela primaria ind\u00edgena, ubicada en el barrio Tlalnepantla, realizaron su tradicional posada, luego de dos a\u00f1os que esta no se llevaba a cabo debido a la pandemia, y la cual en este a\u00f1o fue muy esperada por los alumnos, pues aprovecharon para refrendar los lazos de amistad.<\/p>\n\n\n\n<p>Ah\u00ed, se realiz\u00f3 el encendido del \u00c1rbol Navide\u00f1o, as\u00ed como una representaci\u00f3n teatral y un musical navide\u00f1o a cargo de los alumnos y los j\u00f3venes practicantes de la Escuela Normal de las Huastecas, quienes se encargaron de montar esta sencilla pero emotiva pastorela, que fue del agrado de todos los infantes.<\/p>\n\n\n\n<figure class=\"wp-block-image size-large\"><img decoding=\"async\" width=\"1024\" height=\"441\" src=\"https:\/\/www.zunoticia.com\/noticias-de-hidalgo\/wp-content\/uploads\/2022\/12\/eZy-Watermark-11-12-2022-06-14-12p.m.-1024x441.jpg\" alt=\"\" class=\"wp-image-459212\" srcset=\"https:\/\/www.zunoticia.com\/noticias-de-hidalgo\/wp-content\/uploads\/2022\/12\/eZy-Watermark-11-12-2022-06-14-12p.m.-1024x441.jpg 1024w, https:\/\/www.zunoticia.com\/noticias-de-hidalgo\/wp-content\/uploads\/2022\/12\/eZy-Watermark-11-12-2022-06-14-12p.m.-300x129.jpg 300w, https:\/\/www.zunoticia.com\/noticias-de-hidalgo\/wp-content\/uploads\/2022\/12\/eZy-Watermark-11-12-2022-06-14-12p.m.-768x331.jpg 768w, https:\/\/www.zunoticia.com\/noticias-de-hidalgo\/wp-content\/uploads\/2022\/12\/eZy-Watermark-11-12-2022-06-14-12p.m..jpg 1080w\" sizes=\"(max-width: 1024px) 100vw, 1024px\" \/><\/figure>\n\n\n\n<p>Por su parte, la direcci\u00f3n del plantel agradeci\u00f3 a todos los part\u00edcipes, as\u00ed como a los padres de familia y aprovecharon para externar sus sinceros deseos en esta Navidad que se aproxima y un exitoso A\u00f1o Nuevo para toda la comunidad estudiantil de la primaria.<\/p>\n","protected":false},"excerpt":{"rendered":"<p>Por \u00c1ngel Silverio\/Zunoticia Jaltoc\u00e1n, Hgo.- El pasado fin de semana, iniciando con las festividades decembrinas, autoridades educativas y la comunidad estudiantil de la escuela primaria ind\u00edgena &#8220;Vicente Guerrero&#8221;, llevaron a cabo su tradicional posada, donde participaron todos los alumnos. En un ambiente de convivencia y esp\u00edritu navide\u00f1o, directiva, administraci\u00f3n y docentes de la escuela primaria&hellip; <a class=\"more-link\" href=\"https:\/\/www.zunoticia.com\/noticias-de-hidalgo\/2022\/12\/11\/primaria-vicente-guerrero-realizo-emotiva-pastorela\/\">Seguir leyendo <span class=\"screen-reader-text\">Primaria &#8220;Vicente Guerrero&#8221; Realiz\u00f3 emotiva pastorela<\/span><\/a><\/p>\n","protected":false},"author":12,"featured_media":459214,"comment_status":"closed","ping_status":"open","sticky":false,"template":"","format":"standard","meta":{"rop_custom_images_group":[],"rop_custom_messages_group":[],"rop_publish_now":"initial","rop_publish_now_accounts":{"facebook_10159540855086992_322828327761733":""},"rop_publish_now_history":[],"rop_publish_now_status":"pending","footnotes":""},"categories":[179,200],"tags":[131],"class_list":["post-459221","post","type-post","status-publish","format-standard","has-post-thumbnail","hentry","category-huasteca","category-jaltocan","tag-jaltocan","entry"],"_links":{"self":[{"href":"https:\/\/www.zunoticia.com\/noticias-de-hidalgo\/wp-json\/wp\/v2\/posts\/459221","targetHints":{"allow":["GET"]}}],"collection":[{"href":"https:\/\/www.zunoticia.com\/noticias-de-hidalgo\/wp-json\/wp\/v2\/posts"}],"about":[{"href":"https:\/\/www.zunoticia.com\/noticias-de-hidalgo\/wp-json\/wp\/v2\/types\/post"}],"author":[{"embeddable":true,"href":"https:\/\/www.zunoticia.com\/noticias-de-hidalgo\/wp-json\/wp\/v2\/users\/12"}],"replies":[{"embeddable":true,"href":"https:\/\/www.zunoticia.com\/noticias-de-hidalgo\/wp-json\/wp\/v2\/comments?post=459221"}],"version-history":[{"count":1,"href":"https:\/\/www.zunoticia.com\/noticias-de-hidalgo\/wp-json\/wp\/v2\/posts\/459221\/revisions"}],"predecessor-version":[{"id":459222,"href":"https:\/\/www.zunoticia.com\/noticias-de-hidalgo\/wp-json\/wp\/v2\/posts\/459221\/revisions\/459222"}],"wp:featuredmedia":[{"embeddable":true,"href":"https:\/\/www.zunoticia.com\/noticias-de-hidalgo\/wp-json\/wp\/v2\/media\/459214"}],"wp:attachment":[{"href":"https:\/\/www.zunoticia.com\/noticias-de-hidalgo\/wp-json\/wp\/v2\/media?parent=459221"}],"wp:term":[{"taxonomy":"category","embeddable":true,"href":"https:\/\/www.zunoticia.com\/noticias-de-hidalgo\/wp-json\/wp\/v2\/categories?post=459221"},{"taxonomy":"post_tag","embeddable":true,"href":"https:\/\/www.zunoticia.com\/noticias-de-hidalgo\/wp-json\/wp\/v2\/tags?post=459221"}],"curies":[{"name":"wp","href":"https:\/\/api.w.org\/{rel}","templated":true}]}}