{"id":459257,"date":"2022-12-11T22:45:26","date_gmt":"2022-12-12T04:45:26","guid":{"rendered":"https:\/\/www.zunoticia.com\/noticias-de-hidalgo\/?p=459257"},"modified":"2022-12-11T22:45:28","modified_gmt":"2022-12-12T04:45:28","slug":"rompe-expectativas-encendido-de-villa-navidena","status":"publish","type":"post","link":"https:\/\/www.zunoticia.com\/noticias-de-hidalgo\/2022\/12\/11\/rompe-expectativas-encendido-de-villa-navidena\/","title":{"rendered":"Rompe expectativas encendido de villa navide\u00f1a"},"content":{"rendered":"<aside class=\"mashsb-container mashsb-main mashsb-stretched\"><div class=\"mashsb-box\"><div class=\"mashsb-count mash-large\" style=\"float:left\"><div class=\"counts mashsbcount\">21<\/div><span class=\"mashsb-sharetext\">SHARES<\/span><\/div><div class=\"mashsb-buttons\"><a class=\"mashicon-facebook mash-large mash-center mashsb-noshadow\" href=\"https:\/\/www.facebook.com\/sharer.php?u=https%3A%2F%2Fwww.zunoticia.com%2Fnoticias-de-hidalgo%2F2022%2F12%2F11%2Frompe-expectativas-encendido-de-villa-navidena%2F\" target=\"_top\" rel=\"nofollow\"><span class=\"icon\"><\/span><span class=\"text\">Share<\/span><\/a><a class=\"mashicon-twitter mash-large mash-center mashsb-noshadow\" href=\"https:\/\/twitter.com\/intent\/tweet?text=&amp;url=https:\/\/www.zunoticia.com\/noticias-de-hidalgo\/2022\/12\/11\/rompe-expectativas-encendido-de-villa-navidena\/\" target=\"_top\" rel=\"nofollow\"><span class=\"icon\"><\/span><span class=\"text\">Tweet<\/span><\/a><div class=\"onoffswitch2 mash-large mashsb-noshadow\" style=\"display:none\"><\/div><\/div>\n            <\/div>\n                <div style=\"clear:both\"><\/div><div class=\"mashsb-toggle-container\"><\/div><\/aside>\n            <!-- Share buttons by mashshare.net - Version: 4.0.47-->\n<p><em>Por \u00c1ngel Silverio\/Zunoticia<\/em><\/p>\n\n\n\n<p><strong>San Felipe Orizatl\u00e1n, Hgo.- <\/strong>Con gran algarab\u00eda y j\u00fabilo, el pasado fin de semana, la alcaldesa Erika Saab Lara, acompa\u00f1ada de su esposo C\u00e9sar Becerra y sus colaboradores, llevaron a cabo el encendido del pino y villa navide\u00f1a, invitando a todos los orizatlenses a acudir y disfrutar de todo lo que se tiene preparado.<\/p>\n\n\n\n<p>Fue el pasado s\u00e1bado, cuando en la explanada municipal, cientos de familias de San Felipe, se congregaron con sus peque\u00f1os hijos, para disfrutar de una obra de teatro y ser testigos de la puesta en marcha de la primera Villa Navide\u00f1a en el municipio, la cual busca romper con las expectativas del a\u00f1o pasado, rebasando tambi\u00e9n el n\u00famero de visitantes.<\/p>\n\n\n\n<figure class=\"wp-block-image size-large\"><img fetchpriority=\"high\" decoding=\"async\" width=\"1024\" height=\"538\" src=\"https:\/\/www.zunoticia.com\/noticias-de-hidalgo\/wp-content\/uploads\/2022\/12\/sfo1-1024x538.jpg\" alt=\"\" class=\"wp-image-459259\" srcset=\"https:\/\/www.zunoticia.com\/noticias-de-hidalgo\/wp-content\/uploads\/2022\/12\/sfo1-1024x538.jpg 1024w, https:\/\/www.zunoticia.com\/noticias-de-hidalgo\/wp-content\/uploads\/2022\/12\/sfo1-300x158.jpg 300w, https:\/\/www.zunoticia.com\/noticias-de-hidalgo\/wp-content\/uploads\/2022\/12\/sfo1-768x403.jpg 768w, https:\/\/www.zunoticia.com\/noticias-de-hidalgo\/wp-content\/uploads\/2022\/12\/sfo1.jpg 1200w\" sizes=\"(max-width: 1024px) 100vw, 1024px\" \/><figcaption><em>Cientos de familias de San Felipe, se congregaron con sus peque\u00f1os hijos, para disfrutar de una obra de teatro y ser testigos de la puesta en marcha de la primera Villa Navide\u00f1a en el municipio.<\/em><\/figcaption><\/figure>\n\n\n\n<p>En su mensaje, la alcaldesa Saab Lara explic\u00f3 que la villa navide\u00f1a estar\u00e1 encendida cada tarde hasta el d\u00eda 6 de enero, &#8211; &#8220;Van a poder recorrer en el trenecito, hemos tenido mucha gente, muy buenas expectativas y agradecidos con la respuesta de los orizatlenses, muy agradecidos con el equipo de trabajo porque realmente fueron much\u00edsimas horas para poder tener todo listo, y lo hicimos con mucho cari\u00f1o, con mucho amor para que las familias vengan aqu\u00ed en esta navidad &#8220;.<\/p>\n\n\n\n<p>Finalmente agreg\u00f3 que se est\u00e1 trabajando arduamente para garantizar la seguridad de las visitas, -&#8220;Estamos trabajando en estrecha colaboraci\u00f3n con gobierno del estado, hace unos d\u00edas tuvimos cambio de mandos, y bueno nos estamos coordinando para garantizar la seguridad de las familias y pasen las mejores fechas en compa\u00f1\u00eda de sus seres queridos en Orizatl\u00e1n &#8220;.<\/p>\n","protected":false},"excerpt":{"rendered":"<p>Por \u00c1ngel Silverio\/Zunoticia San Felipe Orizatl\u00e1n, Hgo.- Con gran algarab\u00eda y j\u00fabilo, el pasado fin de semana, la alcaldesa Erika Saab Lara, acompa\u00f1ada de su esposo C\u00e9sar Becerra y sus colaboradores, llevaron a cabo el encendido del pino y villa navide\u00f1a, invitando a todos los orizatlenses a acudir y disfrutar de todo lo que se&hellip; <a class=\"more-link\" href=\"https:\/\/www.zunoticia.com\/noticias-de-hidalgo\/2022\/12\/11\/rompe-expectativas-encendido-de-villa-navidena\/\">Seguir leyendo <span class=\"screen-reader-text\">Rompe expectativas encendido de villa navide\u00f1a<\/span><\/a><\/p>\n","protected":false},"author":13,"featured_media":459258,"comment_status":"closed","ping_status":"open","sticky":false,"template":"","format":"standard","meta":{"rop_custom_images_group":[],"rop_custom_messages_group":[],"rop_publish_now":"initial","rop_publish_now_accounts":{"facebook_10159540855086992_322828327761733":""},"rop_publish_now_history":[],"rop_publish_now_status":"pending","footnotes":""},"categories":[180],"tags":[129],"class_list":["post-459257","post","type-post","status-publish","format-standard","has-post-thumbnail","hentry","category-orizatlan","tag-orizatlan","entry"],"_links":{"self":[{"href":"https:\/\/www.zunoticia.com\/noticias-de-hidalgo\/wp-json\/wp\/v2\/posts\/459257","targetHints":{"allow":["GET"]}}],"collection":[{"href":"https:\/\/www.zunoticia.com\/noticias-de-hidalgo\/wp-json\/wp\/v2\/posts"}],"about":[{"href":"https:\/\/www.zunoticia.com\/noticias-de-hidalgo\/wp-json\/wp\/v2\/types\/post"}],"author":[{"embeddable":true,"href":"https:\/\/www.zunoticia.com\/noticias-de-hidalgo\/wp-json\/wp\/v2\/users\/13"}],"replies":[{"embeddable":true,"href":"https:\/\/www.zunoticia.com\/noticias-de-hidalgo\/wp-json\/wp\/v2\/comments?post=459257"}],"version-history":[{"count":1,"href":"https:\/\/www.zunoticia.com\/noticias-de-hidalgo\/wp-json\/wp\/v2\/posts\/459257\/revisions"}],"predecessor-version":[{"id":459260,"href":"https:\/\/www.zunoticia.com\/noticias-de-hidalgo\/wp-json\/wp\/v2\/posts\/459257\/revisions\/459260"}],"wp:featuredmedia":[{"embeddable":true,"href":"https:\/\/www.zunoticia.com\/noticias-de-hidalgo\/wp-json\/wp\/v2\/media\/459258"}],"wp:attachment":[{"href":"https:\/\/www.zunoticia.com\/noticias-de-hidalgo\/wp-json\/wp\/v2\/media?parent=459257"}],"wp:term":[{"taxonomy":"category","embeddable":true,"href":"https:\/\/www.zunoticia.com\/noticias-de-hidalgo\/wp-json\/wp\/v2\/categories?post=459257"},{"taxonomy":"post_tag","embeddable":true,"href":"https:\/\/www.zunoticia.com\/noticias-de-hidalgo\/wp-json\/wp\/v2\/tags?post=459257"}],"curies":[{"name":"wp","href":"https:\/\/api.w.org\/{rel}","templated":true}]}}