{"id":459480,"date":"2022-12-13T14:48:41","date_gmt":"2022-12-13T20:48:41","guid":{"rendered":"https:\/\/www.zunoticia.com\/noticias-de-hidalgo\/?p=459480"},"modified":"2022-12-13T14:48:42","modified_gmt":"2022-12-13T20:48:42","slug":"encendieron-pino-navideno-en-ahuatitla","status":"publish","type":"post","link":"https:\/\/www.zunoticia.com\/noticias-de-hidalgo\/2022\/12\/13\/encendieron-pino-navideno-en-ahuatitla\/","title":{"rendered":"Encendieron pino navide\u00f1o en Ahuatitla"},"content":{"rendered":"<aside class=\"mashsb-container mashsb-main mashsb-stretched\"><div class=\"mashsb-box\"><div class=\"mashsb-count mash-large\" style=\"float:left\"><div class=\"counts mashsbcount\">35<\/div><span class=\"mashsb-sharetext\">SHARES<\/span><\/div><div class=\"mashsb-buttons\"><a class=\"mashicon-facebook mash-large mash-center mashsb-noshadow\" href=\"https:\/\/www.facebook.com\/sharer.php?u=https%3A%2F%2Fwww.zunoticia.com%2Fnoticias-de-hidalgo%2F2022%2F12%2F13%2Fencendieron-pino-navideno-en-ahuatitla%2F\" target=\"_top\" rel=\"nofollow\"><span class=\"icon\"><\/span><span class=\"text\">Share<\/span><\/a><a class=\"mashicon-twitter mash-large mash-center mashsb-noshadow\" href=\"https:\/\/twitter.com\/intent\/tweet?text=&amp;url=https:\/\/www.zunoticia.com\/noticias-de-hidalgo\/2022\/12\/13\/encendieron-pino-navideno-en-ahuatitla\/\" target=\"_top\" rel=\"nofollow\"><span class=\"icon\"><\/span><span class=\"text\">Tweet<\/span><\/a><div class=\"onoffswitch2 mash-large mashsb-noshadow\" style=\"display:none\"><\/div><\/div>\n            <\/div>\n                <div style=\"clear:both\"><\/div><div class=\"mashsb-toggle-container\"><\/div><\/aside>\n            <!-- Share buttons by mashshare.net - Version: 4.0.47-->\n<p><em>Por \u00c1ngel Silverio\/Zunoticia<\/em><\/p>\n\n\n\n<p><strong>San Felipe Orizatl\u00e1n, Hgo. &#8211;<\/strong> Con gran algarab\u00eda, el pasado fin de semana, autoridades de la delegaci\u00f3n de Ahuatitla y el grupo denominado Voluntad y Esperanza, llevaron a cabo una caravana y posteriormente el encendido del \u00e1rbol navide\u00f1o, por lo que llaman a las familias a cuidar la ornamentaci\u00f3n.<\/p>\n\n\n\n<p>Fue el pasado s\u00e1bado cuando las autoridades delegacionales representadas por \u00d3scar Mart\u00ednez Amador, y el grupo Voluntad y Esperanza encabezaron el desfile navide\u00f1o, hasta llegar al quiosco de esta comunidad, donde se hizo el encendido del pino de navidad.<\/p>\n\n\n\n<p>Familias completas asistieron para ser testigos de la llegada de las fiestas decembrinas, agradecieron a las autoridades y a la agrupaci\u00f3n antes mencionada por preocuparse y realizar este evento, el cual es de suma importancia para los ni\u00f1os de la comunidad, quienes esperaban con ansias el inicio de las fiestas.<\/p>\n\n\n\n<p>Finalmente, pidieron a los ciudadanos que juntos cuiden de la ornamentaci\u00f3n que fue colocada, as\u00ed como tambi\u00e9n que no se roben las series de luz, cuiden lo que juntos han adquirido para la comunidad.<\/p>\n","protected":false},"excerpt":{"rendered":"<p>Por \u00c1ngel Silverio\/Zunoticia San Felipe Orizatl\u00e1n, Hgo. &#8211; Con gran algarab\u00eda, el pasado fin de semana, autoridades de la delegaci\u00f3n de Ahuatitla y el grupo denominado Voluntad y Esperanza, llevaron a cabo una caravana y posteriormente el encendido del \u00e1rbol navide\u00f1o, por lo que llaman a las familias a cuidar la ornamentaci\u00f3n. Fue el pasado&hellip; <a class=\"more-link\" href=\"https:\/\/www.zunoticia.com\/noticias-de-hidalgo\/2022\/12\/13\/encendieron-pino-navideno-en-ahuatitla\/\">Seguir leyendo <span class=\"screen-reader-text\">Encendieron pino navide\u00f1o en Ahuatitla<\/span><\/a><\/p>\n","protected":false},"author":12,"featured_media":459481,"comment_status":"closed","ping_status":"open","sticky":false,"template":"","format":"standard","meta":{"rop_custom_images_group":[],"rop_custom_messages_group":[],"rop_publish_now":"initial","rop_publish_now_accounts":{"facebook_10159540855086992_322828327761733":""},"rop_publish_now_history":[],"rop_publish_now_status":"pending","footnotes":""},"categories":[180],"tags":[129],"class_list":["post-459480","post","type-post","status-publish","format-standard","has-post-thumbnail","hentry","category-orizatlan","tag-orizatlan","entry"],"_links":{"self":[{"href":"https:\/\/www.zunoticia.com\/noticias-de-hidalgo\/wp-json\/wp\/v2\/posts\/459480","targetHints":{"allow":["GET"]}}],"collection":[{"href":"https:\/\/www.zunoticia.com\/noticias-de-hidalgo\/wp-json\/wp\/v2\/posts"}],"about":[{"href":"https:\/\/www.zunoticia.com\/noticias-de-hidalgo\/wp-json\/wp\/v2\/types\/post"}],"author":[{"embeddable":true,"href":"https:\/\/www.zunoticia.com\/noticias-de-hidalgo\/wp-json\/wp\/v2\/users\/12"}],"replies":[{"embeddable":true,"href":"https:\/\/www.zunoticia.com\/noticias-de-hidalgo\/wp-json\/wp\/v2\/comments?post=459480"}],"version-history":[{"count":1,"href":"https:\/\/www.zunoticia.com\/noticias-de-hidalgo\/wp-json\/wp\/v2\/posts\/459480\/revisions"}],"predecessor-version":[{"id":459482,"href":"https:\/\/www.zunoticia.com\/noticias-de-hidalgo\/wp-json\/wp\/v2\/posts\/459480\/revisions\/459482"}],"wp:featuredmedia":[{"embeddable":true,"href":"https:\/\/www.zunoticia.com\/noticias-de-hidalgo\/wp-json\/wp\/v2\/media\/459481"}],"wp:attachment":[{"href":"https:\/\/www.zunoticia.com\/noticias-de-hidalgo\/wp-json\/wp\/v2\/media?parent=459480"}],"wp:term":[{"taxonomy":"category","embeddable":true,"href":"https:\/\/www.zunoticia.com\/noticias-de-hidalgo\/wp-json\/wp\/v2\/categories?post=459480"},{"taxonomy":"post_tag","embeddable":true,"href":"https:\/\/www.zunoticia.com\/noticias-de-hidalgo\/wp-json\/wp\/v2\/tags?post=459480"}],"curies":[{"name":"wp","href":"https:\/\/api.w.org\/{rel}","templated":true}]}}