{"id":459486,"date":"2022-12-13T14:58:25","date_gmt":"2022-12-13T20:58:25","guid":{"rendered":"https:\/\/www.zunoticia.com\/noticias-de-hidalgo\/?p=459486"},"modified":"2022-12-13T14:58:27","modified_gmt":"2022-12-13T20:58:27","slug":"presidencia-autorizo-dos-periodos-de-permisos-para-el-tianguis-decembrino","status":"publish","type":"post","link":"https:\/\/www.zunoticia.com\/noticias-de-hidalgo\/2022\/12\/13\/presidencia-autorizo-dos-periodos-de-permisos-para-el-tianguis-decembrino\/","title":{"rendered":"Presidencia autoriz\u00f3 dos periodos de permisos para el Tianguis Decembrino"},"content":{"rendered":"<aside class=\"mashsb-container mashsb-main mashsb-stretched\"><div class=\"mashsb-box\"><div class=\"mashsb-count mash-large\" style=\"float:left\"><div class=\"counts mashsbcount\">5<\/div><span class=\"mashsb-sharetext\">SHARES<\/span><\/div><div class=\"mashsb-buttons\"><a class=\"mashicon-facebook mash-large mash-center mashsb-noshadow\" href=\"https:\/\/www.facebook.com\/sharer.php?u=https%3A%2F%2Fwww.zunoticia.com%2Fnoticias-de-hidalgo%2F2022%2F12%2F13%2Fpresidencia-autorizo-dos-periodos-de-permisos-para-el-tianguis-decembrino%2F\" target=\"_top\" rel=\"nofollow\"><span class=\"icon\"><\/span><span class=\"text\">Share<\/span><\/a><a class=\"mashicon-twitter mash-large mash-center mashsb-noshadow\" href=\"https:\/\/twitter.com\/intent\/tweet?text=&amp;url=https:\/\/www.zunoticia.com\/noticias-de-hidalgo\/2022\/12\/13\/presidencia-autorizo-dos-periodos-de-permisos-para-el-tianguis-decembrino\/\" target=\"_top\" rel=\"nofollow\"><span class=\"icon\"><\/span><span class=\"text\">Tweet<\/span><\/a><div class=\"onoffswitch2 mash-large mashsb-noshadow\" style=\"display:none\"><\/div><\/div>\n            <\/div>\n                <div style=\"clear:both\"><\/div><div class=\"mashsb-toggle-container\"><\/div><\/aside>\n            <!-- Share buttons by mashshare.net - Version: 4.0.47-->\n<p><em>Por Enedino Hern\u00e1ndez\/Zunoticia<\/em><\/p>\n\n\n\n<p><strong>Huejutla, Hgo. &#8211; <\/strong>Con toda anticipaci\u00f3n la presidencia municipal autoriz\u00f3 dos periodos de permiso para que en esta temporada se realice el Tianguis Decembrino, as\u00ed lo confirm\u00f3 el secretario general de la Uni\u00f3n de Comerciantes Locatarios y Ambulantes (UCLA) del Mercado Municipal de Huejutla, Jorge Lara Garc\u00eda.<\/p>\n\n\n\n<p>Previamente, el director del \u00e1rea de Reglamentos de la presidencia municipal de Huejutla a trav\u00e9s del titular Miguel \u00c1ngel Vargas Castel\u00e1n, les confirm\u00f3 por medio de un documento la autorizaci\u00f3n de los dos periodos para ejercer el Tianguis Decembrino.<\/p>\n\n\n\n<p>En el documento se detalla que con motivo del Tradicional Tianguis Decembrino 2022 (mercado y calles aleda\u00f1as) se establecen los siguientes periodos, en los cuales podr\u00e1n llevar a cabo sus actividades laborales en los espacios que se le han sido concesionados de manera temporal.<\/p>\n\n\n\n<figure class=\"wp-block-image size-large\"><img fetchpriority=\"high\" decoding=\"async\" width=\"768\" height=\"1024\" src=\"https:\/\/www.zunoticia.com\/noticias-de-hidalgo\/wp-content\/uploads\/2022\/12\/WhatsApp-Image-2022-12-13-at-2.47.00-PM-768x1024.jpeg\" alt=\"\" class=\"wp-image-459488\" srcset=\"https:\/\/www.zunoticia.com\/noticias-de-hidalgo\/wp-content\/uploads\/2022\/12\/WhatsApp-Image-2022-12-13-at-2.47.00-PM-768x1024.jpeg 768w, https:\/\/www.zunoticia.com\/noticias-de-hidalgo\/wp-content\/uploads\/2022\/12\/WhatsApp-Image-2022-12-13-at-2.47.00-PM-225x300.jpeg 225w, https:\/\/www.zunoticia.com\/noticias-de-hidalgo\/wp-content\/uploads\/2022\/12\/WhatsApp-Image-2022-12-13-at-2.47.00-PM.jpeg 960w\" sizes=\"(max-width: 768px) 100vw, 768px\" \/><\/figure>\n\n\n\n<p>Se subraya que el primer periodo para el Tianguis Decembrino ser\u00e1 del jueves 22 al domingo 25 de diciembre y el segundo del viernes 30 al domingo 1 de enero del 2023.<\/p>\n\n\n\n<p>Jorge Lara Garc\u00eda, agradeci\u00f3 p\u00fablicamente a las autoridades municipales por la autorizaci\u00f3n correspondiente para realizar en dos per\u00edodos el Tianguis Decembrino y al mismo tiempo, pide a los comerciantes ser muy respetuosos de las fechas permitidas por la presidencia.<\/p>\n","protected":false},"excerpt":{"rendered":"<p>Por Enedino Hern\u00e1ndez\/Zunoticia Huejutla, Hgo. &#8211; Con toda anticipaci\u00f3n la presidencia municipal autoriz\u00f3 dos periodos de permiso para que en esta temporada se realice el Tianguis Decembrino, as\u00ed lo confirm\u00f3 el secretario general de la Uni\u00f3n de Comerciantes Locatarios y Ambulantes (UCLA) del Mercado Municipal de Huejutla, Jorge Lara Garc\u00eda. Previamente, el director del \u00e1rea&hellip; <a class=\"more-link\" href=\"https:\/\/www.zunoticia.com\/noticias-de-hidalgo\/2022\/12\/13\/presidencia-autorizo-dos-periodos-de-permisos-para-el-tianguis-decembrino\/\">Seguir leyendo <span class=\"screen-reader-text\">Presidencia autoriz\u00f3 dos periodos de permisos para el Tianguis Decembrino<\/span><\/a><\/p>\n","protected":false},"author":12,"featured_media":459487,"comment_status":"closed","ping_status":"open","sticky":false,"template":"","format":"standard","meta":{"rop_custom_images_group":[],"rop_custom_messages_group":[],"rop_publish_now":"initial","rop_publish_now_accounts":{"facebook_10159540855086992_322828327761733":""},"rop_publish_now_history":[],"rop_publish_now_status":"pending","footnotes":""},"categories":[181],"tags":[121],"class_list":["post-459486","post","type-post","status-publish","format-standard","has-post-thumbnail","hentry","category-huejutla","tag-huejutla","entry"],"_links":{"self":[{"href":"https:\/\/www.zunoticia.com\/noticias-de-hidalgo\/wp-json\/wp\/v2\/posts\/459486","targetHints":{"allow":["GET"]}}],"collection":[{"href":"https:\/\/www.zunoticia.com\/noticias-de-hidalgo\/wp-json\/wp\/v2\/posts"}],"about":[{"href":"https:\/\/www.zunoticia.com\/noticias-de-hidalgo\/wp-json\/wp\/v2\/types\/post"}],"author":[{"embeddable":true,"href":"https:\/\/www.zunoticia.com\/noticias-de-hidalgo\/wp-json\/wp\/v2\/users\/12"}],"replies":[{"embeddable":true,"href":"https:\/\/www.zunoticia.com\/noticias-de-hidalgo\/wp-json\/wp\/v2\/comments?post=459486"}],"version-history":[{"count":1,"href":"https:\/\/www.zunoticia.com\/noticias-de-hidalgo\/wp-json\/wp\/v2\/posts\/459486\/revisions"}],"predecessor-version":[{"id":459489,"href":"https:\/\/www.zunoticia.com\/noticias-de-hidalgo\/wp-json\/wp\/v2\/posts\/459486\/revisions\/459489"}],"wp:featuredmedia":[{"embeddable":true,"href":"https:\/\/www.zunoticia.com\/noticias-de-hidalgo\/wp-json\/wp\/v2\/media\/459487"}],"wp:attachment":[{"href":"https:\/\/www.zunoticia.com\/noticias-de-hidalgo\/wp-json\/wp\/v2\/media?parent=459486"}],"wp:term":[{"taxonomy":"category","embeddable":true,"href":"https:\/\/www.zunoticia.com\/noticias-de-hidalgo\/wp-json\/wp\/v2\/categories?post=459486"},{"taxonomy":"post_tag","embeddable":true,"href":"https:\/\/www.zunoticia.com\/noticias-de-hidalgo\/wp-json\/wp\/v2\/tags?post=459486"}],"curies":[{"name":"wp","href":"https:\/\/api.w.org\/{rel}","templated":true}]}}