{"id":459490,"date":"2022-12-13T15:01:53","date_gmt":"2022-12-13T21:01:53","guid":{"rendered":"https:\/\/www.zunoticia.com\/noticias-de-hidalgo\/?p=459490"},"modified":"2022-12-13T15:01:55","modified_gmt":"2022-12-13T21:01:55","slug":"desaparecio-adulto-mayor","status":"publish","type":"post","link":"https:\/\/www.zunoticia.com\/noticias-de-hidalgo\/2022\/12\/13\/desaparecio-adulto-mayor\/","title":{"rendered":"Desapareci\u00f3 adulto mayor"},"content":{"rendered":"<aside class=\"mashsb-container mashsb-main mashsb-stretched\"><div class=\"mashsb-box\"><div class=\"mashsb-count mash-large\" style=\"float:left\"><div class=\"counts mashsbcount\">16<\/div><span class=\"mashsb-sharetext\">SHARES<\/span><\/div><div class=\"mashsb-buttons\"><a class=\"mashicon-facebook mash-large mash-center mashsb-noshadow\" href=\"https:\/\/www.facebook.com\/sharer.php?u=https%3A%2F%2Fwww.zunoticia.com%2Fnoticias-de-hidalgo%2F2022%2F12%2F13%2Fdesaparecio-adulto-mayor%2F\" target=\"_top\" rel=\"nofollow\"><span class=\"icon\"><\/span><span class=\"text\">Share<\/span><\/a><a class=\"mashicon-twitter mash-large mash-center mashsb-noshadow\" href=\"https:\/\/twitter.com\/intent\/tweet?text=&amp;url=https:\/\/www.zunoticia.com\/noticias-de-hidalgo\/2022\/12\/13\/desaparecio-adulto-mayor\/\" target=\"_top\" rel=\"nofollow\"><span class=\"icon\"><\/span><span class=\"text\">Tweet<\/span><\/a><div class=\"onoffswitch2 mash-large mashsb-noshadow\" style=\"display:none\"><\/div><\/div>\n            <\/div>\n                <div style=\"clear:both\"><\/div><div class=\"mashsb-toggle-container\"><\/div><\/aside>\n            <!-- Share buttons by mashshare.net - Version: 4.0.47-->\n<p><em>Por Redacci\u00f3n\/Zunoticia<\/em><\/p>\n\n\n\n<p><strong>Plat\u00f3n S\u00e1nchez, Ver. &#8211;<\/strong> Persona de la tercera, quien est\u00e1 en calidad de desaparecido desde el pasado domingo 11 de diciembre, es buscado por sus familiares, motivo por el cual solicitan la colaboraci\u00f3n ciudadana para localizarlo.<\/p>\n\n\n\n<p>El adulto mayor extraviado, responde al nombre de Roberto Hern\u00e1ndez Hern\u00e1ndez, con domicilio en la calle Ignacio de la Llave de la colonia Adolfo L\u00f3pez Mateos, de la cabecera de este municipio.<\/p>\n\n\n\n<p>Esta persona sali\u00f3 con rumbo desconocido, ya que presuntamente pierde la memoria por ratos; viste pantal\u00f3n y camisa azul, trae una chamarra del mismo color.<\/p>\n\n\n\n<p>Cualquier informaci\u00f3n que ayude a la ubicaci\u00f3n del sexagenario, sus parientes piden llamar a los n\u00fameros telef\u00f3nicos 7711849206, 7711214522 y\/o al 8991830011.<\/p>\n","protected":false},"excerpt":{"rendered":"<p>Por Redacci\u00f3n\/Zunoticia Plat\u00f3n S\u00e1nchez, Ver. &#8211; Persona de la tercera, quien est\u00e1 en calidad de desaparecido desde el pasado domingo 11 de diciembre, es buscado por sus familiares, motivo por el cual solicitan la colaboraci\u00f3n ciudadana para localizarlo. El adulto mayor extraviado, responde al nombre de Roberto Hern\u00e1ndez Hern\u00e1ndez, con domicilio en la calle Ignacio&hellip; <a class=\"more-link\" href=\"https:\/\/www.zunoticia.com\/noticias-de-hidalgo\/2022\/12\/13\/desaparecio-adulto-mayor\/\">Seguir leyendo <span class=\"screen-reader-text\">Desapareci\u00f3 adulto mayor<\/span><\/a><\/p>\n","protected":false},"author":12,"featured_media":459491,"comment_status":"closed","ping_status":"open","sticky":false,"template":"","format":"standard","meta":{"rop_custom_images_group":[],"rop_custom_messages_group":[],"rop_publish_now":"initial","rop_publish_now_accounts":{"facebook_10159540855086992_322828327761733":""},"rop_publish_now_history":[],"rop_publish_now_status":"pending","footnotes":""},"categories":[178],"tags":[289],"class_list":["post-459490","post","type-post","status-publish","format-standard","has-post-thumbnail","hentry","category-policiaca","tag-platon-sanchez","entry"],"_links":{"self":[{"href":"https:\/\/www.zunoticia.com\/noticias-de-hidalgo\/wp-json\/wp\/v2\/posts\/459490","targetHints":{"allow":["GET"]}}],"collection":[{"href":"https:\/\/www.zunoticia.com\/noticias-de-hidalgo\/wp-json\/wp\/v2\/posts"}],"about":[{"href":"https:\/\/www.zunoticia.com\/noticias-de-hidalgo\/wp-json\/wp\/v2\/types\/post"}],"author":[{"embeddable":true,"href":"https:\/\/www.zunoticia.com\/noticias-de-hidalgo\/wp-json\/wp\/v2\/users\/12"}],"replies":[{"embeddable":true,"href":"https:\/\/www.zunoticia.com\/noticias-de-hidalgo\/wp-json\/wp\/v2\/comments?post=459490"}],"version-history":[{"count":1,"href":"https:\/\/www.zunoticia.com\/noticias-de-hidalgo\/wp-json\/wp\/v2\/posts\/459490\/revisions"}],"predecessor-version":[{"id":459492,"href":"https:\/\/www.zunoticia.com\/noticias-de-hidalgo\/wp-json\/wp\/v2\/posts\/459490\/revisions\/459492"}],"wp:featuredmedia":[{"embeddable":true,"href":"https:\/\/www.zunoticia.com\/noticias-de-hidalgo\/wp-json\/wp\/v2\/media\/459491"}],"wp:attachment":[{"href":"https:\/\/www.zunoticia.com\/noticias-de-hidalgo\/wp-json\/wp\/v2\/media?parent=459490"}],"wp:term":[{"taxonomy":"category","embeddable":true,"href":"https:\/\/www.zunoticia.com\/noticias-de-hidalgo\/wp-json\/wp\/v2\/categories?post=459490"},{"taxonomy":"post_tag","embeddable":true,"href":"https:\/\/www.zunoticia.com\/noticias-de-hidalgo\/wp-json\/wp\/v2\/tags?post=459490"}],"curies":[{"name":"wp","href":"https:\/\/api.w.org\/{rel}","templated":true}]}}