{"id":459509,"date":"2022-12-13T17:02:35","date_gmt":"2022-12-13T23:02:35","guid":{"rendered":"https:\/\/www.zunoticia.com\/noticias-de-hidalgo\/?p=459509"},"modified":"2022-12-13T17:02:37","modified_gmt":"2022-12-13T23:02:37","slug":"dif-local-efectuo-festejo-navideno-en-jardin-de-ninos","status":"publish","type":"post","link":"https:\/\/www.zunoticia.com\/noticias-de-hidalgo\/2022\/12\/13\/dif-local-efectuo-festejo-navideno-en-jardin-de-ninos\/","title":{"rendered":"DIF local efectu\u00f3 festejo navide\u00f1o en Jard\u00edn de Ni\u00f1os"},"content":{"rendered":"<aside class=\"mashsb-container mashsb-main mashsb-stretched\"><div class=\"mashsb-box\"><div class=\"mashsb-count mash-large\" style=\"float:left\"><div class=\"counts mashsbcount\">17<\/div><span class=\"mashsb-sharetext\">SHARES<\/span><\/div><div class=\"mashsb-buttons\"><a class=\"mashicon-facebook mash-large mash-center mashsb-noshadow\" href=\"https:\/\/www.facebook.com\/sharer.php?u=https%3A%2F%2Fwww.zunoticia.com%2Fnoticias-de-hidalgo%2F2022%2F12%2F13%2Fdif-local-efectuo-festejo-navideno-en-jardin-de-ninos%2F\" target=\"_top\" rel=\"nofollow\"><span class=\"icon\"><\/span><span class=\"text\">Share<\/span><\/a><a class=\"mashicon-twitter mash-large mash-center mashsb-noshadow\" href=\"https:\/\/twitter.com\/intent\/tweet?text=&amp;url=https:\/\/www.zunoticia.com\/noticias-de-hidalgo\/2022\/12\/13\/dif-local-efectuo-festejo-navideno-en-jardin-de-ninos\/\" target=\"_top\" rel=\"nofollow\"><span class=\"icon\"><\/span><span class=\"text\">Tweet<\/span><\/a><div class=\"onoffswitch2 mash-large mashsb-noshadow\" style=\"display:none\"><\/div><\/div>\n            <\/div>\n                <div style=\"clear:both\"><\/div><div class=\"mashsb-toggle-container\"><\/div><\/aside>\n            <!-- Share buttons by mashshare.net - Version: 4.0.47-->\n<p><em>Por Roberto Meza\/Zunoticia<\/em><\/p>\n\n\n\n<p><strong>Huazalingo, Hgo. &#8211;<\/strong> Con el prop\u00f3sito de proyectar el esp\u00edritu navide\u00f1o y convivir con los infantes, la presidenta del DIF local Vanessa Mej\u00eda de Gonz\u00e1lez, efectu\u00f3 un convivio en el Jard\u00edn de Ni\u00f1os de la comunidad de San Pedro y de esta manera estrechar los lazos de amistad entre los maestros, ni\u00f1os y padres de familia.<\/p>\n\n\n\n<p>Por lo que Mej\u00eda de Gonz\u00e1lez, estuvo presente en ese preescolar, en el que se llev\u00f3 a cabo un convivio en celebraci\u00f3n a la navidad; la alegr\u00eda se not\u00f3 en los rostros de la ni\u00f1ez, quienes disfrutaron de Santa Claus y les alegr\u00f3 con unos dulceros.&nbsp;<\/p>\n\n\n\n<figure class=\"wp-block-image size-full\"><img fetchpriority=\"high\" decoding=\"async\" width=\"720\" height=\"540\" src=\"https:\/\/www.zunoticia.com\/noticias-de-hidalgo\/wp-content\/uploads\/2022\/12\/WhatsApp-Image-2022-12-13-at-4.09.58-PM-2.jpeg\" alt=\"\" class=\"wp-image-459511\" srcset=\"https:\/\/www.zunoticia.com\/noticias-de-hidalgo\/wp-content\/uploads\/2022\/12\/WhatsApp-Image-2022-12-13-at-4.09.58-PM-2.jpeg 720w, https:\/\/www.zunoticia.com\/noticias-de-hidalgo\/wp-content\/uploads\/2022\/12\/WhatsApp-Image-2022-12-13-at-4.09.58-PM-2-300x225.jpeg 300w\" sizes=\"(max-width: 720px) 100vw, 720px\" \/><\/figure>\n\n\n\n<p>La presidenta del DIF municipal expres\u00f3 que es de gran val\u00eda inculcar a los infantes este tipo de valores, sobre todo la convivencia entre todos ellos. Tras haberse llevado esta posada navide\u00f1a, padres de familia agradecieron a la titular del DIF local por sumarse y contribuir con el esp\u00edritu navide\u00f1o.<\/p>\n","protected":false},"excerpt":{"rendered":"<p>Por Roberto Meza\/Zunoticia Huazalingo, Hgo. &#8211; Con el prop\u00f3sito de proyectar el esp\u00edritu navide\u00f1o y convivir con los infantes, la presidenta del DIF local Vanessa Mej\u00eda de Gonz\u00e1lez, efectu\u00f3 un convivio en el Jard\u00edn de Ni\u00f1os de la comunidad de San Pedro y de esta manera estrechar los lazos de amistad entre los maestros, ni\u00f1os&hellip; <a class=\"more-link\" href=\"https:\/\/www.zunoticia.com\/noticias-de-hidalgo\/2022\/12\/13\/dif-local-efectuo-festejo-navideno-en-jardin-de-ninos\/\">Seguir leyendo <span class=\"screen-reader-text\">DIF local efectu\u00f3 festejo navide\u00f1o en Jard\u00edn de Ni\u00f1os<\/span><\/a><\/p>\n","protected":false},"author":12,"featured_media":459510,"comment_status":"closed","ping_status":"open","sticky":false,"template":"","format":"standard","meta":{"rop_custom_images_group":[],"rop_custom_messages_group":[],"rop_publish_now":"initial","rop_publish_now_accounts":{"facebook_10159540855086992_322828327761733":""},"rop_publish_now_history":[],"rop_publish_now_status":"pending","footnotes":""},"categories":[179,212],"tags":[138],"class_list":["post-459509","post","type-post","status-publish","format-standard","has-post-thumbnail","hentry","category-huasteca","category-huazalingo","tag-huazalingo","entry"],"_links":{"self":[{"href":"https:\/\/www.zunoticia.com\/noticias-de-hidalgo\/wp-json\/wp\/v2\/posts\/459509","targetHints":{"allow":["GET"]}}],"collection":[{"href":"https:\/\/www.zunoticia.com\/noticias-de-hidalgo\/wp-json\/wp\/v2\/posts"}],"about":[{"href":"https:\/\/www.zunoticia.com\/noticias-de-hidalgo\/wp-json\/wp\/v2\/types\/post"}],"author":[{"embeddable":true,"href":"https:\/\/www.zunoticia.com\/noticias-de-hidalgo\/wp-json\/wp\/v2\/users\/12"}],"replies":[{"embeddable":true,"href":"https:\/\/www.zunoticia.com\/noticias-de-hidalgo\/wp-json\/wp\/v2\/comments?post=459509"}],"version-history":[{"count":1,"href":"https:\/\/www.zunoticia.com\/noticias-de-hidalgo\/wp-json\/wp\/v2\/posts\/459509\/revisions"}],"predecessor-version":[{"id":459512,"href":"https:\/\/www.zunoticia.com\/noticias-de-hidalgo\/wp-json\/wp\/v2\/posts\/459509\/revisions\/459512"}],"wp:featuredmedia":[{"embeddable":true,"href":"https:\/\/www.zunoticia.com\/noticias-de-hidalgo\/wp-json\/wp\/v2\/media\/459510"}],"wp:attachment":[{"href":"https:\/\/www.zunoticia.com\/noticias-de-hidalgo\/wp-json\/wp\/v2\/media?parent=459509"}],"wp:term":[{"taxonomy":"category","embeddable":true,"href":"https:\/\/www.zunoticia.com\/noticias-de-hidalgo\/wp-json\/wp\/v2\/categories?post=459509"},{"taxonomy":"post_tag","embeddable":true,"href":"https:\/\/www.zunoticia.com\/noticias-de-hidalgo\/wp-json\/wp\/v2\/tags?post=459509"}],"curies":[{"name":"wp","href":"https:\/\/api.w.org\/{rel}","templated":true}]}}