{"id":459517,"date":"2022-12-13T17:07:58","date_gmt":"2022-12-13T23:07:58","guid":{"rendered":"https:\/\/www.zunoticia.com\/noticias-de-hidalgo\/?p=459517"},"modified":"2022-12-13T17:08:00","modified_gmt":"2022-12-13T23:08:00","slug":"inscriben-el-nombre-del-general-felipe-angeles-en-el-muro-de-honor","status":"publish","type":"post","link":"https:\/\/www.zunoticia.com\/noticias-de-hidalgo\/2022\/12\/13\/inscriben-el-nombre-del-general-felipe-angeles-en-el-muro-de-honor\/","title":{"rendered":"Inscriben el nombre del General Felipe \u00c1ngeles en el muro de honor"},"content":{"rendered":"<aside class=\"mashsb-container mashsb-main mashsb-stretched\"><div class=\"mashsb-box\"><div class=\"mashsb-count mash-large\" style=\"float:left\"><div class=\"counts mashsbcount\">16<\/div><span class=\"mashsb-sharetext\">SHARES<\/span><\/div><div class=\"mashsb-buttons\"><a class=\"mashicon-facebook mash-large mash-center mashsb-noshadow\" href=\"https:\/\/www.facebook.com\/sharer.php?u=https%3A%2F%2Fwww.zunoticia.com%2Fnoticias-de-hidalgo%2F2022%2F12%2F13%2Finscriben-el-nombre-del-general-felipe-angeles-en-el-muro-de-honor%2F\" target=\"_top\" rel=\"nofollow\"><span class=\"icon\"><\/span><span class=\"text\">Share<\/span><\/a><a class=\"mashicon-twitter mash-large mash-center mashsb-noshadow\" href=\"https:\/\/twitter.com\/intent\/tweet?text=&amp;url=https:\/\/www.zunoticia.com\/noticias-de-hidalgo\/2022\/12\/13\/inscriben-el-nombre-del-general-felipe-angeles-en-el-muro-de-honor\/\" target=\"_top\" rel=\"nofollow\"><span class=\"icon\"><\/span><span class=\"text\">Tweet<\/span><\/a><div class=\"onoffswitch2 mash-large mashsb-noshadow\" style=\"display:none\"><\/div><\/div>\n            <\/div>\n                <div style=\"clear:both\"><\/div><div class=\"mashsb-toggle-container\"><\/div><\/aside>\n            <!-- Share buttons by mashshare.net - Version: 4.0.47-->\n<p><em>Por Redacci\u00f3n\/Zunoticia<\/em><\/p>\n\n\n\n<p><strong>Pachuca de Soto, Hgo. &#8211; <\/strong>Inscriben con letras de oro en el muro de honor de la C\u00e1mara de Diputados el nombre del General Felipe \u00c1ngeles. A dicho acto asisti\u00f3 el gobernador de Hidalgo, Julio Menchaca Salazar, acompa\u00f1ado de familiares del revolucionario oriundo de Zacualtip\u00e1n de \u00c1ngeles.<\/p>\n\n\n\n<p>La promovente de dicha iniciativa fue la diputada federal Alma Carolina Viggiano Austria, lo que permiti\u00f3 que Felipe \u00c1ngeles sea el primer hidalguense que aparezca en el muro de honor de la C\u00e1mara.<\/p>\n\n\n\n<figure class=\"wp-block-image size-large\"><img fetchpriority=\"high\" decoding=\"async\" width=\"575\" height=\"1024\" src=\"https:\/\/www.zunoticia.com\/noticias-de-hidalgo\/wp-content\/uploads\/2022\/12\/WhatsApp-Image-2022-12-13-at-5.06.46-PM-575x1024.jpeg\" alt=\"\" class=\"wp-image-459519\" srcset=\"https:\/\/www.zunoticia.com\/noticias-de-hidalgo\/wp-content\/uploads\/2022\/12\/WhatsApp-Image-2022-12-13-at-5.06.46-PM-575x1024.jpeg 575w, https:\/\/www.zunoticia.com\/noticias-de-hidalgo\/wp-content\/uploads\/2022\/12\/WhatsApp-Image-2022-12-13-at-5.06.46-PM-169x300.jpeg 169w, https:\/\/www.zunoticia.com\/noticias-de-hidalgo\/wp-content\/uploads\/2022\/12\/WhatsApp-Image-2022-12-13-at-5.06.46-PM.jpeg 719w\" sizes=\"(max-width: 575px) 100vw, 575px\" \/><\/figure>\n\n\n\n<p>Las y los diputados federales reconocieron la trayectoria del General Felipe \u00c1ngeles y recordaron la frase c\u00e9lebre que pronunci\u00f3 antes de ser fusilado: &#8220;Mi muerte har\u00e1 m\u00e1s bien a la causa democr\u00e1tica que todas las gestiones de mi vida&#8221;.<\/p>\n","protected":false},"excerpt":{"rendered":"<p>Por Redacci\u00f3n\/Zunoticia Pachuca de Soto, Hgo. &#8211; Inscriben con letras de oro en el muro de honor de la C\u00e1mara de Diputados el nombre del General Felipe \u00c1ngeles. A dicho acto asisti\u00f3 el gobernador de Hidalgo, Julio Menchaca Salazar, acompa\u00f1ado de familiares del revolucionario oriundo de Zacualtip\u00e1n de \u00c1ngeles. La promovente de dicha iniciativa fue&hellip; <a class=\"more-link\" href=\"https:\/\/www.zunoticia.com\/noticias-de-hidalgo\/2022\/12\/13\/inscriben-el-nombre-del-general-felipe-angeles-en-el-muro-de-honor\/\">Seguir leyendo <span class=\"screen-reader-text\">Inscriben el nombre del General Felipe \u00c1ngeles en el muro de honor<\/span><\/a><\/p>\n","protected":false},"author":12,"featured_media":459518,"comment_status":"closed","ping_status":"open","sticky":false,"template":"","format":"standard","meta":{"rop_custom_images_group":[],"rop_custom_messages_group":[],"rop_publish_now":"initial","rop_publish_now_accounts":{"facebook_10159540855086992_322828327761733":""},"rop_publish_now_history":[],"rop_publish_now_status":"pending","footnotes":""},"categories":[208],"tags":[214],"class_list":["post-459517","post","type-post","status-publish","format-standard","has-post-thumbnail","hentry","category-estado","tag-estado","entry"],"_links":{"self":[{"href":"https:\/\/www.zunoticia.com\/noticias-de-hidalgo\/wp-json\/wp\/v2\/posts\/459517","targetHints":{"allow":["GET"]}}],"collection":[{"href":"https:\/\/www.zunoticia.com\/noticias-de-hidalgo\/wp-json\/wp\/v2\/posts"}],"about":[{"href":"https:\/\/www.zunoticia.com\/noticias-de-hidalgo\/wp-json\/wp\/v2\/types\/post"}],"author":[{"embeddable":true,"href":"https:\/\/www.zunoticia.com\/noticias-de-hidalgo\/wp-json\/wp\/v2\/users\/12"}],"replies":[{"embeddable":true,"href":"https:\/\/www.zunoticia.com\/noticias-de-hidalgo\/wp-json\/wp\/v2\/comments?post=459517"}],"version-history":[{"count":1,"href":"https:\/\/www.zunoticia.com\/noticias-de-hidalgo\/wp-json\/wp\/v2\/posts\/459517\/revisions"}],"predecessor-version":[{"id":459520,"href":"https:\/\/www.zunoticia.com\/noticias-de-hidalgo\/wp-json\/wp\/v2\/posts\/459517\/revisions\/459520"}],"wp:featuredmedia":[{"embeddable":true,"href":"https:\/\/www.zunoticia.com\/noticias-de-hidalgo\/wp-json\/wp\/v2\/media\/459518"}],"wp:attachment":[{"href":"https:\/\/www.zunoticia.com\/noticias-de-hidalgo\/wp-json\/wp\/v2\/media?parent=459517"}],"wp:term":[{"taxonomy":"category","embeddable":true,"href":"https:\/\/www.zunoticia.com\/noticias-de-hidalgo\/wp-json\/wp\/v2\/categories?post=459517"},{"taxonomy":"post_tag","embeddable":true,"href":"https:\/\/www.zunoticia.com\/noticias-de-hidalgo\/wp-json\/wp\/v2\/tags?post=459517"}],"curies":[{"name":"wp","href":"https:\/\/api.w.org\/{rel}","templated":true}]}}