{"id":459524,"date":"2022-12-13T18:02:13","date_gmt":"2022-12-14T00:02:13","guid":{"rendered":"https:\/\/www.zunoticia.com\/noticias-de-hidalgo\/?p=459524"},"modified":"2022-12-13T18:02:15","modified_gmt":"2022-12-14T00:02:15","slug":"trabajadores-del-programa-bienestar-despedidos-siguen-presentandose-a-laborar","status":"publish","type":"post","link":"https:\/\/www.zunoticia.com\/noticias-de-hidalgo\/2022\/12\/13\/trabajadores-del-programa-bienestar-despedidos-siguen-presentandose-a-laborar\/","title":{"rendered":"Trabajadores del Programa Bienestar despedidos siguen present\u00e1ndose a laborar"},"content":{"rendered":"<aside class=\"mashsb-container mashsb-main mashsb-stretched\"><div class=\"mashsb-box\"><div class=\"mashsb-count mash-large\" style=\"float:left\"><div class=\"counts mashsbcount\">26<\/div><span class=\"mashsb-sharetext\">SHARES<\/span><\/div><div class=\"mashsb-buttons\"><a class=\"mashicon-facebook mash-large mash-center mashsb-noshadow\" href=\"https:\/\/www.facebook.com\/sharer.php?u=https%3A%2F%2Fwww.zunoticia.com%2Fnoticias-de-hidalgo%2F2022%2F12%2F13%2Ftrabajadores-del-programa-bienestar-despedidos-siguen-presentandose-a-laborar%2F\" target=\"_top\" rel=\"nofollow\"><span class=\"icon\"><\/span><span class=\"text\">Share<\/span><\/a><a class=\"mashicon-twitter mash-large mash-center mashsb-noshadow\" href=\"https:\/\/twitter.com\/intent\/tweet?text=&amp;url=https:\/\/www.zunoticia.com\/noticias-de-hidalgo\/2022\/12\/13\/trabajadores-del-programa-bienestar-despedidos-siguen-presentandose-a-laborar\/\" target=\"_top\" rel=\"nofollow\"><span class=\"icon\"><\/span><span class=\"text\">Tweet<\/span><\/a><div class=\"onoffswitch2 mash-large mashsb-noshadow\" style=\"display:none\"><\/div><\/div>\n            <\/div>\n                <div style=\"clear:both\"><\/div><div class=\"mashsb-toggle-container\"><\/div><\/aside>\n            <!-- Share buttons by mashshare.net - Version: 4.0.47-->\n<p><em>Por Salvador Altamirano\/Zunoticia<\/em><\/p>\n\n\n\n<p><strong>Huejutla, Hgo. &#8211;<\/strong> Empleados adscritos a la oficina regional del &#8220;Programa Bienestar&#8221;, quienes denunciaron en fecha reciente p\u00fablicamente despidos injustificados, contin\u00faan present\u00e1ndose a trabajar de manera normal.<\/p>\n\n\n\n<p>Lo anterior, al afirmar que su contrato laboral con la precitada dependencia federal concluye a finales del a\u00f1o 2022, o sea, cuando finalice el presente mes de diciembre, por lo que siguen d\u00e1ndole continuidad a lo que con anterioridad les hab\u00edan programado.<\/p>\n\n\n\n<p>Aunque se negaron a dar una entrevista formal, reiteraron que los despidos, que seg\u00fan dicen son ocho, pero podr\u00edan ser once, son consecuencia de haber hecho p\u00fablicas supuestas anomal\u00edas en las que estar\u00eda incurriendo el titular de la oficina regional, Gelacio Vel\u00e1zquez Hern\u00e1ndez.<\/p>\n\n\n\n<p>Entre ellas -refirieron en su momento-, de encabezar supuestos actos de discriminaci\u00f3n hacia aquellos Servidores de la Naci\u00f3n que se dice no compaginan con su manera de dirigir la oficina regional del Programa Bienestar.<\/p>\n\n\n\n<p>Es oportuno mencionar que, los trabajadores quienes fueron despedidos comentan que ahora quien tiene que dar una declaraci\u00f3n a los medios de comunicaci\u00f3n es el responsable de la oficina regional, sin embargo, lo han buscado reporteros de varios medios de comunicaci\u00f3n sin encontrarlo.<\/p>\n","protected":false},"excerpt":{"rendered":"<p>Por Salvador Altamirano\/Zunoticia Huejutla, Hgo. &#8211; Empleados adscritos a la oficina regional del &#8220;Programa Bienestar&#8221;, quienes denunciaron en fecha reciente p\u00fablicamente despidos injustificados, contin\u00faan present\u00e1ndose a trabajar de manera normal. Lo anterior, al afirmar que su contrato laboral con la precitada dependencia federal concluye a finales del a\u00f1o 2022, o sea, cuando finalice el presente&hellip; <a class=\"more-link\" href=\"https:\/\/www.zunoticia.com\/noticias-de-hidalgo\/2022\/12\/13\/trabajadores-del-programa-bienestar-despedidos-siguen-presentandose-a-laborar\/\">Seguir leyendo <span class=\"screen-reader-text\">Trabajadores del Programa Bienestar despedidos siguen present\u00e1ndose a laborar<\/span><\/a><\/p>\n","protected":false},"author":12,"featured_media":459525,"comment_status":"closed","ping_status":"open","sticky":false,"template":"","format":"standard","meta":{"rop_custom_images_group":[],"rop_custom_messages_group":[],"rop_publish_now":"initial","rop_publish_now_accounts":{"facebook_10159540855086992_322828327761733":""},"rop_publish_now_history":[],"rop_publish_now_status":"pending","footnotes":""},"categories":[181],"tags":[121],"class_list":["post-459524","post","type-post","status-publish","format-standard","has-post-thumbnail","hentry","category-huejutla","tag-huejutla","entry"],"_links":{"self":[{"href":"https:\/\/www.zunoticia.com\/noticias-de-hidalgo\/wp-json\/wp\/v2\/posts\/459524","targetHints":{"allow":["GET"]}}],"collection":[{"href":"https:\/\/www.zunoticia.com\/noticias-de-hidalgo\/wp-json\/wp\/v2\/posts"}],"about":[{"href":"https:\/\/www.zunoticia.com\/noticias-de-hidalgo\/wp-json\/wp\/v2\/types\/post"}],"author":[{"embeddable":true,"href":"https:\/\/www.zunoticia.com\/noticias-de-hidalgo\/wp-json\/wp\/v2\/users\/12"}],"replies":[{"embeddable":true,"href":"https:\/\/www.zunoticia.com\/noticias-de-hidalgo\/wp-json\/wp\/v2\/comments?post=459524"}],"version-history":[{"count":1,"href":"https:\/\/www.zunoticia.com\/noticias-de-hidalgo\/wp-json\/wp\/v2\/posts\/459524\/revisions"}],"predecessor-version":[{"id":459526,"href":"https:\/\/www.zunoticia.com\/noticias-de-hidalgo\/wp-json\/wp\/v2\/posts\/459524\/revisions\/459526"}],"wp:featuredmedia":[{"embeddable":true,"href":"https:\/\/www.zunoticia.com\/noticias-de-hidalgo\/wp-json\/wp\/v2\/media\/459525"}],"wp:attachment":[{"href":"https:\/\/www.zunoticia.com\/noticias-de-hidalgo\/wp-json\/wp\/v2\/media?parent=459524"}],"wp:term":[{"taxonomy":"category","embeddable":true,"href":"https:\/\/www.zunoticia.com\/noticias-de-hidalgo\/wp-json\/wp\/v2\/categories?post=459524"},{"taxonomy":"post_tag","embeddable":true,"href":"https:\/\/www.zunoticia.com\/noticias-de-hidalgo\/wp-json\/wp\/v2\/tags?post=459524"}],"curies":[{"name":"wp","href":"https:\/\/api.w.org\/{rel}","templated":true}]}}