{"id":459591,"date":"2022-12-14T00:00:22","date_gmt":"2022-12-14T06:00:22","guid":{"rendered":"https:\/\/www.zunoticia.com\/noticias-de-hidalgo\/?p=459591"},"modified":"2022-12-14T00:00:24","modified_gmt":"2022-12-14T06:00:24","slug":"espejeando-por-perseo-496","status":"publish","type":"post","link":"https:\/\/www.zunoticia.com\/noticias-de-hidalgo\/2022\/12\/14\/espejeando-por-perseo-496\/","title":{"rendered":"ESPEJEANDO por Perseo"},"content":{"rendered":"<aside class=\"mashsb-container mashsb-main mashsb-stretched\"><div class=\"mashsb-box\"><div class=\"mashsb-count mash-large\" style=\"float:left\"><div class=\"counts mashsbcount\">22<\/div><span class=\"mashsb-sharetext\">SHARES<\/span><\/div><div class=\"mashsb-buttons\"><a class=\"mashicon-facebook mash-large mash-center mashsb-noshadow\" href=\"https:\/\/www.facebook.com\/sharer.php?u=https%3A%2F%2Fwww.zunoticia.com%2Fnoticias-de-hidalgo%2F2022%2F12%2F14%2Fespejeando-por-perseo-496%2F\" target=\"_top\" rel=\"nofollow\"><span class=\"icon\"><\/span><span class=\"text\">Share<\/span><\/a><a class=\"mashicon-twitter mash-large mash-center mashsb-noshadow\" href=\"https:\/\/twitter.com\/intent\/tweet?text=&amp;url=https:\/\/www.zunoticia.com\/noticias-de-hidalgo\/2022\/12\/14\/espejeando-por-perseo-496\/\" target=\"_top\" rel=\"nofollow\"><span class=\"icon\"><\/span><span class=\"text\">Tweet<\/span><\/a><div class=\"onoffswitch2 mash-large mashsb-noshadow\" style=\"display:none\"><\/div><\/div>\n            <\/div>\n                <div style=\"clear:both\"><\/div><div class=\"mashsb-toggle-container\"><\/div><\/aside>\n            <!-- Share buttons by mashshare.net - Version: 4.0.47-->\n<p>\u2022 El Congreso de Hidalgo aprob\u00f3 la creaci\u00f3n del Instituto para Devolverle al Pueblo lo Robado, el dictamen por el que se expide la Ley para la Administraci\u00f3n y Destino de Bienes Asegurados, Abandonados, Decomisados y Extinci\u00f3n de Dominio, llega muy a tiempo. El dictamen fue aprobado con 24 votos a favor y la abstenci\u00f3n de las diputadas priistas Citlali Jaramillo Ram\u00edrez y Marcia Torres Gonz\u00e1lez.<\/p>\n\n\n\n<p>\u2022 Por cierto en la sesi\u00f3n para este mi\u00e9rcoles del Congreso Local, se procede al dictamen en el que suspender\u00e1n el ejercicio de alcaldes de Epazoyucan, Huautla y Yahualica, lo que inevitablemente ser\u00e1n los alcaldes suplentes quienes tomar\u00e1n protesta en esta misma semana.<\/p>\n\n\n\n<p>\u2022 Estamos ante un momento muy pol\u00edtico, la foto que revent\u00f3 las redes sociales es sin duda que el gobernador Julio Menchaca asistiera a cumplir con la invitaci\u00f3n de Carolina Viggiano a la c\u00e1mara de Diputados en el Congreso de la Uni\u00f3n, a tomarse la foto tras que quedara grabado en letras de oro el nombre del general Felipe de Jes\u00fas \u00c1ngeles; prueba que la buena pol\u00edtica es esa que logra superar las desavenencias, y estando un coordinador en medio como Rub\u00e9n Moreira quien aparece como cerebro en la renovaci\u00f3n de la Gubernatura de Coahuila; hoy parece todo es distinto, por supuesto que a muchos caus\u00f3 extra\u00f1eza.<\/p>\n\n\n\n<p>\u2022\u2022 Ayer&nbsp; en la comunidad de El Mirador, con el acompa\u00f1amiento&nbsp; del Delegado Agust\u00edn Hern\u00e1ndez Bautista, el Profesor Adolfo Monta\u00f1o Hern\u00e1ndez, Lorena Mogica y algunos vecinos a quienes cumplimos el compromiso que se contrajo el pasado 27 de Julio, de entregar el material a la comunidad una vez concluido su documental.<\/p>\n\n\n\n<p>\u2022\u2022 El trabajo es el inicio de una serie de acciones que habremos de estar presentando luego de que gracias a que El Mirador nos diera apertura despu\u00e9s de un a\u00f1o de gesti\u00f3n con las autoridades comunitarias, desde el 2021,&nbsp; fue hasta el presente a\u00f1o que se va 2022, que se nos abrieron las puertas que Ecuatitla nos permiti\u00f3 hacer un segundo levantamiento de la defensa de las tierras, que por conveniencia o ignorancia algunos hablan de &#8220;invasi\u00f3n&#8221; cuando se refieren de la recuperaci\u00f3n de las tierras por parte del campesinado, cuando consideran que siempre les perteneci\u00f3, el desconocimiento legal, la ignorancia y el abuso de l\u00edderes sociales y los hacendados, la complicidad de autoridades de gobierno del estado mexicano de esos tiempos, ll\u00e1mese Reforma Agraria, Registro Agrario, Tribunal Unitario Agrario, alcaldes, gobernador y presidencia de la Rep\u00fablica, polic\u00edas, militares de la \u00e9poca, eran la burbuja de protecci\u00f3n de toda una estructura sistem\u00e1tica y contra lo que el pueblo&nbsp; luchaba para obtener se cumplieran las resoluciones presidenciales que dar\u00edan desde la Revoluci\u00f3n Mexicana.<\/p>\n\n\n\n<p>\u2022\u2022 La lucha por la tierra era desigual, desde el \u00e1ngulo que pretendan verlo, el pueblo era un&nbsp;&nbsp; problema que habr\u00eda que controlarse, era la otra visi\u00f3n del poder, entre los que se dicen de raz\u00f3n contra la munchedumbre, la que no ten\u00eda y en algunos casos, a\u00fan no tienen derechos, porque los desconocen, porque no lo saben, pero lleg\u00f3 la hora de que caminen dentro del orden legal, no hay necesidad del desorden, cuando la Ley de Pueblos Ind\u00edgenas es muy clara al respecto, cuando dicta sus derechos, salud, educaci\u00f3n, agua, territorio, industria ind\u00edgena, calzado, vestido, sueldo digno, autonom\u00eda en sus gobiernos, reconocimiento a sus formas de gobierno.<\/p>\n\n\n\n<p>\u2022\u2022 Est\u00e1 en el orden legal, es Ley Constitucional, no se trata de algo ilegal, ileg\u00edtimo, irregular, sino de dar paso a la puerta de la democracia comunitaria, la integraci\u00f3n de todos en el \u00e1mbito del derecho, apegado a la norma que nuestros representantes en la c\u00e1mara alta y baja o Congreso Federal y Senadores han construido desde los acuerdos de San Andr\u00e9s Larrainzar tras el Movimiento Zapatista que dio paso a un reclamo internacional de la Organizaci\u00f3n Internacional del Trabajo (OIT) en el acuerdo 169 sobre derechos de Pueblos Ind\u00edgenas y Tribales.<\/p>\n","protected":false},"excerpt":{"rendered":"<p>\u2022 El Congreso de Hidalgo aprob\u00f3 la creaci\u00f3n del Instituto para Devolverle al Pueblo lo Robado, el dictamen por el que se expide la Ley para la Administraci\u00f3n y Destino de Bienes Asegurados, Abandonados, Decomisados y Extinci\u00f3n de Dominio, llega muy a tiempo. El dictamen fue aprobado con 24 votos a favor y la abstenci\u00f3n&hellip; <a class=\"more-link\" href=\"https:\/\/www.zunoticia.com\/noticias-de-hidalgo\/2022\/12\/14\/espejeando-por-perseo-496\/\">Seguir leyendo <span class=\"screen-reader-text\">ESPEJEANDO por Perseo<\/span><\/a><\/p>\n","protected":false},"author":12,"featured_media":459589,"comment_status":"closed","ping_status":"open","sticky":false,"template":"","format":"standard","meta":{"rop_custom_images_group":[],"rop_custom_messages_group":[],"rop_publish_now":"initial","rop_publish_now_accounts":{"facebook_10159540855086992_322828327761733":""},"rop_publish_now_history":[],"rop_publish_now_status":"pending","footnotes":""},"categories":[176],"tags":[205],"class_list":["post-459591","post","type-post","status-publish","format-standard","has-post-thumbnail","hentry","category-espejeando","tag-espejeando","entry"],"_links":{"self":[{"href":"https:\/\/www.zunoticia.com\/noticias-de-hidalgo\/wp-json\/wp\/v2\/posts\/459591","targetHints":{"allow":["GET"]}}],"collection":[{"href":"https:\/\/www.zunoticia.com\/noticias-de-hidalgo\/wp-json\/wp\/v2\/posts"}],"about":[{"href":"https:\/\/www.zunoticia.com\/noticias-de-hidalgo\/wp-json\/wp\/v2\/types\/post"}],"author":[{"embeddable":true,"href":"https:\/\/www.zunoticia.com\/noticias-de-hidalgo\/wp-json\/wp\/v2\/users\/12"}],"replies":[{"embeddable":true,"href":"https:\/\/www.zunoticia.com\/noticias-de-hidalgo\/wp-json\/wp\/v2\/comments?post=459591"}],"version-history":[{"count":1,"href":"https:\/\/www.zunoticia.com\/noticias-de-hidalgo\/wp-json\/wp\/v2\/posts\/459591\/revisions"}],"predecessor-version":[{"id":459592,"href":"https:\/\/www.zunoticia.com\/noticias-de-hidalgo\/wp-json\/wp\/v2\/posts\/459591\/revisions\/459592"}],"wp:featuredmedia":[{"embeddable":true,"href":"https:\/\/www.zunoticia.com\/noticias-de-hidalgo\/wp-json\/wp\/v2\/media\/459589"}],"wp:attachment":[{"href":"https:\/\/www.zunoticia.com\/noticias-de-hidalgo\/wp-json\/wp\/v2\/media?parent=459591"}],"wp:term":[{"taxonomy":"category","embeddable":true,"href":"https:\/\/www.zunoticia.com\/noticias-de-hidalgo\/wp-json\/wp\/v2\/categories?post=459591"},{"taxonomy":"post_tag","embeddable":true,"href":"https:\/\/www.zunoticia.com\/noticias-de-hidalgo\/wp-json\/wp\/v2\/tags?post=459591"}],"curies":[{"name":"wp","href":"https:\/\/api.w.org\/{rel}","templated":true}]}}