{"id":459599,"date":"2022-12-14T12:10:22","date_gmt":"2022-12-14T18:10:22","guid":{"rendered":"https:\/\/www.zunoticia.com\/noticias-de-hidalgo\/?p=459599"},"modified":"2022-12-14T12:10:24","modified_gmt":"2022-12-14T18:10:24","slug":"localizan-a-adulto-mayor-que-estaba-extraviado","status":"publish","type":"post","link":"https:\/\/www.zunoticia.com\/noticias-de-hidalgo\/2022\/12\/14\/localizan-a-adulto-mayor-que-estaba-extraviado\/","title":{"rendered":"Localizan a adulto mayor que estaba extraviado"},"content":{"rendered":"<aside class=\"mashsb-container mashsb-main mashsb-stretched\"><div class=\"mashsb-box\"><div class=\"mashsb-count mash-large\" style=\"float:left\"><div class=\"counts mashsbcount\">21<\/div><span class=\"mashsb-sharetext\">SHARES<\/span><\/div><div class=\"mashsb-buttons\"><a class=\"mashicon-facebook mash-large mash-center mashsb-noshadow\" href=\"https:\/\/www.facebook.com\/sharer.php?u=https%3A%2F%2Fwww.zunoticia.com%2Fnoticias-de-hidalgo%2F2022%2F12%2F14%2Flocalizan-a-adulto-mayor-que-estaba-extraviado%2F\" target=\"_top\" rel=\"nofollow\"><span class=\"icon\"><\/span><span class=\"text\">Share<\/span><\/a><a class=\"mashicon-twitter mash-large mash-center mashsb-noshadow\" href=\"https:\/\/twitter.com\/intent\/tweet?text=&amp;url=https:\/\/www.zunoticia.com\/noticias-de-hidalgo\/2022\/12\/14\/localizan-a-adulto-mayor-que-estaba-extraviado\/\" target=\"_top\" rel=\"nofollow\"><span class=\"icon\"><\/span><span class=\"text\">Tweet<\/span><\/a><div class=\"onoffswitch2 mash-large mashsb-noshadow\" style=\"display:none\"><\/div><\/div>\n            <\/div>\n                <div style=\"clear:both\"><\/div><div class=\"mashsb-toggle-container\"><\/div><\/aside>\n            <!-- Share buttons by mashshare.net - Version: 4.0.47-->\n<p><em>Por Redacci\u00f3n\/Zunoticia<\/em><\/p>\n\n\n\n<p><strong>Plat\u00f3n S\u00e1nchez, Ver. &#8211;<\/strong> Persona de la tercera edad, quien estaba en calidad de desaparecido desde el pasado domingo 11 de diciembre, fue localizado sano y salvo, confirmaron sus familiares y conocidos.<\/p>\n\n\n\n<p>Se trata del se\u00f1or Roberto Hern\u00e1ndez Hern\u00e1ndez, con domicilio en la calle Ignacio de la Llave de la colonia Adolfo L\u00f3pez Mateos de la cabecera de este municipio, quien hab\u00eda sido reportado como extraviado.<\/p>\n\n\n\n<p>El adulto mayor se extravi\u00f3 porque presuntamente pierde la memoria, ya no regres\u00f3 a su casa, por tal motivo sus parientes iniciaron la b\u00fasqueda en las localidades aleda\u00f1as al municipio de Plat\u00f3n.<\/p>\n\n\n\n<p>Por su parte, los familiares de esta persona agradecen a la poblaci\u00f3n en general que se sum\u00f3 a la b\u00fasqueda y que comparti\u00f3 la publicaci\u00f3n en los medios de comunicaci\u00f3n.<\/p>\n","protected":false},"excerpt":{"rendered":"<p>Por Redacci\u00f3n\/Zunoticia Plat\u00f3n S\u00e1nchez, Ver. &#8211; Persona de la tercera edad, quien estaba en calidad de desaparecido desde el pasado domingo 11 de diciembre, fue localizado sano y salvo, confirmaron sus familiares y conocidos. Se trata del se\u00f1or Roberto Hern\u00e1ndez Hern\u00e1ndez, con domicilio en la calle Ignacio de la Llave de la colonia Adolfo L\u00f3pez&hellip; <a class=\"more-link\" href=\"https:\/\/www.zunoticia.com\/noticias-de-hidalgo\/2022\/12\/14\/localizan-a-adulto-mayor-que-estaba-extraviado\/\">Seguir leyendo <span class=\"screen-reader-text\">Localizan a adulto mayor que estaba extraviado<\/span><\/a><\/p>\n","protected":false},"author":12,"featured_media":459601,"comment_status":"closed","ping_status":"open","sticky":false,"template":"","format":"standard","meta":{"rop_custom_images_group":[],"rop_custom_messages_group":[],"rop_publish_now":"initial","rop_publish_now_accounts":{"facebook_10159540855086992_322828327761733":""},"rop_publish_now_history":[],"rop_publish_now_status":"pending","footnotes":""},"categories":[178],"tags":[289],"class_list":["post-459599","post","type-post","status-publish","format-standard","has-post-thumbnail","hentry","category-policiaca","tag-platon-sanchez","entry"],"_links":{"self":[{"href":"https:\/\/www.zunoticia.com\/noticias-de-hidalgo\/wp-json\/wp\/v2\/posts\/459599","targetHints":{"allow":["GET"]}}],"collection":[{"href":"https:\/\/www.zunoticia.com\/noticias-de-hidalgo\/wp-json\/wp\/v2\/posts"}],"about":[{"href":"https:\/\/www.zunoticia.com\/noticias-de-hidalgo\/wp-json\/wp\/v2\/types\/post"}],"author":[{"embeddable":true,"href":"https:\/\/www.zunoticia.com\/noticias-de-hidalgo\/wp-json\/wp\/v2\/users\/12"}],"replies":[{"embeddable":true,"href":"https:\/\/www.zunoticia.com\/noticias-de-hidalgo\/wp-json\/wp\/v2\/comments?post=459599"}],"version-history":[{"count":1,"href":"https:\/\/www.zunoticia.com\/noticias-de-hidalgo\/wp-json\/wp\/v2\/posts\/459599\/revisions"}],"predecessor-version":[{"id":459602,"href":"https:\/\/www.zunoticia.com\/noticias-de-hidalgo\/wp-json\/wp\/v2\/posts\/459599\/revisions\/459602"}],"wp:featuredmedia":[{"embeddable":true,"href":"https:\/\/www.zunoticia.com\/noticias-de-hidalgo\/wp-json\/wp\/v2\/media\/459601"}],"wp:attachment":[{"href":"https:\/\/www.zunoticia.com\/noticias-de-hidalgo\/wp-json\/wp\/v2\/media?parent=459599"}],"wp:term":[{"taxonomy":"category","embeddable":true,"href":"https:\/\/www.zunoticia.com\/noticias-de-hidalgo\/wp-json\/wp\/v2\/categories?post=459599"},{"taxonomy":"post_tag","embeddable":true,"href":"https:\/\/www.zunoticia.com\/noticias-de-hidalgo\/wp-json\/wp\/v2\/tags?post=459599"}],"curies":[{"name":"wp","href":"https:\/\/api.w.org\/{rel}","templated":true}]}}