{"id":459603,"date":"2022-12-14T12:16:18","date_gmt":"2022-12-14T18:16:18","guid":{"rendered":"https:\/\/www.zunoticia.com\/noticias-de-hidalgo\/?p=459603"},"modified":"2022-12-14T12:16:20","modified_gmt":"2022-12-14T18:16:20","slug":"detienen-a-ex-director-de-radio-y-television-de-hidalgo","status":"publish","type":"post","link":"https:\/\/www.zunoticia.com\/noticias-de-hidalgo\/2022\/12\/14\/detienen-a-ex-director-de-radio-y-television-de-hidalgo\/","title":{"rendered":"Detienen a ex director de Radio y Televisi\u00f3n de Hidalgo"},"content":{"rendered":"<aside class=\"mashsb-container mashsb-main mashsb-stretched\"><div class=\"mashsb-box\"><div class=\"mashsb-count mash-large\" style=\"float:left\"><div class=\"counts mashsbcount\">23<\/div><span class=\"mashsb-sharetext\">SHARES<\/span><\/div><div class=\"mashsb-buttons\"><a class=\"mashicon-facebook mash-large mash-center mashsb-noshadow\" href=\"https:\/\/www.facebook.com\/sharer.php?u=https%3A%2F%2Fwww.zunoticia.com%2Fnoticias-de-hidalgo%2F2022%2F12%2F14%2Fdetienen-a-ex-director-de-radio-y-television-de-hidalgo%2F\" target=\"_top\" rel=\"nofollow\"><span class=\"icon\"><\/span><span class=\"text\">Share<\/span><\/a><a class=\"mashicon-twitter mash-large mash-center mashsb-noshadow\" href=\"https:\/\/twitter.com\/intent\/tweet?text=&amp;url=https:\/\/www.zunoticia.com\/noticias-de-hidalgo\/2022\/12\/14\/detienen-a-ex-director-de-radio-y-television-de-hidalgo\/\" target=\"_top\" rel=\"nofollow\"><span class=\"icon\"><\/span><span class=\"text\">Tweet<\/span><\/a><div class=\"onoffswitch2 mash-large mashsb-noshadow\" style=\"display:none\"><\/div><\/div>\n            <\/div>\n                <div style=\"clear:both\"><\/div><div class=\"mashsb-toggle-container\"><\/div><\/aside>\n            <!-- Share buttons by mashshare.net - Version: 4.0.47-->\n<p><em>Por Redacci\u00f3n\/Zunoticia<\/em><\/p>\n\n\n\n<p><strong>Pachuca, Hgo. &#8211;<\/strong> En cumplimiento de una orden de aprehensi\u00f3n, por el delito de ejercicio indebido del servicio p\u00fablico agravado, la ma\u00f1ana de este mi\u00e9rcoles fue aprehendido el ex director del Sistema Estatal de Radio y Televisi\u00f3n de Hidalgo identificado con las Iniciales C. D. N.<\/p>\n\n\n\n<p>La orden de aprehensi\u00f3n fue ejecutada la ma\u00f1ana de este mi\u00e9rcoles 14 de diciembre de 2022, en el fraccionamiento Paseos de la Plata, de Pachuca de Soto.<\/p>\n\n\n\n<p>Santiago Nieto Castillo, encargado del despacho de la Procuradur\u00eda General de Justicia del Estado de Hidalgo (PGJEH), confirm\u00f3 la detenci\u00f3n del ex funcionario quien ser\u00e1 presentado ante la autoridad judicial, la cual fijar\u00e1 la hora para que se lleve a cabo la audiencia inicial en la que el Ministerio P\u00fablico formular\u00e1 imputaci\u00f3n.<\/p>\n","protected":false},"excerpt":{"rendered":"<p>Por Redacci\u00f3n\/Zunoticia Pachuca, Hgo. &#8211; En cumplimiento de una orden de aprehensi\u00f3n, por el delito de ejercicio indebido del servicio p\u00fablico agravado, la ma\u00f1ana de este mi\u00e9rcoles fue aprehendido el ex director del Sistema Estatal de Radio y Televisi\u00f3n de Hidalgo identificado con las Iniciales C. D. N. La orden de aprehensi\u00f3n fue ejecutada la&hellip; <a class=\"more-link\" href=\"https:\/\/www.zunoticia.com\/noticias-de-hidalgo\/2022\/12\/14\/detienen-a-ex-director-de-radio-y-television-de-hidalgo\/\">Seguir leyendo <span class=\"screen-reader-text\">Detienen a ex director de Radio y Televisi\u00f3n de Hidalgo<\/span><\/a><\/p>\n","protected":false},"author":12,"featured_media":459604,"comment_status":"closed","ping_status":"open","sticky":false,"template":"","format":"standard","meta":{"rop_custom_images_group":[],"rop_custom_messages_group":[],"rop_publish_now":"initial","rop_publish_now_accounts":{"facebook_10159540855086992_322828327761733":""},"rop_publish_now_history":[],"rop_publish_now_status":"pending","footnotes":""},"categories":[178],"tags":[214],"class_list":["post-459603","post","type-post","status-publish","format-standard","has-post-thumbnail","hentry","category-policiaca","tag-estado","entry"],"_links":{"self":[{"href":"https:\/\/www.zunoticia.com\/noticias-de-hidalgo\/wp-json\/wp\/v2\/posts\/459603","targetHints":{"allow":["GET"]}}],"collection":[{"href":"https:\/\/www.zunoticia.com\/noticias-de-hidalgo\/wp-json\/wp\/v2\/posts"}],"about":[{"href":"https:\/\/www.zunoticia.com\/noticias-de-hidalgo\/wp-json\/wp\/v2\/types\/post"}],"author":[{"embeddable":true,"href":"https:\/\/www.zunoticia.com\/noticias-de-hidalgo\/wp-json\/wp\/v2\/users\/12"}],"replies":[{"embeddable":true,"href":"https:\/\/www.zunoticia.com\/noticias-de-hidalgo\/wp-json\/wp\/v2\/comments?post=459603"}],"version-history":[{"count":1,"href":"https:\/\/www.zunoticia.com\/noticias-de-hidalgo\/wp-json\/wp\/v2\/posts\/459603\/revisions"}],"predecessor-version":[{"id":459605,"href":"https:\/\/www.zunoticia.com\/noticias-de-hidalgo\/wp-json\/wp\/v2\/posts\/459603\/revisions\/459605"}],"wp:featuredmedia":[{"embeddable":true,"href":"https:\/\/www.zunoticia.com\/noticias-de-hidalgo\/wp-json\/wp\/v2\/media\/459604"}],"wp:attachment":[{"href":"https:\/\/www.zunoticia.com\/noticias-de-hidalgo\/wp-json\/wp\/v2\/media?parent=459603"}],"wp:term":[{"taxonomy":"category","embeddable":true,"href":"https:\/\/www.zunoticia.com\/noticias-de-hidalgo\/wp-json\/wp\/v2\/categories?post=459603"},{"taxonomy":"post_tag","embeddable":true,"href":"https:\/\/www.zunoticia.com\/noticias-de-hidalgo\/wp-json\/wp\/v2\/tags?post=459603"}],"curies":[{"name":"wp","href":"https:\/\/api.w.org\/{rel}","templated":true}]}}