{"id":459629,"date":"2022-12-14T16:20:23","date_gmt":"2022-12-14T22:20:23","guid":{"rendered":"https:\/\/www.zunoticia.com\/noticias-de-hidalgo\/?p=459629"},"modified":"2022-12-14T16:20:24","modified_gmt":"2022-12-14T22:20:24","slug":"robaron-en-la-primaria-lazaro-cardenas-del-rio","status":"publish","type":"post","link":"https:\/\/www.zunoticia.com\/noticias-de-hidalgo\/2022\/12\/14\/robaron-en-la-primaria-lazaro-cardenas-del-rio\/","title":{"rendered":"Robaron en la primaria L\u00e1zaro C\u00e1rdenas del R\u00edo"},"content":{"rendered":"<aside class=\"mashsb-container mashsb-main mashsb-stretched\"><div class=\"mashsb-box\"><div class=\"mashsb-count mash-large\" style=\"float:left\"><div class=\"counts mashsbcount\">20<\/div><span class=\"mashsb-sharetext\">SHARES<\/span><\/div><div class=\"mashsb-buttons\"><a class=\"mashicon-facebook mash-large mash-center mashsb-noshadow\" href=\"https:\/\/www.facebook.com\/sharer.php?u=https%3A%2F%2Fwww.zunoticia.com%2Fnoticias-de-hidalgo%2F2022%2F12%2F14%2Frobaron-en-la-primaria-lazaro-cardenas-del-rio%2F\" target=\"_top\" rel=\"nofollow\"><span class=\"icon\"><\/span><span class=\"text\">Share<\/span><\/a><a class=\"mashicon-twitter mash-large mash-center mashsb-noshadow\" href=\"https:\/\/twitter.com\/intent\/tweet?text=&amp;url=https:\/\/www.zunoticia.com\/noticias-de-hidalgo\/2022\/12\/14\/robaron-en-la-primaria-lazaro-cardenas-del-rio\/\" target=\"_top\" rel=\"nofollow\"><span class=\"icon\"><\/span><span class=\"text\">Tweet<\/span><\/a><div class=\"onoffswitch2 mash-large mashsb-noshadow\" style=\"display:none\"><\/div><\/div>\n            <\/div>\n                <div style=\"clear:both\"><\/div><div class=\"mashsb-toggle-container\"><\/div><\/aside>\n            <!-- Share buttons by mashshare.net - Version: 4.0.47-->\n<ul class=\"wp-block-list\"><li>C\u00e1maras de v\u00eddeovigilancia captaron al presunto ladr\u00f3n; Las autoridades ministeriales ya investigan el caso.<\/li><\/ul>\n\n\n\n<p><em>Por Redacci\u00f3n\/Zunoticia<\/em><\/p>\n\n\n\n<p><strong>Huejutla, Hgo. &#8211;<\/strong> Por cuarta ocasi\u00f3n, amantes de lo ajeno entraron a robar en la Escuela Primaria &#8220;L\u00e1zaro C\u00e1rdenas del R\u00edo&#8221;, ubicada en la colonia Santa Irene de esta ciudad.<\/p>\n\n\n\n<p>De acuerdo con la informaci\u00f3n proporcionada por el director del plantel educativo, profesor Camilo Arriaga Mart\u00ednez, el pasado fin de semana, un solitario ladr\u00f3n se meti\u00f3 en una de las aulas y se llev\u00f3 material de papeler\u00eda.<\/p>\n\n\n\n<figure class=\"wp-block-image size-large\"><img fetchpriority=\"high\" decoding=\"async\" width=\"1024\" height=\"768\" src=\"https:\/\/www.zunoticia.com\/noticias-de-hidalgo\/wp-content\/uploads\/2022\/12\/WhatsApp-Image-2022-12-14-at-3.05.05-PM-2-1024x768.jpeg\" alt=\"\" class=\"wp-image-459631\" srcset=\"https:\/\/www.zunoticia.com\/noticias-de-hidalgo\/wp-content\/uploads\/2022\/12\/WhatsApp-Image-2022-12-14-at-3.05.05-PM-2-1024x768.jpeg 1024w, https:\/\/www.zunoticia.com\/noticias-de-hidalgo\/wp-content\/uploads\/2022\/12\/WhatsApp-Image-2022-12-14-at-3.05.05-PM-2-300x225.jpeg 300w, https:\/\/www.zunoticia.com\/noticias-de-hidalgo\/wp-content\/uploads\/2022\/12\/WhatsApp-Image-2022-12-14-at-3.05.05-PM-2-768x576.jpeg 768w, https:\/\/www.zunoticia.com\/noticias-de-hidalgo\/wp-content\/uploads\/2022\/12\/WhatsApp-Image-2022-12-14-at-3.05.05-PM-2.jpeg 1280w\" sizes=\"(max-width: 1024px) 100vw, 1024px\" \/><\/figure>\n\n\n\n<p>Se\u00f1al\u00f3 que el robo fue captado por las c\u00e1maras de v\u00eddeovigilancia de la escuela y el sospechoso ya est\u00e1 siendo investigado por las autoridades ministeriales.<\/p>\n\n\n\n<p>En el mismo contexto, Arriaga Mart\u00ednez, afirm\u00f3 que en lo que va del a\u00f1o, los amantes de lo ajeno han visitado la escuela en cuatro ocasiones, \u201cse metieron en la direcci\u00f3n y en los salones de clases, donde sustrajeron una computadora port\u00e1til, un termo, material de papeler\u00eda y hasta se llevaron un veh\u00edculo a plena luz del d\u00eda.<\/p>\n\n\n\n<figure class=\"wp-block-image size-full\"><img decoding=\"async\" width=\"460\" height=\"245\" src=\"https:\/\/www.zunoticia.com\/noticias-de-hidalgo\/wp-content\/uploads\/2022\/12\/WhatsApp-Image-2022-12-14-at-3.05.06-PM.jpeg\" alt=\"\" class=\"wp-image-459632\" srcset=\"https:\/\/www.zunoticia.com\/noticias-de-hidalgo\/wp-content\/uploads\/2022\/12\/WhatsApp-Image-2022-12-14-at-3.05.06-PM.jpeg 460w, https:\/\/www.zunoticia.com\/noticias-de-hidalgo\/wp-content\/uploads\/2022\/12\/WhatsApp-Image-2022-12-14-at-3.05.06-PM-300x160.jpeg 300w\" sizes=\"(max-width: 460px) 100vw, 460px\" \/><figcaption><em>Por cuarta ocasi\u00f3n robaron en la Escuela Primaria &#8220;L\u00e1zaro C\u00e1rdenas del R\u00edo&#8221;, c\u00e1maras captaron al presunto ladr\u00f3n.<\/em><\/figcaption><\/figure>\n\n\n\n<p>Ante los constantes robos, el directivo manifest\u00f3 que ya se est\u00e1n tomando medidas de manera interna para evitar estos actos il\u00edcitos y a su vez exigen que las autoridades de la Procuradur\u00eda General de Justicia del Estado de Hidalgo (PGJEH), hagan su trabajo para esclarecer los hechos.<\/p>\n\n\n\n<p>Por su parte, F\u00e9lix Mogica Hern\u00e1ndez, presidente del comit\u00e9 de padres de familia de la escuela, expres\u00f3 que ya entregaron un oficio a la Secretar\u00eda de Seguridad P\u00fablica Municipal, para solicitar m\u00e1s vigilancia y en breve esperan tener una audiencia con el alcalde Daniel Andrade Zurutuza, para exponerle la ola de robos que se est\u00e1n registrando en la instituci\u00f3n, enfatiz\u00f3.<\/p>\n","protected":false},"excerpt":{"rendered":"<p>C\u00e1maras de v\u00eddeovigilancia captaron al presunto ladr\u00f3n; Las autoridades ministeriales ya investigan el caso. Por Redacci\u00f3n\/Zunoticia Huejutla, Hgo. &#8211; Por cuarta ocasi\u00f3n, amantes de lo ajeno entraron a robar en la Escuela Primaria &#8220;L\u00e1zaro C\u00e1rdenas del R\u00edo&#8221;, ubicada en la colonia Santa Irene de esta ciudad. De acuerdo con la informaci\u00f3n proporcionada por el director&hellip; <a class=\"more-link\" href=\"https:\/\/www.zunoticia.com\/noticias-de-hidalgo\/2022\/12\/14\/robaron-en-la-primaria-lazaro-cardenas-del-rio\/\">Seguir leyendo <span class=\"screen-reader-text\">Robaron en la primaria L\u00e1zaro C\u00e1rdenas del R\u00edo<\/span><\/a><\/p>\n","protected":false},"author":12,"featured_media":459630,"comment_status":"closed","ping_status":"open","sticky":false,"template":"","format":"standard","meta":{"rop_custom_images_group":[],"rop_custom_messages_group":[],"rop_publish_now":"initial","rop_publish_now_accounts":{"facebook_10159540855086992_322828327761733":""},"rop_publish_now_history":[],"rop_publish_now_status":"pending","footnotes":""},"categories":[178],"tags":[121],"class_list":["post-459629","post","type-post","status-publish","format-standard","has-post-thumbnail","hentry","category-policiaca","tag-huejutla","entry"],"_links":{"self":[{"href":"https:\/\/www.zunoticia.com\/noticias-de-hidalgo\/wp-json\/wp\/v2\/posts\/459629","targetHints":{"allow":["GET"]}}],"collection":[{"href":"https:\/\/www.zunoticia.com\/noticias-de-hidalgo\/wp-json\/wp\/v2\/posts"}],"about":[{"href":"https:\/\/www.zunoticia.com\/noticias-de-hidalgo\/wp-json\/wp\/v2\/types\/post"}],"author":[{"embeddable":true,"href":"https:\/\/www.zunoticia.com\/noticias-de-hidalgo\/wp-json\/wp\/v2\/users\/12"}],"replies":[{"embeddable":true,"href":"https:\/\/www.zunoticia.com\/noticias-de-hidalgo\/wp-json\/wp\/v2\/comments?post=459629"}],"version-history":[{"count":1,"href":"https:\/\/www.zunoticia.com\/noticias-de-hidalgo\/wp-json\/wp\/v2\/posts\/459629\/revisions"}],"predecessor-version":[{"id":459633,"href":"https:\/\/www.zunoticia.com\/noticias-de-hidalgo\/wp-json\/wp\/v2\/posts\/459629\/revisions\/459633"}],"wp:featuredmedia":[{"embeddable":true,"href":"https:\/\/www.zunoticia.com\/noticias-de-hidalgo\/wp-json\/wp\/v2\/media\/459630"}],"wp:attachment":[{"href":"https:\/\/www.zunoticia.com\/noticias-de-hidalgo\/wp-json\/wp\/v2\/media?parent=459629"}],"wp:term":[{"taxonomy":"category","embeddable":true,"href":"https:\/\/www.zunoticia.com\/noticias-de-hidalgo\/wp-json\/wp\/v2\/categories?post=459629"},{"taxonomy":"post_tag","embeddable":true,"href":"https:\/\/www.zunoticia.com\/noticias-de-hidalgo\/wp-json\/wp\/v2\/tags?post=459629"}],"curies":[{"name":"wp","href":"https:\/\/api.w.org\/{rel}","templated":true}]}}