{"id":459641,"date":"2022-12-14T16:24:45","date_gmt":"2022-12-14T22:24:45","guid":{"rendered":"https:\/\/www.zunoticia.com\/noticias-de-hidalgo\/?p=459641"},"modified":"2022-12-14T16:24:46","modified_gmt":"2022-12-14T22:24:46","slug":"tv-unam-se-suma-a-la-campana-nacional-por-la-diversidad-linguistica-guardavoces","status":"publish","type":"post","link":"https:\/\/www.zunoticia.com\/noticias-de-hidalgo\/2022\/12\/14\/tv-unam-se-suma-a-la-campana-nacional-por-la-diversidad-linguistica-guardavoces\/","title":{"rendered":"TV UNAM se suma a la campa\u00f1a nacional por la diversidad ling\u00fc\u00edstica Guardavoces"},"content":{"rendered":"<aside class=\"mashsb-container mashsb-main mashsb-stretched\"><div class=\"mashsb-box\"><div class=\"mashsb-count mash-large\" style=\"float:left\"><div class=\"counts mashsbcount\">0<\/div><span class=\"mashsb-sharetext\">SHARES<\/span><\/div><div class=\"mashsb-buttons\"><a class=\"mashicon-facebook mash-large mash-center mashsb-noshadow\" href=\"https:\/\/www.facebook.com\/sharer.php?u=https%3A%2F%2Fwww.zunoticia.com%2Fnoticias-de-hidalgo%2F2022%2F12%2F14%2Ftv-unam-se-suma-a-la-campana-nacional-por-la-diversidad-linguistica-guardavoces%2F\" target=\"_top\" rel=\"nofollow\"><span class=\"icon\"><\/span><span class=\"text\">Share<\/span><\/a><a class=\"mashicon-twitter mash-large mash-center mashsb-noshadow\" href=\"https:\/\/twitter.com\/intent\/tweet?text=&amp;url=https:\/\/www.zunoticia.com\/noticias-de-hidalgo\/2022\/12\/14\/tv-unam-se-suma-a-la-campana-nacional-por-la-diversidad-linguistica-guardavoces\/\" target=\"_top\" rel=\"nofollow\"><span class=\"icon\"><\/span><span class=\"text\">Tweet<\/span><\/a><div class=\"onoffswitch2 mash-large mashsb-noshadow\" style=\"display:none\"><\/div><\/div>\n            <\/div>\n                <div style=\"clear:both\"><\/div><div class=\"mashsb-toggle-container\"><\/div><\/aside>\n            <!-- Share buttons by mashshare.net - Version: 4.0.47-->\n<ul class=\"wp-block-list\"><li>En colaboraci\u00f3n con el Inali, TV UNAM transmite la campa\u00f1a Guardavoces: M\u00e9xico Multiling\u00fce, bajo el lema Ni una lengua menos.<\/li><li>Se trata de una serie de c\u00e1psulas que proponen dar a conocer las condiciones bioculturales en la que se desarrollan las lenguas ind\u00edgenas nacionales.<\/li><\/ul>\n\n\n\n<p><em>Por Redacci\u00f3n\/Zunoticia<\/em><\/p>\n\n\n\n<p><strong>Ciudad de M\u00e9xico. &#8211;<\/strong> A partir de enero de 2023, TV UNAM transmitir\u00e1 la campa\u00f1a nacional Guardavoces: M\u00e9xico Multiling\u00fce, en colaboraci\u00f3n con el Instituto Nacional de Lenguas Ind\u00edgenas (Inali). Bajo el lema \u201cNi una lengua menos\u201d, la campa\u00f1a pretende crear conciencia entre los gobiernos y la sociedad sobre la importancia de las lenguas originarias en el desarrollo sostenible de la humanidad, en el marco del Decenio Internacional de las Lenguas Ind\u00edgenas (DILI 2022-2032), declarado por la Asamblea General de las Naciones Unidas.<\/p>\n\n\n\n<p>Se trata de 48 c\u00e1psulas, de tres minutos, narradas completamente en lengua ind\u00edgena, con subt\u00edtulos en espa\u00f1ol, que muestran las condiciones bioculturales en las que se desarrollan las lenguas, as\u00ed como las acciones que los pueblos realizan para preservarlas y promover su fortalecimiento. La parte central de las c\u00e1psulas son los testimonios de los custodios de la identidad de diferentes pueblos, quienes gozan de prestigio dentro de su comunidad por ser quienes transmiten los conocimientos, saberes y acciones sobre el enriquecimiento de sus lenguas, bajo la premisa \u201cNada para nosotros sin nosotros\u201d.<\/p>\n\n\n\n<figure class=\"wp-block-image size-large\"><img fetchpriority=\"high\" decoding=\"async\" width=\"787\" height=\"1024\" src=\"https:\/\/www.zunoticia.com\/noticias-de-hidalgo\/wp-content\/uploads\/2022\/12\/Nacional2a-787x1024.png\" alt=\"\" class=\"wp-image-459643\" srcset=\"https:\/\/www.zunoticia.com\/noticias-de-hidalgo\/wp-content\/uploads\/2022\/12\/Nacional2a-787x1024.png 787w, https:\/\/www.zunoticia.com\/noticias-de-hidalgo\/wp-content\/uploads\/2022\/12\/Nacional2a-230x300.png 230w, https:\/\/www.zunoticia.com\/noticias-de-hidalgo\/wp-content\/uploads\/2022\/12\/Nacional2a-768x1000.png 768w, https:\/\/www.zunoticia.com\/noticias-de-hidalgo\/wp-content\/uploads\/2022\/12\/Nacional2a.png 1154w\" sizes=\"(max-width: 787px) 100vw, 787px\" \/><\/figure>\n\n\n\n<p>Asimismo, con las c\u00e1psulas se pretende visibilizar el multiling\u00fcismo social, como instrumento de reconciliaci\u00f3n, justicia, inclusi\u00f3n y paz, y el biling\u00fcismo individual, como pr\u00e1ctica cotidiana de la sociedad mexicana y como factor de desarrollo humano. Cada lengua es un sistema perfecto de comunicaci\u00f3n y pensamiento que se deriva de la experiencia hist\u00f3rica de cada pueblo.<\/p>\n\n\n\n<p>La campa\u00f1a Nacional por la Diversidad Ling\u00fc\u00edstica Guardavoces: M\u00e9xico Multiling\u00fce, pone en el centro a los hablantes de lenguas ind\u00edgenas y busca el uso y la validez de las lenguas ind\u00edgenas nacionales en todos los \u00e1mbitos de la vida p\u00fablica y, en particular, en los medios de comunicaci\u00f3n, para su fortalecimiento, as\u00ed como para impulsar la libertad de expresi\u00f3n.<\/p>\n","protected":false},"excerpt":{"rendered":"<p>En colaboraci\u00f3n con el Inali, TV UNAM transmite la campa\u00f1a Guardavoces: M\u00e9xico Multiling\u00fce, bajo el lema Ni una lengua menos. Se trata de una serie de c\u00e1psulas que proponen dar a conocer las condiciones bioculturales en la que se desarrollan las lenguas ind\u00edgenas nacionales. Por Redacci\u00f3n\/Zunoticia Ciudad de M\u00e9xico. &#8211; A partir de enero de&hellip; <a class=\"more-link\" href=\"https:\/\/www.zunoticia.com\/noticias-de-hidalgo\/2022\/12\/14\/tv-unam-se-suma-a-la-campana-nacional-por-la-diversidad-linguistica-guardavoces\/\">Seguir leyendo <span class=\"screen-reader-text\">TV UNAM se suma a la campa\u00f1a nacional por la diversidad ling\u00fc\u00edstica Guardavoces<\/span><\/a><\/p>\n","protected":false},"author":12,"featured_media":459642,"comment_status":"closed","ping_status":"open","sticky":false,"template":"","format":"standard","meta":{"rop_custom_images_group":[],"rop_custom_messages_group":[],"rop_publish_now":"initial","rop_publish_now_accounts":{"facebook_10159540855086992_322828327761733":""},"rop_publish_now_history":[],"rop_publish_now_status":"pending","footnotes":""},"categories":[218],"tags":[217],"class_list":["post-459641","post","type-post","status-publish","format-standard","has-post-thumbnail","hentry","category-nacional","tag-nacional","entry"],"_links":{"self":[{"href":"https:\/\/www.zunoticia.com\/noticias-de-hidalgo\/wp-json\/wp\/v2\/posts\/459641","targetHints":{"allow":["GET"]}}],"collection":[{"href":"https:\/\/www.zunoticia.com\/noticias-de-hidalgo\/wp-json\/wp\/v2\/posts"}],"about":[{"href":"https:\/\/www.zunoticia.com\/noticias-de-hidalgo\/wp-json\/wp\/v2\/types\/post"}],"author":[{"embeddable":true,"href":"https:\/\/www.zunoticia.com\/noticias-de-hidalgo\/wp-json\/wp\/v2\/users\/12"}],"replies":[{"embeddable":true,"href":"https:\/\/www.zunoticia.com\/noticias-de-hidalgo\/wp-json\/wp\/v2\/comments?post=459641"}],"version-history":[{"count":1,"href":"https:\/\/www.zunoticia.com\/noticias-de-hidalgo\/wp-json\/wp\/v2\/posts\/459641\/revisions"}],"predecessor-version":[{"id":459644,"href":"https:\/\/www.zunoticia.com\/noticias-de-hidalgo\/wp-json\/wp\/v2\/posts\/459641\/revisions\/459644"}],"wp:featuredmedia":[{"embeddable":true,"href":"https:\/\/www.zunoticia.com\/noticias-de-hidalgo\/wp-json\/wp\/v2\/media\/459642"}],"wp:attachment":[{"href":"https:\/\/www.zunoticia.com\/noticias-de-hidalgo\/wp-json\/wp\/v2\/media?parent=459641"}],"wp:term":[{"taxonomy":"category","embeddable":true,"href":"https:\/\/www.zunoticia.com\/noticias-de-hidalgo\/wp-json\/wp\/v2\/categories?post=459641"},{"taxonomy":"post_tag","embeddable":true,"href":"https:\/\/www.zunoticia.com\/noticias-de-hidalgo\/wp-json\/wp\/v2\/tags?post=459641"}],"curies":[{"name":"wp","href":"https:\/\/api.w.org\/{rel}","templated":true}]}}