{"id":459673,"date":"2022-12-14T18:12:15","date_gmt":"2022-12-15T00:12:15","guid":{"rendered":"https:\/\/www.zunoticia.com\/noticias-de-hidalgo\/?p=459673"},"modified":"2022-12-14T18:12:17","modified_gmt":"2022-12-15T00:12:17","slug":"padres-de-familia-deben-vacunar-a-sus-hijos-contra-el-covid-19","status":"publish","type":"post","link":"https:\/\/www.zunoticia.com\/noticias-de-hidalgo\/2022\/12\/14\/padres-de-familia-deben-vacunar-a-sus-hijos-contra-el-covid-19\/","title":{"rendered":"Padres de familia deben vacunar a sus hijos contra el covid-19"},"content":{"rendered":"<aside class=\"mashsb-container mashsb-main mashsb-stretched\"><div class=\"mashsb-box\"><div class=\"mashsb-count mash-large\" style=\"float:left\"><div class=\"counts mashsbcount\">13<\/div><span class=\"mashsb-sharetext\">SHARES<\/span><\/div><div class=\"mashsb-buttons\"><a class=\"mashicon-facebook mash-large mash-center mashsb-noshadow\" href=\"https:\/\/www.facebook.com\/sharer.php?u=https%3A%2F%2Fwww.zunoticia.com%2Fnoticias-de-hidalgo%2F2022%2F12%2F14%2Fpadres-de-familia-deben-vacunar-a-sus-hijos-contra-el-covid-19%2F\" target=\"_top\" rel=\"nofollow\"><span class=\"icon\"><\/span><span class=\"text\">Share<\/span><\/a><a class=\"mashicon-twitter mash-large mash-center mashsb-noshadow\" href=\"https:\/\/twitter.com\/intent\/tweet?text=&amp;url=https:\/\/www.zunoticia.com\/noticias-de-hidalgo\/2022\/12\/14\/padres-de-familia-deben-vacunar-a-sus-hijos-contra-el-covid-19\/\" target=\"_top\" rel=\"nofollow\"><span class=\"icon\"><\/span><span class=\"text\">Tweet<\/span><\/a><div class=\"onoffswitch2 mash-large mashsb-noshadow\" style=\"display:none\"><\/div><\/div>\n            <\/div>\n                <div style=\"clear:both\"><\/div><div class=\"mashsb-toggle-container\"><\/div><\/aside>\n            <!-- Share buttons by mashshare.net - Version: 4.0.47-->\n<p><em>Por \u00c1ngel Silverio\/Zunoticia<\/em><\/p>\n\n\n\n<p><strong>Jaltoc\u00e1n, Hgo. &#8211;<\/strong> Alma Lidia de la Vega S\u00e1nchez, subsecretar\u00eda de salud en el estado, dio a conocer qu\u00e9 pese a la baja en casos de covid-19, es necesario que padres de familia lleven a vacunar a sus hijos, dejando en claro que tambi\u00e9n la poblaci\u00f3n infantil puede ser v\u00edctima de esta enfermedad, por ello la importancia de no dejar pasar la aplicaci\u00f3n de las dosis en menores.<\/p>\n\n\n\n<p>&#8220;Vamos bien, estamos tambi\u00e9n aprovechando la oportunidad para recordarle a los pap\u00e1s que hay que llevar a nuestros hijos a vacunar contra el covid, ya que estamos muy avanzados, sin embargo, el impacto con la vacunaci\u00f3n en ni\u00f1os nos est\u00e1 costando trabajo derivado de la falta de informaci\u00f3n que existe&#8221; indic\u00f3.<\/p>\n\n\n\n<p>Se\u00f1al\u00f3 que es necesario que los padres de familia deben de vacunar a sus hijos, -&#8220;A veces pensamos los pap\u00e1s que el covid puede darle solo a los adultos, y a los ni\u00f1os no, entonces es importante decirles que tambi\u00e9n la poblaci\u00f3n infantil puede tener s\u00edntomas graves de enfermedades respiratorias y por eso, es muy bueno estar vacunados&#8221;.<\/p>\n\n\n\n<p>De la Vega S\u00e1nchez, agreg\u00f3 que las medidas de prevenci\u00f3n siguen siendo necesarias, -&#8220;Son necesarias por supuesto en lugares cerrados; efectivamente la vacunaci\u00f3n en adultos a mostrado su eficacia y los casos contra covid han disminuido notablemente, pr\u00e1cticamente ya podemos decir que los casos activos son muy parecidos a una gripa o sin efectos secundarios, y por supuesto afortunadamente los casos mortales han disminuido, pero si insistir en la vacunaci\u00f3n en ni\u00f1os y ni\u00f1as&#8221;.<\/p>\n","protected":false},"excerpt":{"rendered":"<p>Por \u00c1ngel Silverio\/Zunoticia Jaltoc\u00e1n, Hgo. &#8211; Alma Lidia de la Vega S\u00e1nchez, subsecretar\u00eda de salud en el estado, dio a conocer qu\u00e9 pese a la baja en casos de covid-19, es necesario que padres de familia lleven a vacunar a sus hijos, dejando en claro que tambi\u00e9n la poblaci\u00f3n infantil puede ser v\u00edctima de esta&hellip; <a class=\"more-link\" href=\"https:\/\/www.zunoticia.com\/noticias-de-hidalgo\/2022\/12\/14\/padres-de-familia-deben-vacunar-a-sus-hijos-contra-el-covid-19\/\">Seguir leyendo <span class=\"screen-reader-text\">Padres de familia deben vacunar a sus hijos contra el covid-19<\/span><\/a><\/p>\n","protected":false},"author":12,"featured_media":459674,"comment_status":"closed","ping_status":"open","sticky":false,"template":"","format":"standard","meta":{"rop_custom_images_group":[],"rop_custom_messages_group":[],"rop_publish_now":"initial","rop_publish_now_accounts":{"facebook_10159540855086992_322828327761733":""},"rop_publish_now_history":[],"rop_publish_now_status":"pending","footnotes":""},"categories":[179,200],"tags":[131],"class_list":["post-459673","post","type-post","status-publish","format-standard","has-post-thumbnail","hentry","category-huasteca","category-jaltocan","tag-jaltocan","entry"],"_links":{"self":[{"href":"https:\/\/www.zunoticia.com\/noticias-de-hidalgo\/wp-json\/wp\/v2\/posts\/459673","targetHints":{"allow":["GET"]}}],"collection":[{"href":"https:\/\/www.zunoticia.com\/noticias-de-hidalgo\/wp-json\/wp\/v2\/posts"}],"about":[{"href":"https:\/\/www.zunoticia.com\/noticias-de-hidalgo\/wp-json\/wp\/v2\/types\/post"}],"author":[{"embeddable":true,"href":"https:\/\/www.zunoticia.com\/noticias-de-hidalgo\/wp-json\/wp\/v2\/users\/12"}],"replies":[{"embeddable":true,"href":"https:\/\/www.zunoticia.com\/noticias-de-hidalgo\/wp-json\/wp\/v2\/comments?post=459673"}],"version-history":[{"count":1,"href":"https:\/\/www.zunoticia.com\/noticias-de-hidalgo\/wp-json\/wp\/v2\/posts\/459673\/revisions"}],"predecessor-version":[{"id":459675,"href":"https:\/\/www.zunoticia.com\/noticias-de-hidalgo\/wp-json\/wp\/v2\/posts\/459673\/revisions\/459675"}],"wp:featuredmedia":[{"embeddable":true,"href":"https:\/\/www.zunoticia.com\/noticias-de-hidalgo\/wp-json\/wp\/v2\/media\/459674"}],"wp:attachment":[{"href":"https:\/\/www.zunoticia.com\/noticias-de-hidalgo\/wp-json\/wp\/v2\/media?parent=459673"}],"wp:term":[{"taxonomy":"category","embeddable":true,"href":"https:\/\/www.zunoticia.com\/noticias-de-hidalgo\/wp-json\/wp\/v2\/categories?post=459673"},{"taxonomy":"post_tag","embeddable":true,"href":"https:\/\/www.zunoticia.com\/noticias-de-hidalgo\/wp-json\/wp\/v2\/tags?post=459673"}],"curies":[{"name":"wp","href":"https:\/\/api.w.org\/{rel}","templated":true}]}}