{"id":459698,"date":"2022-12-14T18:40:26","date_gmt":"2022-12-15T00:40:26","guid":{"rendered":"https:\/\/www.zunoticia.com\/noticias-de-hidalgo\/?p=459698"},"modified":"2022-12-14T18:40:28","modified_gmt":"2022-12-15T00:40:28","slug":"inauguran-coordinacion-regional-en-material-de-transporte-en-tizayuca","status":"publish","type":"post","link":"https:\/\/www.zunoticia.com\/noticias-de-hidalgo\/2022\/12\/14\/inauguran-coordinacion-regional-en-material-de-transporte-en-tizayuca\/","title":{"rendered":"Inauguran Coordinaci\u00f3n Regional en material de transporte en Tizayuca"},"content":{"rendered":"<aside class=\"mashsb-container mashsb-main mashsb-stretched\"><div class=\"mashsb-box\"><div class=\"mashsb-count mash-large\" style=\"float:left\"><div class=\"counts mashsbcount\">40<\/div><span class=\"mashsb-sharetext\">SHARES<\/span><\/div><div class=\"mashsb-buttons\"><a class=\"mashicon-facebook mash-large mash-center mashsb-noshadow\" href=\"https:\/\/www.facebook.com\/sharer.php?u=https%3A%2F%2Fwww.zunoticia.com%2Fnoticias-de-hidalgo%2F2022%2F12%2F14%2Finauguran-coordinacion-regional-en-material-de-transporte-en-tizayuca%2F\" target=\"_top\" rel=\"nofollow\"><span class=\"icon\"><\/span><span class=\"text\">Share<\/span><\/a><a class=\"mashicon-twitter mash-large mash-center mashsb-noshadow\" href=\"https:\/\/twitter.com\/intent\/tweet?text=&amp;url=https:\/\/www.zunoticia.com\/noticias-de-hidalgo\/2022\/12\/14\/inauguran-coordinacion-regional-en-material-de-transporte-en-tizayuca\/\" target=\"_top\" rel=\"nofollow\"><span class=\"icon\"><\/span><span class=\"text\">Tweet<\/span><\/a><div class=\"onoffswitch2 mash-large mashsb-noshadow\" style=\"display:none\"><\/div><\/div>\n            <\/div>\n                <div style=\"clear:both\"><\/div><div class=\"mashsb-toggle-container\"><\/div><\/aside>\n            <!-- Share buttons by mashshare.net - Version: 4.0.47-->\n<ul class=\"wp-block-list\"><li>Para ofrecer un mejor servicio de transporte p\u00fablico a la ciudadan\u00eda.<\/li><\/ul>\n\n\n\n<p><em>Por Redacci\u00f3n\/Zunoticia<\/em><\/p>\n\n\n\n<p><strong>Tizayuca, Hgo. &#8211; <\/strong>El Sistema de Transporte Convencional de Hidalgo (STCH) organismo sectorizado a la Secretar\u00eda de Movilidad y Transporte (Semot) inaugur\u00f3 la oficina que alberga la Coordinaci\u00f3n Regional de Tizayuca, la cual se sumar\u00e1 a los trabajos de las siete regiones existentes en materia de movilidad.<\/p>\n\n\n\n<p>En el evento, el director general del STCH, V\u00edctor Osm\u00edd Guerrero Trejo, dijo que el transporte p\u00fablico representa una esfera importante para la poblaci\u00f3n que espera un espacio seguro, en el que se respete su derecho a la movilidad; por ello, siguiendo la instrucci\u00f3n del gobernador Julio Menchaca Salazar y de la secretaria Lyzbeth Robles Guti\u00e9rrez, se abren estos espacios para atender la demanda de las personas.<\/p>\n\n\n\n<p>Agreg\u00f3 que, el trabajo coordinado con los municipios abona en la tarea de ofrecer un mejor servicio de transporte p\u00fablico a la ciudadan\u00eda y agradeci\u00f3 el acompa\u00f1amiento de la presidenta municipal de Tizayuca Susana Araceli \u00c1ngeles Quezada.<\/p>\n\n\n\n<p>La funci\u00f3n de las coordinaciones regionales es realizar trabajo de supervisi\u00f3n y vigilancia de unidades individual y colectivo del transporte p\u00fablico, por medio de operativos sorpresa para verificar que las personas operadoras cuenten con sus documentos en regla como tarjet\u00f3n y seguro vigente.<\/p>\n\n\n\n<figure class=\"wp-block-image size-large\"><img fetchpriority=\"high\" decoding=\"async\" width=\"1024\" height=\"576\" src=\"https:\/\/www.zunoticia.com\/noticias-de-hidalgo\/wp-content\/uploads\/2022\/12\/WhatsApp-Image-2022-12-14-at-6.34.54-PM-1024x576.jpeg\" alt=\"\" class=\"wp-image-459700\" srcset=\"https:\/\/www.zunoticia.com\/noticias-de-hidalgo\/wp-content\/uploads\/2022\/12\/WhatsApp-Image-2022-12-14-at-6.34.54-PM-1024x576.jpeg 1024w, https:\/\/www.zunoticia.com\/noticias-de-hidalgo\/wp-content\/uploads\/2022\/12\/WhatsApp-Image-2022-12-14-at-6.34.54-PM-300x169.jpeg 300w, https:\/\/www.zunoticia.com\/noticias-de-hidalgo\/wp-content\/uploads\/2022\/12\/WhatsApp-Image-2022-12-14-at-6.34.54-PM-768x432.jpeg 768w, https:\/\/www.zunoticia.com\/noticias-de-hidalgo\/wp-content\/uploads\/2022\/12\/WhatsApp-Image-2022-12-14-at-6.34.54-PM.jpeg 1280w\" sizes=\"(max-width: 1024px) 100vw, 1024px\" \/><\/figure>\n\n\n\n<p>Adem\u00e1s, verifican que las unidades se encuentren en condiciones adecuadas, que cumplan el tarifario, la crom\u00e1tica, que haga ascensos y descensos autorizados, base en los sitios oficiales, que las unidades no est\u00e9n modificadas ni cuenten con los vidrios polarizados entre otras acciones. Todo con base en las obligaciones que establece la Ley de Movilidad y Transporte del Estado de Hidalgo.<\/p>\n\n\n\n<p>Las ocho coordinaciones regionales del Sistema de Transporte Convencional de Hidalgo son: Pachuca, Tulancingo, Zacualtip\u00e1n, Huejutla, Tuta-Tepeji, Actopan, Ixmiquilpan y Tizayuca.<\/p>\n\n\n\n<p>La reci\u00e9n inaugurada oficina se encuentra en Avenida Ju\u00e1rez Sur esquina 3 oriente, sin n\u00famero, zona industrial Tizayuca, con un horario de atenci\u00f3n de 9 a 16:30 horas, el coordinador regional es Luciano Lomel\u00ed Islas.<\/p>\n\n\n\n<p>Con estas acciones la Semot refrenda su compromiso de atender las demandas y necesidades en movilidad, manteniendo la cercan\u00eda con las personas usuarias, operadoras y concesionarias.<\/p>\n","protected":false},"excerpt":{"rendered":"<p>Para ofrecer un mejor servicio de transporte p\u00fablico a la ciudadan\u00eda. Por Redacci\u00f3n\/Zunoticia Tizayuca, Hgo. &#8211; El Sistema de Transporte Convencional de Hidalgo (STCH) organismo sectorizado a la Secretar\u00eda de Movilidad y Transporte (Semot) inaugur\u00f3 la oficina que alberga la Coordinaci\u00f3n Regional de Tizayuca, la cual se sumar\u00e1 a los trabajos de las siete regiones&hellip; <a class=\"more-link\" href=\"https:\/\/www.zunoticia.com\/noticias-de-hidalgo\/2022\/12\/14\/inauguran-coordinacion-regional-en-material-de-transporte-en-tizayuca\/\">Seguir leyendo <span class=\"screen-reader-text\">Inauguran Coordinaci\u00f3n Regional en material de transporte en Tizayuca<\/span><\/a><\/p>\n","protected":false},"author":12,"featured_media":459699,"comment_status":"closed","ping_status":"open","sticky":false,"template":"","format":"standard","meta":{"rop_custom_images_group":[],"rop_custom_messages_group":[],"rop_publish_now":"initial","rop_publish_now_accounts":{"facebook_10159540855086992_322828327761733":""},"rop_publish_now_history":[],"rop_publish_now_status":"pending","footnotes":""},"categories":[208],"tags":[214],"class_list":["post-459698","post","type-post","status-publish","format-standard","has-post-thumbnail","hentry","category-estado","tag-estado","entry"],"_links":{"self":[{"href":"https:\/\/www.zunoticia.com\/noticias-de-hidalgo\/wp-json\/wp\/v2\/posts\/459698","targetHints":{"allow":["GET"]}}],"collection":[{"href":"https:\/\/www.zunoticia.com\/noticias-de-hidalgo\/wp-json\/wp\/v2\/posts"}],"about":[{"href":"https:\/\/www.zunoticia.com\/noticias-de-hidalgo\/wp-json\/wp\/v2\/types\/post"}],"author":[{"embeddable":true,"href":"https:\/\/www.zunoticia.com\/noticias-de-hidalgo\/wp-json\/wp\/v2\/users\/12"}],"replies":[{"embeddable":true,"href":"https:\/\/www.zunoticia.com\/noticias-de-hidalgo\/wp-json\/wp\/v2\/comments?post=459698"}],"version-history":[{"count":1,"href":"https:\/\/www.zunoticia.com\/noticias-de-hidalgo\/wp-json\/wp\/v2\/posts\/459698\/revisions"}],"predecessor-version":[{"id":459701,"href":"https:\/\/www.zunoticia.com\/noticias-de-hidalgo\/wp-json\/wp\/v2\/posts\/459698\/revisions\/459701"}],"wp:featuredmedia":[{"embeddable":true,"href":"https:\/\/www.zunoticia.com\/noticias-de-hidalgo\/wp-json\/wp\/v2\/media\/459699"}],"wp:attachment":[{"href":"https:\/\/www.zunoticia.com\/noticias-de-hidalgo\/wp-json\/wp\/v2\/media?parent=459698"}],"wp:term":[{"taxonomy":"category","embeddable":true,"href":"https:\/\/www.zunoticia.com\/noticias-de-hidalgo\/wp-json\/wp\/v2\/categories?post=459698"},{"taxonomy":"post_tag","embeddable":true,"href":"https:\/\/www.zunoticia.com\/noticias-de-hidalgo\/wp-json\/wp\/v2\/tags?post=459698"}],"curies":[{"name":"wp","href":"https:\/\/api.w.org\/{rel}","templated":true}]}}