{"id":459706,"date":"2022-12-14T19:05:51","date_gmt":"2022-12-15T01:05:51","guid":{"rendered":"https:\/\/www.zunoticia.com\/noticias-de-hidalgo\/?p=459706"},"modified":"2022-12-14T19:05:53","modified_gmt":"2022-12-15T01:05:53","slug":"realiza-seph-reunion-con-el-consejo-directivo-de-los-niveles-de-educacion-basica","status":"publish","type":"post","link":"https:\/\/www.zunoticia.com\/noticias-de-hidalgo\/2022\/12\/14\/realiza-seph-reunion-con-el-consejo-directivo-de-los-niveles-de-educacion-basica\/","title":{"rendered":"Realiza SEPH reuni\u00f3n con el Consejo Directivo de los Niveles de Educaci\u00f3n B\u00e1sica"},"content":{"rendered":"<aside class=\"mashsb-container mashsb-main mashsb-stretched\"><div class=\"mashsb-box\"><div class=\"mashsb-count mash-large\" style=\"float:left\"><div class=\"counts mashsbcount\">0<\/div><span class=\"mashsb-sharetext\">SHARES<\/span><\/div><div class=\"mashsb-buttons\"><a class=\"mashicon-facebook mash-large mash-center mashsb-noshadow\" href=\"https:\/\/www.facebook.com\/sharer.php?u=https%3A%2F%2Fwww.zunoticia.com%2Fnoticias-de-hidalgo%2F2022%2F12%2F14%2Frealiza-seph-reunion-con-el-consejo-directivo-de-los-niveles-de-educacion-basica%2F\" target=\"_top\" rel=\"nofollow\"><span class=\"icon\"><\/span><span class=\"text\">Share<\/span><\/a><a class=\"mashicon-twitter mash-large mash-center mashsb-noshadow\" href=\"https:\/\/twitter.com\/intent\/tweet?text=&amp;url=https:\/\/www.zunoticia.com\/noticias-de-hidalgo\/2022\/12\/14\/realiza-seph-reunion-con-el-consejo-directivo-de-los-niveles-de-educacion-basica\/\" target=\"_top\" rel=\"nofollow\"><span class=\"icon\"><\/span><span class=\"text\">Tweet<\/span><\/a><div class=\"onoffswitch2 mash-large mashsb-noshadow\" style=\"display:none\"><\/div><\/div>\n            <\/div>\n                <div style=\"clear:both\"><\/div><div class=\"mashsb-toggle-container\"><\/div><\/aside>\n            <!-- Share buttons by mashshare.net - Version: 4.0.47-->\n<p><em>Por Redacci\u00f3n\/Zunoticia<\/em><\/p>\n\n\n\n<p><strong>Pachuca de Soto, Hgo. &#8211; <\/strong>Analizar las acciones para la segunda mitad del ciclo escolar y generar compromisos que permitan favorecer el logro acad\u00e9mico, fue el objetivo de la reuni\u00f3n con las y los integrantes del Consejo Directivo de los Niveles de Educaci\u00f3n B\u00e1sica de la Secretar\u00eda de Educaci\u00f3n P\u00fablica de Hidalgo (SEPH).<\/p>\n\n\n\n<p>Al encabezar la reuni\u00f3n, el secretario de Educaci\u00f3n P\u00fablica de Hidalgo, Natividad Castrej\u00f3n Valdez, detall\u00f3 que es necesario trabajar de manera transversal lo cual permitir\u00e1 una revisi\u00f3n de las estrategias aplicadas en el aula e incorporar un aprendizaje significativo por medio de la conexi\u00f3n de las disciplinas con la realidad social, \u00e9tica y moral presente en el entorno m\u00e1s cercano de las y los ni\u00f1os hidalguenses.<\/p>\n\n\n\n<p>Agreg\u00f3 que esta administraci\u00f3n que encabeza el gobernador Julio Menchaca Salazar, impulsa la educaci\u00f3n inclusiva, equitativa y de calidad, a trav\u00e9s del trabajo coordinado de quienes encabezan la estructura educativa, con el prop\u00f3sito de contribuir a formar ciudadanos libres, participativos, responsables e informados, personas que tengan la motivaci\u00f3n y capacidad de lograr su desarrollo personal, laboral y familiar, dispuestas a mejorar su entorno social.<\/p>\n\n\n\n<figure class=\"wp-block-image size-large\"><img fetchpriority=\"high\" decoding=\"async\" width=\"1024\" height=\"682\" src=\"https:\/\/www.zunoticia.com\/noticias-de-hidalgo\/wp-content\/uploads\/2022\/12\/WhatsApp-Image-2022-12-14-at-7.04.53-PM-2-1024x682.jpeg\" alt=\"\" class=\"wp-image-459708\" srcset=\"https:\/\/www.zunoticia.com\/noticias-de-hidalgo\/wp-content\/uploads\/2022\/12\/WhatsApp-Image-2022-12-14-at-7.04.53-PM-2-1024x682.jpeg 1024w, https:\/\/www.zunoticia.com\/noticias-de-hidalgo\/wp-content\/uploads\/2022\/12\/WhatsApp-Image-2022-12-14-at-7.04.53-PM-2-300x200.jpeg 300w, https:\/\/www.zunoticia.com\/noticias-de-hidalgo\/wp-content\/uploads\/2022\/12\/WhatsApp-Image-2022-12-14-at-7.04.53-PM-2-768x512.jpeg 768w, https:\/\/www.zunoticia.com\/noticias-de-hidalgo\/wp-content\/uploads\/2022\/12\/WhatsApp-Image-2022-12-14-at-7.04.53-PM-2.jpeg 1280w\" sizes=\"(max-width: 1024px) 100vw, 1024px\" \/><\/figure>\n\n\n\n<p>La subsecretaria de Educaci\u00f3n B\u00e1sica de la SEPH, Myrl\u00e9n Salas Dorantes, agradeci\u00f3 el trabajo de las y los directores de los diferentes niveles, y detall\u00f3 que se ha conformado un gran equipo con metas claras para lograr resultados que aporten a la construcci\u00f3n, al desarrollo f\u00edsico, emocional y social en favor de la ni\u00f1ez hidalguense.<\/p>\n\n\n\n<p>Al realizar la explicaci\u00f3n de motivos, la directora general de Educaci\u00f3n B\u00e1sica, Nancy Adriana Le\u00f3n Vite, explic\u00f3 que el Consejo Directivo de los Niveles realizar\u00e1 el seguimiento de acciones encausadas a ofrecer servicios educativos de calidad con un enfoque humanista, procesos pedag\u00f3gicos centrados en el estudiante, lo que implica la formaci\u00f3n en valores \u00e9ticos y morales.<\/p>\n\n\n\n<p>Dentro de las actividades que se realizaron, destaca la intervenci\u00f3n del titular de la Oficina de Enlace Educativo del Gobierno de M\u00e9xico en el estado de Hidalgo, Jes\u00fas L\u00f3pez Serrano, quien habl\u00f3 de las acciones vinculadas entre la SEPH y este organismo, adem\u00e1s se dio a conocer la estrategia de an\u00e1lisis y reflexi\u00f3n del supervisor, asimismo fue presentada la informaci\u00f3n estad\u00edstica y se platic\u00f3 sobre la educaci\u00f3n socioemocional en la actualidad.<\/p>\n\n\n\n<p>En dicho evento estuvo presente tambi\u00e9n la directora general de Desarrollo Curricular, Mar\u00eda del Rosario Ram\u00edrez Hern\u00e1ndez; el director general de Fortalecimiento Educativo, Mart\u00edn P\u00e9rez Sierra; la directora general de Servicios Regionales, Josefina Serrano Bautista, entre otros.<\/p>\n","protected":false},"excerpt":{"rendered":"<p>Por Redacci\u00f3n\/Zunoticia Pachuca de Soto, Hgo. &#8211; Analizar las acciones para la segunda mitad del ciclo escolar y generar compromisos que permitan favorecer el logro acad\u00e9mico, fue el objetivo de la reuni\u00f3n con las y los integrantes del Consejo Directivo de los Niveles de Educaci\u00f3n B\u00e1sica de la Secretar\u00eda de Educaci\u00f3n P\u00fablica de Hidalgo (SEPH).&hellip; <a class=\"more-link\" href=\"https:\/\/www.zunoticia.com\/noticias-de-hidalgo\/2022\/12\/14\/realiza-seph-reunion-con-el-consejo-directivo-de-los-niveles-de-educacion-basica\/\">Seguir leyendo <span class=\"screen-reader-text\">Realiza SEPH reuni\u00f3n con el Consejo Directivo de los Niveles de Educaci\u00f3n B\u00e1sica<\/span><\/a><\/p>\n","protected":false},"author":12,"featured_media":459707,"comment_status":"closed","ping_status":"open","sticky":false,"template":"","format":"standard","meta":{"rop_custom_images_group":[],"rop_custom_messages_group":[],"rop_publish_now":"initial","rop_publish_now_accounts":{"facebook_10159540855086992_322828327761733":""},"rop_publish_now_history":[],"rop_publish_now_status":"pending","footnotes":""},"categories":[208],"tags":[214],"class_list":["post-459706","post","type-post","status-publish","format-standard","has-post-thumbnail","hentry","category-estado","tag-estado","entry"],"_links":{"self":[{"href":"https:\/\/www.zunoticia.com\/noticias-de-hidalgo\/wp-json\/wp\/v2\/posts\/459706","targetHints":{"allow":["GET"]}}],"collection":[{"href":"https:\/\/www.zunoticia.com\/noticias-de-hidalgo\/wp-json\/wp\/v2\/posts"}],"about":[{"href":"https:\/\/www.zunoticia.com\/noticias-de-hidalgo\/wp-json\/wp\/v2\/types\/post"}],"author":[{"embeddable":true,"href":"https:\/\/www.zunoticia.com\/noticias-de-hidalgo\/wp-json\/wp\/v2\/users\/12"}],"replies":[{"embeddable":true,"href":"https:\/\/www.zunoticia.com\/noticias-de-hidalgo\/wp-json\/wp\/v2\/comments?post=459706"}],"version-history":[{"count":1,"href":"https:\/\/www.zunoticia.com\/noticias-de-hidalgo\/wp-json\/wp\/v2\/posts\/459706\/revisions"}],"predecessor-version":[{"id":459709,"href":"https:\/\/www.zunoticia.com\/noticias-de-hidalgo\/wp-json\/wp\/v2\/posts\/459706\/revisions\/459709"}],"wp:featuredmedia":[{"embeddable":true,"href":"https:\/\/www.zunoticia.com\/noticias-de-hidalgo\/wp-json\/wp\/v2\/media\/459707"}],"wp:attachment":[{"href":"https:\/\/www.zunoticia.com\/noticias-de-hidalgo\/wp-json\/wp\/v2\/media?parent=459706"}],"wp:term":[{"taxonomy":"category","embeddable":true,"href":"https:\/\/www.zunoticia.com\/noticias-de-hidalgo\/wp-json\/wp\/v2\/categories?post=459706"},{"taxonomy":"post_tag","embeddable":true,"href":"https:\/\/www.zunoticia.com\/noticias-de-hidalgo\/wp-json\/wp\/v2\/tags?post=459706"}],"curies":[{"name":"wp","href":"https:\/\/api.w.org\/{rel}","templated":true}]}}