{"id":459710,"date":"2022-12-14T19:06:50","date_gmt":"2022-12-15T01:06:50","guid":{"rendered":"https:\/\/www.zunoticia.com\/noticias-de-hidalgo\/?p=459710"},"modified":"2022-12-14T19:06:52","modified_gmt":"2022-12-15T01:06:52","slug":"convoco-contraloria-a-2da-jornada-de-capacitacion-para-la-transformacion-de-hidalgo","status":"publish","type":"post","link":"https:\/\/www.zunoticia.com\/noticias-de-hidalgo\/2022\/12\/14\/convoco-contraloria-a-2da-jornada-de-capacitacion-para-la-transformacion-de-hidalgo\/","title":{"rendered":"Convoc\u00f3 Contralor\u00eda a 2da. jornada de capacitaci\u00f3n para la transformaci\u00f3n de Hidalgo"},"content":{"rendered":"<aside class=\"mashsb-container mashsb-main mashsb-stretched\"><div class=\"mashsb-box\"><div class=\"mashsb-count mash-large\" style=\"float:left\"><div class=\"counts mashsbcount\">0<\/div><span class=\"mashsb-sharetext\">SHARES<\/span><\/div><div class=\"mashsb-buttons\"><a class=\"mashicon-facebook mash-large mash-center mashsb-noshadow\" href=\"https:\/\/www.facebook.com\/sharer.php?u=https%3A%2F%2Fwww.zunoticia.com%2Fnoticias-de-hidalgo%2F2022%2F12%2F14%2Fconvoco-contraloria-a-2da-jornada-de-capacitacion-para-la-transformacion-de-hidalgo%2F\" target=\"_top\" rel=\"nofollow\"><span class=\"icon\"><\/span><span class=\"text\">Share<\/span><\/a><a class=\"mashicon-twitter mash-large mash-center mashsb-noshadow\" href=\"https:\/\/twitter.com\/intent\/tweet?text=&amp;url=https:\/\/www.zunoticia.com\/noticias-de-hidalgo\/2022\/12\/14\/convoco-contraloria-a-2da-jornada-de-capacitacion-para-la-transformacion-de-hidalgo\/\" target=\"_top\" rel=\"nofollow\"><span class=\"icon\"><\/span><span class=\"text\">Tweet<\/span><\/a><div class=\"onoffswitch2 mash-large mashsb-noshadow\" style=\"display:none\"><\/div><\/div>\n            <\/div>\n                <div style=\"clear:both\"><\/div><div class=\"mashsb-toggle-container\"><\/div><\/aside>\n            <!-- Share buttons by mashshare.net - Version: 4.0.47-->\n<ul class=\"wp-block-list\"><li>La capacitaci\u00f3n se realiz\u00f3 del 13 al 16 de diciembre, con un total de 16 horas, en la modalidad h\u00edbrida.<\/li><li>En el evento se firm\u00f3 el convenio de colaboraci\u00f3n Empresa \u00cdntegra, entre CCE, COPARMEX y la Secretar\u00eda de Contralor\u00eda.<\/li><\/ul>\n\n\n\n<p><em>Por Redacci\u00f3n\/Zunoticia<\/em><\/p>\n\n\n\n<p><strong>Pachuca de Soto, Hgo. &#8211; <\/strong>El gobierno del estado a trav\u00e9s de la Secretar\u00eda de Contralor\u00eda, la Secretar\u00eda de Educaci\u00f3n, Secretar\u00eda de Salud, Conferencia Patronal de la Rep\u00fablica Mexicana<\/p>\n\n\n\n<p>(Coparmex), Consejo Coordinador Empresarial, Canaco, Colegios Profesionales de Contadur\u00eda P\u00fablica, el Instituto de Transparencia, Acceso a la informaci\u00f3n P\u00fablica Gubernamental y Protecci\u00f3n de Datos Personales del Estado de Hidalgo y el Sistema Estatal Anticorrupci\u00f3n de Hidalgo, imparten la Segunda Jornada de Capacitaci\u00f3n para la Transformaci\u00f3n de Hidalgo, con sede en el Consejo Coordinador Empresarial.<\/p>\n\n\n\n<p>Del 13 al 16 de diciembre de 2022, con un total de 16 horas, divididas en cuatro horas al d\u00eda, con la modalidad h\u00edbrida (presencial y virtual) se realiz\u00f3 la jornada cuya finalidad es combatir la corrupci\u00f3n, fomentar la transparencia y fortalecer la rendici\u00f3n de cuentas.<\/p>\n\n\n\n<figure class=\"wp-block-image size-large\"><img fetchpriority=\"high\" decoding=\"async\" width=\"1024\" height=\"682\" src=\"https:\/\/www.zunoticia.com\/noticias-de-hidalgo\/wp-content\/uploads\/2022\/12\/WhatsApp-Image-2022-12-14-at-7.04.53-PM-1024x682.jpeg\" alt=\"\" class=\"wp-image-459712\" srcset=\"https:\/\/www.zunoticia.com\/noticias-de-hidalgo\/wp-content\/uploads\/2022\/12\/WhatsApp-Image-2022-12-14-at-7.04.53-PM-1024x682.jpeg 1024w, https:\/\/www.zunoticia.com\/noticias-de-hidalgo\/wp-content\/uploads\/2022\/12\/WhatsApp-Image-2022-12-14-at-7.04.53-PM-300x200.jpeg 300w, https:\/\/www.zunoticia.com\/noticias-de-hidalgo\/wp-content\/uploads\/2022\/12\/WhatsApp-Image-2022-12-14-at-7.04.53-PM-768x512.jpeg 768w, https:\/\/www.zunoticia.com\/noticias-de-hidalgo\/wp-content\/uploads\/2022\/12\/WhatsApp-Image-2022-12-14-at-7.04.53-PM.jpeg 1280w\" sizes=\"(max-width: 1024px) 100vw, 1024px\" \/><\/figure>\n\n\n\n<p>Durante el primer d\u00eda de trabajo, cuatro expositores disertaron sobre diferentes temas: Omar Gonz\u00e1lez Vera, titular de la Unidad de Auditor\u00eda Gubernamental de la Secretar\u00eda de la Funci\u00f3n P\u00fablica, habl\u00f3 sobre el control y la fiscalizaci\u00f3n; Katia Rodr\u00edguez Ramos, titular de la Unidad de Responsabilidades Administrativas, present\u00f3&nbsp; en materia de responsabilidad administrativa de los servidores p\u00fablicos y Octavio Sol\u00eds Cer\u00f3n, presidente de la C\u00e1mara Mexicana de la Industria de la Construcci\u00f3n Delegaci\u00f3n Hidalgo, toc\u00f3 el tema sobre empresas \u00edntegras.&nbsp;<\/p>\n\n\n\n<p>En el evento se llev\u00f3 a cabo la firma de convenio de colaboraci\u00f3n Empresa \u00cdntegra, entre CCE, Coparmex y la Secretar\u00eda de Contralor\u00eda. Por \u00faltimo, se present\u00f3 un conversatorio con el tema \u201cOtorgamiento y expedici\u00f3n de padr\u00f3n de contratistas\u201d, con la participaci\u00f3n de Juan Manuel Batres Campos, presidente de Coparmex Hidalgo, Betsy Alejandra Espinosa del Villar y Rosa Danielle Lina P\u00e9rez de la Direcci\u00f3n General de Padrones y Procedimientos de Contrataci\u00f3n.<\/p>\n","protected":false},"excerpt":{"rendered":"<p>La capacitaci\u00f3n se realiz\u00f3 del 13 al 16 de diciembre, con un total de 16 horas, en la modalidad h\u00edbrida. En el evento se firm\u00f3 el convenio de colaboraci\u00f3n Empresa \u00cdntegra, entre CCE, COPARMEX y la Secretar\u00eda de Contralor\u00eda. Por Redacci\u00f3n\/Zunoticia Pachuca de Soto, Hgo. &#8211; El gobierno del estado a trav\u00e9s de la Secretar\u00eda&hellip; <a class=\"more-link\" href=\"https:\/\/www.zunoticia.com\/noticias-de-hidalgo\/2022\/12\/14\/convoco-contraloria-a-2da-jornada-de-capacitacion-para-la-transformacion-de-hidalgo\/\">Seguir leyendo <span class=\"screen-reader-text\">Convoc\u00f3 Contralor\u00eda a 2da. jornada de capacitaci\u00f3n para la transformaci\u00f3n de Hidalgo<\/span><\/a><\/p>\n","protected":false},"author":12,"featured_media":459711,"comment_status":"closed","ping_status":"open","sticky":false,"template":"","format":"standard","meta":{"rop_custom_images_group":[],"rop_custom_messages_group":[],"rop_publish_now":"initial","rop_publish_now_accounts":{"facebook_10159540855086992_322828327761733":""},"rop_publish_now_history":[],"rop_publish_now_status":"pending","footnotes":""},"categories":[208],"tags":[214],"class_list":["post-459710","post","type-post","status-publish","format-standard","has-post-thumbnail","hentry","category-estado","tag-estado","entry"],"_links":{"self":[{"href":"https:\/\/www.zunoticia.com\/noticias-de-hidalgo\/wp-json\/wp\/v2\/posts\/459710","targetHints":{"allow":["GET"]}}],"collection":[{"href":"https:\/\/www.zunoticia.com\/noticias-de-hidalgo\/wp-json\/wp\/v2\/posts"}],"about":[{"href":"https:\/\/www.zunoticia.com\/noticias-de-hidalgo\/wp-json\/wp\/v2\/types\/post"}],"author":[{"embeddable":true,"href":"https:\/\/www.zunoticia.com\/noticias-de-hidalgo\/wp-json\/wp\/v2\/users\/12"}],"replies":[{"embeddable":true,"href":"https:\/\/www.zunoticia.com\/noticias-de-hidalgo\/wp-json\/wp\/v2\/comments?post=459710"}],"version-history":[{"count":1,"href":"https:\/\/www.zunoticia.com\/noticias-de-hidalgo\/wp-json\/wp\/v2\/posts\/459710\/revisions"}],"predecessor-version":[{"id":459713,"href":"https:\/\/www.zunoticia.com\/noticias-de-hidalgo\/wp-json\/wp\/v2\/posts\/459710\/revisions\/459713"}],"wp:featuredmedia":[{"embeddable":true,"href":"https:\/\/www.zunoticia.com\/noticias-de-hidalgo\/wp-json\/wp\/v2\/media\/459711"}],"wp:attachment":[{"href":"https:\/\/www.zunoticia.com\/noticias-de-hidalgo\/wp-json\/wp\/v2\/media?parent=459710"}],"wp:term":[{"taxonomy":"category","embeddable":true,"href":"https:\/\/www.zunoticia.com\/noticias-de-hidalgo\/wp-json\/wp\/v2\/categories?post=459710"},{"taxonomy":"post_tag","embeddable":true,"href":"https:\/\/www.zunoticia.com\/noticias-de-hidalgo\/wp-json\/wp\/v2\/tags?post=459710"}],"curies":[{"name":"wp","href":"https:\/\/api.w.org\/{rel}","templated":true}]}}