{"id":460284,"date":"2022-12-18T13:53:30","date_gmt":"2022-12-18T19:53:30","guid":{"rendered":"https:\/\/www.zunoticia.com\/noticias-de-hidalgo\/?p=460284"},"modified":"2022-12-18T13:53:32","modified_gmt":"2022-12-18T19:53:32","slug":"realizaran-venta-nocturna-del-21-al-23-en-ahuatitla","status":"publish","type":"post","link":"https:\/\/www.zunoticia.com\/noticias-de-hidalgo\/2022\/12\/18\/realizaran-venta-nocturna-del-21-al-23-en-ahuatitla\/","title":{"rendered":"Realizar\u00e1n venta nocturna del 21 al 23 en Ahuatitla"},"content":{"rendered":"<aside class=\"mashsb-container mashsb-main mashsb-stretched\"><div class=\"mashsb-box\"><div class=\"mashsb-count mash-large\" style=\"float:left\"><div class=\"counts mashsbcount\">10<\/div><span class=\"mashsb-sharetext\">SHARES<\/span><\/div><div class=\"mashsb-buttons\"><a class=\"mashicon-facebook mash-large mash-center mashsb-noshadow\" href=\"https:\/\/www.facebook.com\/sharer.php?u=https%3A%2F%2Fwww.zunoticia.com%2Fnoticias-de-hidalgo%2F2022%2F12%2F18%2Frealizaran-venta-nocturna-del-21-al-23-en-ahuatitla%2F\" target=\"_top\" rel=\"nofollow\"><span class=\"icon\"><\/span><span class=\"text\">Share<\/span><\/a><a class=\"mashicon-twitter mash-large mash-center mashsb-noshadow\" href=\"https:\/\/twitter.com\/intent\/tweet?text=&amp;url=https:\/\/www.zunoticia.com\/noticias-de-hidalgo\/2022\/12\/18\/realizaran-venta-nocturna-del-21-al-23-en-ahuatitla\/\" target=\"_top\" rel=\"nofollow\"><span class=\"icon\"><\/span><span class=\"text\">Tweet<\/span><\/a><div class=\"onoffswitch2 mash-large mashsb-noshadow\" style=\"display:none\"><\/div><\/div>\n            <\/div>\n                <div style=\"clear:both\"><\/div><div class=\"mashsb-toggle-container\"><\/div><\/aside>\n            <!-- Share buttons by mashshare.net - Version: 4.0.47-->\n<p><em>Por \u00c1ngel Silverio\/Zunoticia<\/em><\/p>\n\n\n\n<p><strong>San Felipe Orizatl\u00e1n, Hgo.-<\/strong> Con el fin de apoyar a los emprendedores y generar el consumo local, la delegaci\u00f3n de Ahuatitla, as\u00ed como integrantes de Voluntad y Esperanza estar\u00e1n llevando a cabo una venta nocturna, por lo que hacen extensa la invitaci\u00f3n a todos los habitantes de la localidad y de comunidades circunvecinas.<\/p>\n\n\n\n<p>\u00d3scar Mart\u00ednez Amador, delegado de la comunidad, se\u00f1al\u00f3 que como cada a\u00f1o se estar\u00e1 realizando la tradicional venta nocturna, la cual ser\u00e1 los d\u00edas 21, 22 y 23 de diciembre en el centro de Ahuatitla, iniciando desde las 4:00 de la tarde hasta la media noche, donde los comerciantes estar\u00e1n vendiendo diferentes art\u00edculos para esta navidad.<\/p>\n\n\n\n<p>&#8220;Queremos apoyar a nuestra gente, hemos visto que esta venta cada a\u00f1o es de mucha ayuda para los comerciantes, o j\u00f3venes emprendedores que traen sus servicios, sus productos, sabemos que la situaci\u00f3n est\u00e1 dif\u00edcil, y si podemos hacer algo por apoyar en la econom\u00eda familiar de nuestros habitantes, pues lo haremos, gracias a la coordinaci\u00f3n con los amigos de Voluntad y Esperanza, para poder realizar esto&#8221; expres\u00f3.<\/p>\n\n\n\n<p>Finalmente, dijo que pueden acudir con toda la familia, ya que se contar\u00e1 con la seguridad de los elementos de la delegaci\u00f3n, apoyados por la polic\u00eda municipal, teniendo as\u00ed un ambiente tranquilo y familiar.<\/p>\n","protected":false},"excerpt":{"rendered":"<p>Por \u00c1ngel Silverio\/Zunoticia San Felipe Orizatl\u00e1n, Hgo.- Con el fin de apoyar a los emprendedores y generar el consumo local, la delegaci\u00f3n de Ahuatitla, as\u00ed como integrantes de Voluntad y Esperanza estar\u00e1n llevando a cabo una venta nocturna, por lo que hacen extensa la invitaci\u00f3n a todos los habitantes de la localidad y de comunidades&hellip; <a class=\"more-link\" href=\"https:\/\/www.zunoticia.com\/noticias-de-hidalgo\/2022\/12\/18\/realizaran-venta-nocturna-del-21-al-23-en-ahuatitla\/\">Seguir leyendo <span class=\"screen-reader-text\">Realizar\u00e1n venta nocturna del 21 al 23 en Ahuatitla<\/span><\/a><\/p>\n","protected":false},"author":12,"featured_media":460280,"comment_status":"closed","ping_status":"open","sticky":false,"template":"","format":"standard","meta":{"rop_custom_images_group":[],"rop_custom_messages_group":[],"rop_publish_now":"initial","rop_publish_now_accounts":{"facebook_10159540855086992_322828327761733":""},"rop_publish_now_history":[],"rop_publish_now_status":"pending","footnotes":""},"categories":[180],"tags":[129],"class_list":["post-460284","post","type-post","status-publish","format-standard","has-post-thumbnail","hentry","category-orizatlan","tag-orizatlan","entry"],"_links":{"self":[{"href":"https:\/\/www.zunoticia.com\/noticias-de-hidalgo\/wp-json\/wp\/v2\/posts\/460284","targetHints":{"allow":["GET"]}}],"collection":[{"href":"https:\/\/www.zunoticia.com\/noticias-de-hidalgo\/wp-json\/wp\/v2\/posts"}],"about":[{"href":"https:\/\/www.zunoticia.com\/noticias-de-hidalgo\/wp-json\/wp\/v2\/types\/post"}],"author":[{"embeddable":true,"href":"https:\/\/www.zunoticia.com\/noticias-de-hidalgo\/wp-json\/wp\/v2\/users\/12"}],"replies":[{"embeddable":true,"href":"https:\/\/www.zunoticia.com\/noticias-de-hidalgo\/wp-json\/wp\/v2\/comments?post=460284"}],"version-history":[{"count":1,"href":"https:\/\/www.zunoticia.com\/noticias-de-hidalgo\/wp-json\/wp\/v2\/posts\/460284\/revisions"}],"predecessor-version":[{"id":460285,"href":"https:\/\/www.zunoticia.com\/noticias-de-hidalgo\/wp-json\/wp\/v2\/posts\/460284\/revisions\/460285"}],"wp:featuredmedia":[{"embeddable":true,"href":"https:\/\/www.zunoticia.com\/noticias-de-hidalgo\/wp-json\/wp\/v2\/media\/460280"}],"wp:attachment":[{"href":"https:\/\/www.zunoticia.com\/noticias-de-hidalgo\/wp-json\/wp\/v2\/media?parent=460284"}],"wp:term":[{"taxonomy":"category","embeddable":true,"href":"https:\/\/www.zunoticia.com\/noticias-de-hidalgo\/wp-json\/wp\/v2\/categories?post=460284"},{"taxonomy":"post_tag","embeddable":true,"href":"https:\/\/www.zunoticia.com\/noticias-de-hidalgo\/wp-json\/wp\/v2\/tags?post=460284"}],"curies":[{"name":"wp","href":"https:\/\/api.w.org\/{rel}","templated":true}]}}