{"id":460289,"date":"2022-12-18T14:08:40","date_gmt":"2022-12-18T20:08:40","guid":{"rendered":"https:\/\/www.zunoticia.com\/noticias-de-hidalgo\/?p=460289"},"modified":"2022-12-18T14:08:41","modified_gmt":"2022-12-18T20:08:41","slug":"a-proposito-de-la-inauguracion-de-la-feria-de-nochebuena-2022","status":"publish","type":"post","link":"https:\/\/www.zunoticia.com\/noticias-de-hidalgo\/2022\/12\/18\/a-proposito-de-la-inauguracion-de-la-feria-de-nochebuena-2022\/","title":{"rendered":"A prop\u00f3sito de la inauguraci\u00f3n de la &#8220;Feria de Nochebuena 2022&#8221;"},"content":{"rendered":"<aside class=\"mashsb-container mashsb-main mashsb-stretched\"><div class=\"mashsb-box\"><div class=\"mashsb-count mash-large\" style=\"float:left\"><div class=\"counts mashsbcount\">32<\/div><span class=\"mashsb-sharetext\">SHARES<\/span><\/div><div class=\"mashsb-buttons\"><a class=\"mashicon-facebook mash-large mash-center mashsb-noshadow\" href=\"https:\/\/www.facebook.com\/sharer.php?u=https%3A%2F%2Fwww.zunoticia.com%2Fnoticias-de-hidalgo%2F2022%2F12%2F18%2Fa-proposito-de-la-inauguracion-de-la-feria-de-nochebuena-2022%2F\" target=\"_top\" rel=\"nofollow\"><span class=\"icon\"><\/span><span class=\"text\">Share<\/span><\/a><a class=\"mashicon-twitter mash-large mash-center mashsb-noshadow\" href=\"https:\/\/twitter.com\/intent\/tweet?text=&amp;url=https:\/\/www.zunoticia.com\/noticias-de-hidalgo\/2022\/12\/18\/a-proposito-de-la-inauguracion-de-la-feria-de-nochebuena-2022\/\" target=\"_top\" rel=\"nofollow\"><span class=\"icon\"><\/span><span class=\"text\">Tweet<\/span><\/a><div class=\"onoffswitch2 mash-large mashsb-noshadow\" style=\"display:none\"><\/div><\/div>\n            <\/div>\n                <div style=\"clear:both\"><\/div><div class=\"mashsb-toggle-container\"><\/div><\/aside>\n            <!-- Share buttons by mashshare.net - Version: 4.0.47-->\n<p><em>Por Salvador Altamirano\/Zunoticia<\/em><\/p>\n\n\n\n<p><strong>Huejutla, Hgo.-<\/strong> Siempre en una madrugada del fr\u00edo mes de diciembre, bajando por Barrio Arriba se escuchaba el tintineo del cencerro de la mula gu\u00eda y enseguidita el tropel de la manada, de inmediato el jolgorio empezaba, entraban en acci\u00f3n las fonderas, tamaleras, axocoteras, aguadores y aguardenteros, as\u00ed como los promotores, traductores y enganchadores para la venta de las bestias, se formaban c\u00edrculos de reuni\u00f3n amenizados por tr\u00edos de huapangueros y grupos de m\u00fasica de viento que animaban a vendedores y compradores.<\/p>\n\n\n\n<p>Lo anterior, fue expresado por familiares de quien en vida respond\u00eda al nombre de Manuel P\u00e9rez Hern\u00e1ndez, agregando que entre los a\u00f1os de 1925 y 1950, as\u00ed iniciaba la tradicional &#8220;Feria de Nochebuena&#8221;, la llegada de esos comerciantes que eran conocidos como &#8220;colonches&#8221;, provenientes del norte de Tamaulipas, era la inauguraci\u00f3n del festejo.<\/p>\n\n\n\n<p>Aseguraron que as\u00ed se los contaba su pariente, quien agregaba que durante su estancia en Huejutla atend\u00edan el comercio de mulas y machos en cuatro corrales que se encontraban al final de la calle Durango, hoy Vel\u00e1zquez Ibarra, en un terreno que era propiedad de una se\u00f1ora llamada Alicia Andrade (do\u00f1a Hicha).<\/p>\n\n\n\n<p>A pregunta formulada, refirieron que el arribo de los legendarios colonches a la feria de Huejutla empez\u00f3 concluida la Revoluci\u00f3n Mexicana, en los albores del Alzamiento Cristero, entre los a\u00f1os de 1925 y 1926, dejando de venir a realizar su peculiar comercio en 1950, con el cual no s\u00f3lo se favorec\u00edan ellos, tambi\u00e9n dejaban beneficios al pueblo, pagaban uso de corrales y potreros, alojamiento y contrataban de manera temporal al personal que laboraba en los corrales.<\/p>\n\n\n\n<p>Para finalizar, comentaron que, al dejar de venir los colonches la Feria de Nochebuena cobr\u00f3 m\u00e1s fuerza con la inclusi\u00f3n de las jugadas de gallos, una de las suertes m\u00e1s gustadas de los huastecos, as\u00ed como la venta de productos t\u00edpicos de la regi\u00f3n, culminando el festejo con celebraciones de ritos cristianos, danzas aut\u00f3ctonas y fandangos.<\/p>\n","protected":false},"excerpt":{"rendered":"<p>Por Salvador Altamirano\/Zunoticia Huejutla, Hgo.- Siempre en una madrugada del fr\u00edo mes de diciembre, bajando por Barrio Arriba se escuchaba el tintineo del cencerro de la mula gu\u00eda y enseguidita el tropel de la manada, de inmediato el jolgorio empezaba, entraban en acci\u00f3n las fonderas, tamaleras, axocoteras, aguadores y aguardenteros, as\u00ed como los promotores, traductores&hellip; <a class=\"more-link\" href=\"https:\/\/www.zunoticia.com\/noticias-de-hidalgo\/2022\/12\/18\/a-proposito-de-la-inauguracion-de-la-feria-de-nochebuena-2022\/\">Seguir leyendo <span class=\"screen-reader-text\">A prop\u00f3sito de la inauguraci\u00f3n de la &#8220;Feria de Nochebuena 2022&#8221;<\/span><\/a><\/p>\n","protected":false},"author":12,"featured_media":460281,"comment_status":"closed","ping_status":"open","sticky":false,"template":"","format":"standard","meta":{"rop_custom_images_group":[],"rop_custom_messages_group":[],"rop_publish_now":"initial","rop_publish_now_accounts":{"facebook_10159540855086992_322828327761733":""},"rop_publish_now_history":[],"rop_publish_now_status":"pending","footnotes":""},"categories":[181],"tags":[121],"class_list":["post-460289","post","type-post","status-publish","format-standard","has-post-thumbnail","hentry","category-huejutla","tag-huejutla","entry"],"_links":{"self":[{"href":"https:\/\/www.zunoticia.com\/noticias-de-hidalgo\/wp-json\/wp\/v2\/posts\/460289","targetHints":{"allow":["GET"]}}],"collection":[{"href":"https:\/\/www.zunoticia.com\/noticias-de-hidalgo\/wp-json\/wp\/v2\/posts"}],"about":[{"href":"https:\/\/www.zunoticia.com\/noticias-de-hidalgo\/wp-json\/wp\/v2\/types\/post"}],"author":[{"embeddable":true,"href":"https:\/\/www.zunoticia.com\/noticias-de-hidalgo\/wp-json\/wp\/v2\/users\/12"}],"replies":[{"embeddable":true,"href":"https:\/\/www.zunoticia.com\/noticias-de-hidalgo\/wp-json\/wp\/v2\/comments?post=460289"}],"version-history":[{"count":1,"href":"https:\/\/www.zunoticia.com\/noticias-de-hidalgo\/wp-json\/wp\/v2\/posts\/460289\/revisions"}],"predecessor-version":[{"id":460290,"href":"https:\/\/www.zunoticia.com\/noticias-de-hidalgo\/wp-json\/wp\/v2\/posts\/460289\/revisions\/460290"}],"wp:featuredmedia":[{"embeddable":true,"href":"https:\/\/www.zunoticia.com\/noticias-de-hidalgo\/wp-json\/wp\/v2\/media\/460281"}],"wp:attachment":[{"href":"https:\/\/www.zunoticia.com\/noticias-de-hidalgo\/wp-json\/wp\/v2\/media?parent=460289"}],"wp:term":[{"taxonomy":"category","embeddable":true,"href":"https:\/\/www.zunoticia.com\/noticias-de-hidalgo\/wp-json\/wp\/v2\/categories?post=460289"},{"taxonomy":"post_tag","embeddable":true,"href":"https:\/\/www.zunoticia.com\/noticias-de-hidalgo\/wp-json\/wp\/v2\/tags?post=460289"}],"curies":[{"name":"wp","href":"https:\/\/api.w.org\/{rel}","templated":true}]}}