{"id":460291,"date":"2022-12-18T14:19:25","date_gmt":"2022-12-18T20:19:25","guid":{"rendered":"https:\/\/www.zunoticia.com\/noticias-de-hidalgo\/?p=460291"},"modified":"2022-12-18T14:19:26","modified_gmt":"2022-12-18T20:19:26","slug":"pide-issste-hidalgo-no-bajar-la-guardia-ante-enfermedades-respiratorias-en-fiestas-decembrinas","status":"publish","type":"post","link":"https:\/\/www.zunoticia.com\/noticias-de-hidalgo\/2022\/12\/18\/pide-issste-hidalgo-no-bajar-la-guardia-ante-enfermedades-respiratorias-en-fiestas-decembrinas\/","title":{"rendered":"Pide Issste Hidalgo no bajar la guardia ante enfermedades respiratorias en fiestas decembrinas"},"content":{"rendered":"<aside class=\"mashsb-container mashsb-main mashsb-stretched\"><div class=\"mashsb-box\"><div class=\"mashsb-count mash-large\" style=\"float:left\"><div class=\"counts mashsbcount\">13<\/div><span class=\"mashsb-sharetext\">SHARES<\/span><\/div><div class=\"mashsb-buttons\"><a class=\"mashicon-facebook mash-large mash-center mashsb-noshadow\" href=\"https:\/\/www.facebook.com\/sharer.php?u=https%3A%2F%2Fwww.zunoticia.com%2Fnoticias-de-hidalgo%2F2022%2F12%2F18%2Fpide-issste-hidalgo-no-bajar-la-guardia-ante-enfermedades-respiratorias-en-fiestas-decembrinas%2F\" target=\"_top\" rel=\"nofollow\"><span class=\"icon\"><\/span><span class=\"text\">Share<\/span><\/a><a class=\"mashicon-twitter mash-large mash-center mashsb-noshadow\" href=\"https:\/\/twitter.com\/intent\/tweet?text=&amp;url=https:\/\/www.zunoticia.com\/noticias-de-hidalgo\/2022\/12\/18\/pide-issste-hidalgo-no-bajar-la-guardia-ante-enfermedades-respiratorias-en-fiestas-decembrinas\/\" target=\"_top\" rel=\"nofollow\"><span class=\"icon\"><\/span><span class=\"text\">Tweet<\/span><\/a><div class=\"onoffswitch2 mash-large mashsb-noshadow\" style=\"display:none\"><\/div><\/div>\n            <\/div>\n                <div style=\"clear:both\"><\/div><div class=\"mashsb-toggle-container\"><\/div><\/aside>\n            <!-- Share buttons by mashshare.net - Version: 4.0.47-->\n<ul class=\"wp-block-list\"><li>Exhorta Consuelo Cabrera; Subdelegada m\u00e9dica, a reforzar las medidas preventivas durante la temporada invernal 2022-2023.<\/li><\/ul>\n\n\n\n<p>Por Redacci\u00f3n\/Zunoticia<\/p>\n\n\n\n<p><strong>Pachuca, Hgo.-<\/strong> La temporada invernal comenz\u00f3 el pasado 3 de octubre del 2022 y concluye el 31 de marzo del 2023, y lo que el Issste busca en la poblaci\u00f3n en general, es intensificar las medidas preventivas a lo que corresponde en Infecciones Respiratorias Agudas.<\/p>\n\n\n\n<p>Dentro de estas se encuentra la influenza que consiste en una enfermedad respiratoria contagiosa, que se transmite de persona a persona (el virus entra al organismo por la boca, nariz y ojos), a trav\u00e9s de gotitas de saliva que se expulsan al estornudar o toser; tambi\u00e9n al saludar de mano, beso o abrazo a una persona enferma de una infecci\u00f3n respiratoria, dentro de las medidas preventivas en el Issste Hidalgo se cuenta con la vacuna contra la influenza desde el pasado mes de octubre, teniendo un total de 80 mil 741 dosis, de las cuales se ha aplicado m\u00e1s de un 70%.<\/p>\n\n\n\n<p>Los s\u00edntomas m\u00e1s comunes son: Fiebre arriba de 38\u00b0C, tos y dolor de cabeza, acompa\u00f1ados de uno o m\u00e1s de los siguientes signos:<\/p>\n\n\n\n<p>Escurrimiento nasal<\/p>\n\n\n\n<p>Enrojecimiento nasal<\/p>\n\n\n\n<p>Congesti\u00f3n nasal<\/p>\n\n\n\n<p>Dolor de articulaciones<\/p>\n\n\n\n<p>Dolor muscular<\/p>\n\n\n\n<p>Decaimiento (postraci\u00f3n)<\/p>\n\n\n\n<p>Dolor al tragar<\/p>\n\n\n\n<p>Dolor de pecho<\/p>\n\n\n\n<p>Dolor de est\u00f3mago<\/p>\n\n\n\n<p>Diarrea<\/p>\n\n\n\n<p>Se recomienda la aplicaci\u00f3n de la vacuna contra la influenza a personal de salud, &nbsp;ni\u00f1as o ni\u00f1os de 6 meses a 59 meses de edad, personas mayores de 60 a\u00f1os, mujeres embarazadas en cualquier trimestre de gestaci\u00f3n, personas que padezcan enfermedades cr\u00f3nicas, como enfermedades vas culares (hipertensi\u00f3n), enfermedades cardiacas, Diabetes, VIH\/SIDA o que por la enfermedad o alg\u00fan tratamiento, se tenga comprometido el sistema inmune.<\/p>\n\n\n\n<p>Consuelo Cabrera, hace un llamado a la poblaci\u00f3n para que acuda a sus unidades m\u00e9dicas m\u00e1s cercanas para que se vacunen, as\u00ed como atender las medidas preventivas como son:<\/p>\n\n\n\n<p>Reforzar defensas de ni\u00f1as y ni\u00f1os, as\u00ed como de adultos mayores con alimentos altos en vitamina \u201cA\u201d y \u201cC\u201d<\/p>\n\n\n\n<p>Tomar abundantes l\u00edquidos<\/p>\n\n\n\n<p>Abrigarse bien al salir con ropa gruesa<\/p>\n\n\n\n<p>Usarcorrectamente el cubreboca<\/p>\n\n\n\n<p>Lavarse las manos correcta y frecuentemente con agua y jab\u00f3n<\/p>\n\n\n\n<p>Toser y estornudar cubriendose con el \u00e1ngulo interno del brazo (estornudo de etiqueta)<\/p>\n\n\n\n<p>Si presenta s\u00edntomas, acudir de inmediato con su m\u00e9dico tratante<\/p>\n\n\n\n<p>Evitar cambios bruscos de temperatura<\/p>\n\n\n\n<p>No automedicarse<\/p>\n\n\n\n<p>El instituto cuenta con 15 puestos de vacunaci\u00f3n, as\u00ed como en las Oficinas de Representaci\u00f3n Estatal y en el Hospital General \u201cDra. Columba Rivera Osorio\u201d, se aplica el biol\u00f3gico a la poblaci\u00f3n derechohabiente y no derechohabiente.<\/p>\n","protected":false},"excerpt":{"rendered":"<p>Exhorta Consuelo Cabrera; Subdelegada m\u00e9dica, a reforzar las medidas preventivas durante la temporada invernal 2022-2023. Por Redacci\u00f3n\/Zunoticia Pachuca, Hgo.- La temporada invernal comenz\u00f3 el pasado 3 de octubre del 2022 y concluye el 31 de marzo del 2023, y lo que el Issste busca en la poblaci\u00f3n en general, es intensificar las medidas preventivas a&hellip; <a class=\"more-link\" href=\"https:\/\/www.zunoticia.com\/noticias-de-hidalgo\/2022\/12\/18\/pide-issste-hidalgo-no-bajar-la-guardia-ante-enfermedades-respiratorias-en-fiestas-decembrinas\/\">Seguir leyendo <span class=\"screen-reader-text\">Pide Issste Hidalgo no bajar la guardia ante enfermedades respiratorias en fiestas decembrinas<\/span><\/a><\/p>\n","protected":false},"author":12,"featured_media":460292,"comment_status":"closed","ping_status":"open","sticky":false,"template":"","format":"standard","meta":{"rop_custom_images_group":[],"rop_custom_messages_group":[],"rop_publish_now":"initial","rop_publish_now_accounts":{"facebook_10159540855086992_322828327761733":""},"rop_publish_now_history":[],"rop_publish_now_status":"pending","footnotes":""},"categories":[208],"tags":[214],"class_list":["post-460291","post","type-post","status-publish","format-standard","has-post-thumbnail","hentry","category-estado","tag-estado","entry"],"_links":{"self":[{"href":"https:\/\/www.zunoticia.com\/noticias-de-hidalgo\/wp-json\/wp\/v2\/posts\/460291","targetHints":{"allow":["GET"]}}],"collection":[{"href":"https:\/\/www.zunoticia.com\/noticias-de-hidalgo\/wp-json\/wp\/v2\/posts"}],"about":[{"href":"https:\/\/www.zunoticia.com\/noticias-de-hidalgo\/wp-json\/wp\/v2\/types\/post"}],"author":[{"embeddable":true,"href":"https:\/\/www.zunoticia.com\/noticias-de-hidalgo\/wp-json\/wp\/v2\/users\/12"}],"replies":[{"embeddable":true,"href":"https:\/\/www.zunoticia.com\/noticias-de-hidalgo\/wp-json\/wp\/v2\/comments?post=460291"}],"version-history":[{"count":1,"href":"https:\/\/www.zunoticia.com\/noticias-de-hidalgo\/wp-json\/wp\/v2\/posts\/460291\/revisions"}],"predecessor-version":[{"id":460293,"href":"https:\/\/www.zunoticia.com\/noticias-de-hidalgo\/wp-json\/wp\/v2\/posts\/460291\/revisions\/460293"}],"wp:featuredmedia":[{"embeddable":true,"href":"https:\/\/www.zunoticia.com\/noticias-de-hidalgo\/wp-json\/wp\/v2\/media\/460292"}],"wp:attachment":[{"href":"https:\/\/www.zunoticia.com\/noticias-de-hidalgo\/wp-json\/wp\/v2\/media?parent=460291"}],"wp:term":[{"taxonomy":"category","embeddable":true,"href":"https:\/\/www.zunoticia.com\/noticias-de-hidalgo\/wp-json\/wp\/v2\/categories?post=460291"},{"taxonomy":"post_tag","embeddable":true,"href":"https:\/\/www.zunoticia.com\/noticias-de-hidalgo\/wp-json\/wp\/v2\/tags?post=460291"}],"curies":[{"name":"wp","href":"https:\/\/api.w.org\/{rel}","templated":true}]}}